{"id":62386,"date":"2023-02-05T17:25:08","date_gmt":"2023-02-05T23:25:08","guid":{"rendered":"https:\/\/redsemlac.com\/semmexico\/?p=62386"},"modified":"2023-02-05T17:25:10","modified_gmt":"2023-02-05T23:25:10","slug":"a-106-anos-de-la-constitucion-de-1917-la-presidenta-de-la-suprema-corte-de-justicia-se-compromete-con-las-mujeres-reconocen-las-rebeldes-con-causa","status":"publish","type":"post","link":"https:\/\/redsemlac.com\/semmexico\/a-106-anos-de-la-constitucion-de-1917-la-presidenta-de-la-suprema-corte-de-justicia-se-compromete-con-las-mujeres-reconocen-las-rebeldes-con-causa\/","title":{"rendered":"A 106 a\u00f1os de la Constituci\u00f3n de 1917, la presidenta de la Suprema Corte de Justicia se compromete con las mujeres, reconocen las Rebeldes con Causa"},"content":{"rendered":"\n<p class=\"wp-block-paragraph\">Exigen al Congreso garantizar plenamente los derechos de las mujeres en la Constituci\u00f3n<\/p>\n\n\n\n<p class=\"wp-block-paragraph\">Congreso debe avanzar: aprobar&nbsp; el Senado el Sistema Nacional de Cuidados y&nbsp; la ley 3 de 3 contra la violencia<\/p>\n\n\n\n<p class=\"wp-block-paragraph\">Redacci\u00f3n<\/p>\n\n\n\n<p class=\"wp-block-paragraph\">SemM\u00e9xico, Ciudad de M\u00e9xico, 5 de febrero, 2023.- Conocidas como Rebeldes con Causa, 4 ex diputadas se pronunciaron por el Estado de Derecho y la democracia en este 106 aniversario de la promulgaci\u00f3n de la Constituci\u00f3n de 1917 y le recordaron a las diputadas y diputados que deben avanzar en los derechos pendientes a incluir en la Carta Magna, sin dilaci\u00f3n, como el Sistema Nacional de Cuidados que est\u00e1 pendiente hace m\u00e1s de dos a\u00f1os.<\/p>\n\n\n\n<p class=\"wp-block-paragraph\">En un comunicado oficial la Red de Rebeldes con Causa integrada por Laura Ang\u00e9lica Rojas Hern\u00e1ndez, Ver\u00f3nica Ju\u00e1rez Pi\u00f1a, Lorena Villavicencio Ayala y Martha Tagle Mart\u00ednez externaron su benepl\u00e1cito por que por primera vez una mujer acude al acto conmemorativo en representaci\u00f3n del Poder Judicial, la presidenta de la Suprema Corte de Justicia de la Naci\u00f3n SCJN, ministra Norma Luc\u00eda Pi\u00f1a Hern\u00e1ndez.<\/p>\n\n\n\n<p class=\"wp-block-paragraph\">&nbsp;Se\u00f1alaron que la llegada de una mujer al frente de la Corte, con el perfil de la ministra Pi\u00f1a Hern\u00e1ndez, representa el esfuerzo de muchas generaciones de mujeres para abrir espacios de poder y representaci\u00f3n, y es una buena se\u00f1al para avanzar en el acceso de las mujeres a la Justicia.<\/p>\n\n\n\n<p class=\"wp-block-paragraph\">Esta ma\u00f1ana en el Teatro de la Rep\u00fablica, en la ceremonia oficial del aniversario de la Constituci\u00f3n, la presidenta ministra de la Corte, expres\u00f3 con nitidez estar comprometida con la progresividad de los derechos humanos y expres\u00f3 su una clara conciencia de g\u00e9nero, al se\u00f1alar que trabajar\u00e1 en la reducci\u00f3n de las brechas de g\u00e9nero y la construcci\u00f3n de una sociedad m\u00e1s igualitaria.<\/p>\n\n\n\n<p class=\"wp-block-paragraph\">Y como las feministas, la ministra Pi\u00f1a Hern\u00e1ndez defendi\u00f3 la independencia del Poder Judicial, como el principio que garantiza una \u201cadecuada impartici\u00f3n de justicia\u201d.<\/p>\n\n\n\n<p class=\"wp-block-paragraph\">En ese mismo marco, las Rebeldes con Causa recordaron que, a lo largo de la historia, las mujeres mexicanas han dado batallas importantes para que se garanticen sus derechos en la Constituci\u00f3n, principalmente &nbsp;los derechos pol\u00edticos, &#8211; como lo hizo Hermila Galindo Acosta, en ese Teatro de la Rep\u00fablica hace 106 a\u00f1os-, no obstante las tres ex diputadas de varios partidos pol\u00edticos &nbsp;puntualizaron que han tenido que ir avanzando contra resistencias que a cada rato pretenden dar vuelta atr\u00e1s o dejar sin garant\u00edas a los derechos de las mujeres, pretensi\u00f3n que evita &nbsp;ejercerlos plenamente.<\/p>\n\n\n\n<p class=\"wp-block-paragraph\">&nbsp;\u201cLas mujeres hemos apostado al Estado de derecho y la democracia, pues estamos convencidas de que solo con apego a las leyes podremos avanzar a una sociedad m\u00e1s justa, equitativa e igualitaria.\u201d<\/p>\n\n\n\n<p class=\"wp-block-paragraph\">Festejando la promulgaci\u00f3n de la Carta Magna, exigieron a las y los legisladores que en el periodo de sesiones que acaba de comenzar se concreten reformas pendientes que son estructurales para modificar las condiciones de vida de las mujeres.<\/p>\n\n\n\n<p class=\"wp-block-paragraph\">\u201cNo admitiremos m\u00e1s discursos que no pasan de demagogia, queremos acciones, y lo que les toca a los legisladores es avanzar en las leyes pendientes\u201d, advirtieron.<\/p>\n\n\n\n<p class=\"wp-block-paragraph\">Insistieron en que el Senado apruebe la minuta de reforma a la constituci\u00f3n que reconoce el derecho al cuidado y establece obligaciones para que el Estado mexicano instale un sistema nacional de cuidados, aprobada por unanimidad en la C\u00e1mara de Diputados el 18 de noviembre, de 2020.<\/p>\n\n\n\n<p class=\"wp-block-paragraph\">Reforma que elevar a rango constitucional el Sistema Nacional de Cuidados, y que est\u00e1 detenida en senadores. Se trata de una reforma cuyo eje es la corresponsabilidad del Estado, el mercado, la comunidad, las familias, los hombres y las mujeres para hacer efectivo el derecho a los cuidados del nacimiento a la vejez como de inter\u00e9s p\u00fablico.<\/p>\n\n\n\n<p class=\"wp-block-paragraph\">Empuja la importancia de que las mujeres se incorporen al mercado, se desarrollen y tengan derechos efectivos. lo que significar\u00eda un cambio fundamental para descargar a las mujeres de tareas dom\u00e9sticas y de cuidado que recaen casi exclusivamente en ellas y las limita de oportunidades de desarrollo, destacaron las Rebeldes. Y puntualizaron que \u201creconocer el valor de los cuidados y dar cubertura de seguridad social e ingresos a quienes se dedican exclusivamente a estas tareas\u201d, ser\u00eda un avance y no s\u00f3lo discursos.<\/p>\n\n\n\n<p class=\"wp-block-paragraph\">Otro de los temas pendientes en el congreso, de los que recientemente la Corte se pronunci\u00f3 al resolver impugnaciones a reformas en Nuevo Le\u00f3n y Yucat\u00e1n, es la medida conocida como 3de3 contra la violencia, que busca establecer como requisito de acceso a cargos y candidaturas, individuos que no tengan antecedentes de violencia sexual, familiar ni sean deudores alimentarios, con el objetivo de limitar el acceso de agresores a espacios de poder.<\/p>\n\n\n\n<p class=\"wp-block-paragraph\">&nbsp;\u201cLa legislatura de la paridad debe dar resultados, las mujeres estamos a la expectativa de un compromiso palpable con la igualdad sustantiva\u201d, concluyeron.<\/p>\n","protected":false},"excerpt":{"rendered":"<p>Exigen al Congreso garantizar plenamente los derechos de las mujeres en la Constituci\u00f3n<\/p>\n","protected":false},"author":3,"featured_media":62387,"comment_status":"open","ping_status":"open","sticky":false,"template":"","format":"standard","meta":{"_monsterinsights_skip_tracking":false,"footnotes":""},"categories":[54],"tags":[],"class_list":["post-62386","post","type-post","status-publish","format-standard","has-post-thumbnail","category-mujeres"],"_links":{"self":[{"href":"https:\/\/redsemlac.com\/semmexico\/wp-json\/wp\/v2\/posts\/62386","targetHints":{"allow":["GET"]}}],"collection":[{"href":"https:\/\/redsemlac.com\/semmexico\/wp-json\/wp\/v2\/posts"}],"about":[{"href":"https:\/\/redsemlac.com\/semmexico\/wp-json\/wp\/v2\/types\/post"}],"author":[{"embeddable":true,"href":"https:\/\/redsemlac.com\/semmexico\/wp-json\/wp\/v2\/users\/3"}],"replies":[{"embeddable":true,"href":"https:\/\/redsemlac.com\/semmexico\/wp-json\/wp\/v2\/comments?post=62386"}],"version-history":[{"count":0,"href":"https:\/\/redsemlac.com\/semmexico\/wp-json\/wp\/v2\/posts\/62386\/revisions"}],"wp:featuredmedia":[{"embeddable":true,"href":"https:\/\/redsemlac.com\/semmexico\/wp-json\/wp\/v2\/media\/62387"}],"wp:attachment":[{"href":"https:\/\/redsemlac.com\/semmexico\/wp-json\/wp\/v2\/media?parent=62386"}],"wp:term":[{"taxonomy":"category","embeddable":true,"href":"https:\/\/redsemlac.com\/semmexico\/wp-json\/wp\/v2\/categories?post=62386"},{"taxonomy":"post_tag","embeddable":true,"href":"https:\/\/redsemlac.com\/semmexico\/wp-json\/wp\/v2\/tags?post=62386"}],"curies":[{"name":"wp","href":"https:\/\/api.w.org\/{rel}","templated":true}]}}