{"id":62383,"date":"2023-02-05T16:05:51","date_gmt":"2023-02-05T22:05:51","guid":{"rendered":"https:\/\/redsemlac.com\/semmexico\/?p=62383"},"modified":"2023-02-05T16:05:53","modified_gmt":"2023-02-05T22:05:53","slug":"como-las-mujeres-la-presidenta-de-la-suprema-corte-defiende-la-autonomia-e-independencia-del-poder-judicial-y-anuncia-promover-la-igualdad-de-genero","status":"publish","type":"post","link":"https:\/\/redsemlac.com\/semmexico\/como-las-mujeres-la-presidenta-de-la-suprema-corte-defiende-la-autonomia-e-independencia-del-poder-judicial-y-anuncia-promover-la-igualdad-de-genero\/","title":{"rendered":"Como las mujeres, la presidenta de la Suprema Corte, defiende la autonom\u00eda e independencia del Poder Judicial y anuncia promover la igualdad de g\u00e9nero"},"content":{"rendered":"\n<p class=\"wp-block-paragraph\">Oradora en el 106 aniversario de la promulgaci\u00f3n de la Constituci\u00f3n de 1917, se pronuncia por defender los derechos humanos y su progresividad<\/p>\n\n\n\n<p class=\"wp-block-paragraph\">Llama a la clase pol\u00edtica a cumplir con la unidad nacional y censura las reuniones est\u00e9riles, pide cumplimiento cabal de la Carta Magna<\/p>\n\n\n\n<p class=\"wp-block-paragraph\">Sara Lovera<\/p>\n\n\n\n<p class=\"wp-block-paragraph\">SemM\u00e9xico, Ciudad de M\u00e9xico, 5 de febrero, 2023.- Ante los representantes de la Rep\u00fablica, con motivo del 106 aniversario de la promulgaci\u00f3n de la Constituci\u00f3n de 1917, la ministra presidenta de la Suprema Corte de Justicia, Norma Luc\u00eda Pi\u00f1a Hern\u00e1ndez,&nbsp; defendi\u00f3, como las mujeres, la autonom\u00eda del poder judicial y advirti\u00f3 a la audiencia, presidida por el presidente Andr\u00e9s Manuel L\u00f3pez Obrador&nbsp; que la independencia judicial \u201cno es un privilegio de los jueces\u201d, sino el principio que garantiza una \u201cadecuada impartici\u00f3n de justicia\u201d.<\/p>\n\n\n\n<p class=\"wp-block-paragraph\">Habl\u00f3, adem\u00e1s, sin ambages, que est\u00e1 comprometida para cerrar las brechas de desigualdad entre hombres y mujeres, y a defender la progresividad de los derechos humanos, en alusi\u00f3n a los cambios constitucionales que podr\u00edan afectar la paridad electoral signada en la Constituci\u00f3n.<\/p>\n\n\n\n<p class=\"wp-block-paragraph\">Tambi\u00e9n les dijo, en el centro del Teatro de la Rep\u00fablica en Quer\u00e9taro, a gobernadores, ministros, congresistas, y muchas y muchos funcionarios que estaban ah\u00ed aplaudiendo, que la independencia del poder judicial, es hacer efectivas las libertades y la igualaci\u00f3n de los ciudadanos y ciudadanas mexicanas.<\/p>\n\n\n\n<p class=\"wp-block-paragraph\">Su discurso conducido por un lenguaje inclusivo, a diferencia de otras personas al hablar de la zaga que dio lugar al Constituci\u00f3n de 1917, como resultado de la Revoluci\u00f3n Mexicana, le dijo al ejecutivo y al legislativo que la independencia de la judicatura es pilar de la democracia en M\u00e9xico, en un momento en que el Plan B pretende desmantelar el sistema organizativo de las elecciones en M\u00e9xico.<\/p>\n\n\n\n<p class=\"wp-block-paragraph\">La ministra, la primera mujer en presidir el Poder Judicial les record\u00f3 que la Constituci\u00f3n es \u201cun inmenso y muy poderoso manto protector de certeza, de confianza, de seguridad y, sobre todo, de uni\u00f3n entre las y los mexicanos\u201d.<\/p>\n\n\n\n<p class=\"wp-block-paragraph\">La ministra presidenta de la Corte, dijo a la mitad de su discurso textualmente: \u201cPor primera ocasi\u00f3n en nuestra historia una mujer preside el Poder Judicial de la Federaci\u00f3n, no es un logro personal, es un indicativo de avance social, sepan todas y todos que trabajar\u00e9 porque esta representaci\u00f3n en el Poder Judicial Federal se traduzca en una aut\u00e9ntica reducci\u00f3n de las brechas de g\u00e9nero y consecuentemente en una sociedad m\u00e1s justa e igualitaria\u00bb.<\/p>\n\n\n\n<p class=\"wp-block-paragraph\">En la Ceremonia, donde el representante de la C\u00e1mara de Senadores y el presidente de la Rep\u00fablica aprovecharon para hacer una detallada lista de leyes y cambios constitucionales en la llamada 4T, la ministra dijo: \u201cpara dar ejemplo de que en la unidad nacional somos dignos y dignas herederas de nuestra historia y pidi\u00f3 no menospreciar los avances en las diferentes luchas sociales que se han vivido a lo largo del tiempo. Entonces pidi\u00f3 que se eviten los encuentros est\u00e9riles y ejercicios de oratoria ya que con esto se genera una falsa sensaci\u00f3n de cumplimiento, sino que en su lugar se haga un esfuerzo en cuestionarse y cumplir a cabalidad la Constituci\u00f3n.<\/p>\n\n\n\n<p class=\"wp-block-paragraph\"><strong>Desde la diputaci\u00f3n<\/strong><\/p>\n\n\n\n<p class=\"wp-block-paragraph\">El presidente de la Mesa Directiva de la C\u00e1mara de Diputados, Santiago Creel Miranda, expres\u00f3 que hoy vivimos tiempos para coincidir y reconciliar, despu\u00e9s vendr\u00e1n los tiempos para competir en la arena pol\u00edtica y electoral; \u201crectifiquemos, a\u00fan estamos a tiempo, no tenemos que repetir los errores del pasado\u201d.<\/p>\n\n\n\n<p class=\"wp-block-paragraph\">Ello luego de hacer un recorrido hist\u00f3rico de c\u00f3mo los intereses pol\u00edticos, generaron m\u00e1s desencuentros que acuerdos y que ello gener\u00f3, por etapas o circunstancias, mucha violencia.<\/p>\n\n\n\n<p class=\"wp-block-paragraph\">Llam\u00f3, una y otra vez, al di\u00e1logo y al respeto a la pluralidad, al recordar que quienes armaron la Constituci\u00f3n, fueron todos los constitucionalistas.<\/p>\n\n\n\n<p class=\"wp-block-paragraph\">El aniversario de la Constituci\u00f3n, y toda la clase pol\u00edtica ah\u00ed reunida, olvidaron las demandas hist\u00f3ricas de las mujeres y su participaci\u00f3n en la construcci\u00f3n del M\u00e9xico Moderno, un a\u00f1o antes de la promulgaci\u00f3n del estatuto jur\u00eddico de la Rep\u00fablica, en 1916, las mujeres hab\u00edan celebrado en Yucat\u00e1n dos Congresos Feminista y hab\u00edan construido la primera agenda de las mexicanas del siglo XX. Destacada en ello Hermila Galindo Acosta.<\/p>\n","protected":false},"excerpt":{"rendered":"<p>Oradora en el 106 aniversario de la promulgaci\u00f3n de la Constituci\u00f3n de 1917, se pronuncia por defender los derechos humanos y su progresividad<\/p>\n","protected":false},"author":3,"featured_media":62384,"comment_status":"open","ping_status":"open","sticky":false,"template":"","format":"standard","meta":{"_monsterinsights_skip_tracking":false,"footnotes":""},"categories":[51],"tags":[],"class_list":["post-62383","post","type-post","status-publish","format-standard","has-post-thumbnail","category-ejecutivo"],"_links":{"self":[{"href":"https:\/\/redsemlac.com\/semmexico\/wp-json\/wp\/v2\/posts\/62383","targetHints":{"allow":["GET"]}}],"collection":[{"href":"https:\/\/redsemlac.com\/semmexico\/wp-json\/wp\/v2\/posts"}],"about":[{"href":"https:\/\/redsemlac.com\/semmexico\/wp-json\/wp\/v2\/types\/post"}],"author":[{"embeddable":true,"href":"https:\/\/redsemlac.com\/semmexico\/wp-json\/wp\/v2\/users\/3"}],"replies":[{"embeddable":true,"href":"https:\/\/redsemlac.com\/semmexico\/wp-json\/wp\/v2\/comments?post=62383"}],"version-history":[{"count":0,"href":"https:\/\/redsemlac.com\/semmexico\/wp-json\/wp\/v2\/posts\/62383\/revisions"}],"wp:featuredmedia":[{"embeddable":true,"href":"https:\/\/redsemlac.com\/semmexico\/wp-json\/wp\/v2\/media\/62384"}],"wp:attachment":[{"href":"https:\/\/redsemlac.com\/semmexico\/wp-json\/wp\/v2\/media?parent=62383"}],"wp:term":[{"taxonomy":"category","embeddable":true,"href":"https:\/\/redsemlac.com\/semmexico\/wp-json\/wp\/v2\/categories?post=62383"},{"taxonomy":"post_tag","embeddable":true,"href":"https:\/\/redsemlac.com\/semmexico\/wp-json\/wp\/v2\/tags?post=62383"}],"curies":[{"name":"wp","href":"https:\/\/api.w.org\/{rel}","templated":true}]}}