{"id":62371,"date":"2023-02-05T14:01:22","date_gmt":"2023-02-05T20:01:22","guid":{"rendered":"https:\/\/redsemlac.com\/semmexico\/?p=62371"},"modified":"2023-02-05T14:01:24","modified_gmt":"2023-02-05T20:01:24","slug":"a-17-anos-de-la-tragedia-en-pasta-de-conchos-las-viudas-viajan-a-la-ciudad-de-mexico","status":"publish","type":"post","link":"https:\/\/redsemlac.com\/semmexico\/a-17-anos-de-la-tragedia-en-pasta-de-conchos-las-viudas-viajan-a-la-ciudad-de-mexico\/","title":{"rendered":"A 17 a\u00f1os de la tragedia en Pasta de Conchos, las viudas viajan a la Ciudad de M\u00e9xico"},"content":{"rendered":"\n<p class=\"wp-block-paragraph\">Una lista infinita de viudas pide desde 1884 cuentas y cambios, m\u00e1s de 3 mil muertos<\/p>\n\n\n\n<p class=\"wp-block-paragraph\">Este gobierno cambi\u00f3 la ley, pero s\u00f3lo en el tema del litio, las concesiones son las mismas<\/p>\n\n\n\n<p class=\"wp-block-paragraph\">Las mujeres, que esperan la promesa del rescate ser\u00e1n recibidas por la Secretar\u00eda del Trabajo<\/p>\n\n\n\n<p class=\"wp-block-paragraph\">Sara Lovera<\/p>\n\n\n\n<p class=\"wp-block-paragraph\">SemM\u00e9xico, Ciudad de M\u00e9xico, 5 de febrero, 2023.- El d\u00eda 19 de febrero se cumplen 17 a\u00f1os desde que la mina 8, Unidad Pasta de Conchos, ubicada en el municipio de San Juan de Sabinas, en el estado de Coahuila, sufri\u00f3 una terrible explosi\u00f3n por una acumulaci\u00f3n de gas metano que vio aumentados sus efectos debido a las condiciones deplorables de seguridad de la mina.<\/p>\n\n\n\n<p class=\"wp-block-paragraph\">Este fin de semana un grupo de viudas de Pasta de Conchos, viajaron a la ciudad de M\u00e9xico en busca del Presidente de la Rep\u00fablica, Andr\u00e9s Manuel L\u00f3pez Obrador y pedirle que se reanuden las labores en el rescate de los 65 mineros que permanecen atrapados en el desarrollo de carb\u00f3n. Una promesa no cumplida.<\/p>\n\n\n\n<p class=\"wp-block-paragraph\">Las mujeres solicitaron audiencia en Palacio Nacional, entregaron una carta de petici\u00f3n para que sus voces sean escuchadas, sin embargo, no las va a recibir, las canaliz\u00f3 a con la secretaria del Trabajo, Luisa Mar\u00eda Alcalde Luj\u00e1n y representantes de Comisi\u00f3n Federal de Electricidad.<\/p>\n\n\n\n<p class=\"wp-block-paragraph\">Otras viudas se encuentran esperan en estos d\u00edas recibir noticias sobre el resultado de la reuni\u00f3n que sostendr\u00e1n sus compa\u00f1eras de lucha con las autoridades federales. Tambi\u00e9n las 10 que se sumaron, en agosto, a la enorme lista de mujeres que pierden a sus maridos, los carboneros, en una zona donde, desde hace d\u00e9cadas, las tragedias son cotidianas.<\/p>\n\n\n\n<p class=\"wp-block-paragraph\">Hoy, como desde el primer d\u00eda, familias de los 65 mineros ca\u00eddos en Pasta de Conchos aquel 19 de febrero del 2006, se preparan para recordar a los obreros a trav\u00e9s de una ceremonia lit\u00fargica que se desarrollar\u00e1 al interior del desarrollo de carb\u00f3n a fin de conmemorar el 17 Aniversario luctuoso la que enlut\u00f3 a la Regi\u00f3n Carbon\u00edfera.<\/p>\n\n\n\n<figure class=\"wp-block-image size-full\"><a href=\"https:\/\/redsemlac.com\/semmexico\/wp-content\/uploads\/2023\/02\/17-anos-pasta-02.jpg\"><img loading=\"lazy\" decoding=\"async\" width=\"225\" height=\"225\" src=\"https:\/\/redsemlac.com\/semmexico\/wp-content\/uploads\/2023\/02\/17-anos-pasta-02.jpg\" alt=\"\" class=\"wp-image-62373\"\/><\/a><\/figure>\n\n\n\n<p class=\"wp-block-paragraph\">\u00bfQu\u00e9 pas\u00f3?<\/p>\n\n\n\n<p class=\"wp-block-paragraph\">La explosi\u00f3n en la mina, propiedad de la empresa Grupo M\u00e9xico, del empresario German Larrea, el segundo hombre m\u00e1s rico de M\u00e9xico, y anunciado como el comprador de CITIBANK, dej\u00f3 con quemaduras de primer y segundo grado a 11 trabajadores que lograron salir; mientras que 65 mineros quedaron atrapados, murieron.<\/p>\n\n\n\n<p class=\"wp-block-paragraph\">Con las noticias de aquellos a\u00f1os, reiteradas sistem\u00e1ticamente, es importante resaltar que el lugar ya hab\u00eda tenido reportes de fallas de seguridad desde el a\u00f1o 2000. En la \u00faltima inspecci\u00f3n, realizada el 12 de julio de 2004, se asentaron 43 violaciones directas a la norma de seguridad e higiene y se ordenaron 48 medidas y muchas de ellas de extrema urgencia. Sin embargo, las autoridades omitieron supervisar que se subsanaran las fallas anteriormente detectadas.<\/p>\n\n\n\n<p class=\"wp-block-paragraph\">Claudia Maricela Escobar, Rosa Mar\u00eda Mej\u00eda e Hilda Far\u00edas, tres de las viudas que desde que sucedi\u00f3 la tragedia han luchado para lograr el rescate de sus esposo o queridos parientes, partieron desde el martes a la Ciudad de M\u00e9xico, sin descanso, como hace 17 a\u00f1os. Llegaron a Palacio Nacional y dijeron a SemM\u00e9xico que no las recibir\u00e1 Andr\u00e9s Manuel L\u00f3pez Obrador.<\/p>\n\n\n\n<p class=\"wp-block-paragraph\">Est\u00e1n acompa\u00f1adas por la Organizaci\u00f3n Familia Pasta de Conchos (OFPdC) que surgi\u00f3 e en el a\u00f1o 2006, a ra\u00edz del siniestro en la Mina 8, Unidad Pasta de Conchos, situada en el municipio de San Juan Sabinas, Coahuila, y gestionada por la empresa Grupo M\u00e9xico.<\/p>\n\n\n\n<figure class=\"wp-block-image size-full\"><a href=\"https:\/\/redsemlac.com\/semmexico\/wp-content\/uploads\/2023\/02\/17-anos-pasta-03.jpg\"><img loading=\"lazy\" decoding=\"async\" width=\"750\" height=\"562\" src=\"https:\/\/redsemlac.com\/semmexico\/wp-content\/uploads\/2023\/02\/17-anos-pasta-03.jpg\" alt=\"\" class=\"wp-image-62374\"\/><\/a><\/figure>\n\n\n\n<figure class=\"wp-block-image size-full\"><a href=\"https:\/\/redsemlac.com\/semmexico\/wp-content\/uploads\/2023\/02\/17-anos-pasta-05.jpg\"><img loading=\"lazy\" decoding=\"async\" width=\"696\" height=\"394\" src=\"https:\/\/redsemlac.com\/semmexico\/wp-content\/uploads\/2023\/02\/17-anos-pasta-05.jpg\" alt=\"\" class=\"wp-image-62375\"\/><\/a><\/figure>\n\n\n\n<p class=\"wp-block-paragraph\"><strong>La larga historia de pesares y sin justicia<\/strong><\/p>\n\n\n\n<p class=\"wp-block-paragraph\">En 1969, una explosi\u00f3n se llev\u00f3 la vida de 153 mineros del carb\u00f3n, en Barroter\u00e1n, Coahuila. Dej\u00f3 a viudas, a hijos e hijas sin piso ni techo. La tragedia fue conocida mundialmente. Miles de apoyos llegaron a la regi\u00f3n carbon\u00edfera, pero nunca fueron entregadas a las familias.<\/p>\n\n\n\n<p class=\"wp-block-paragraph\">Una investigaci\u00f3n de la maestra Sandra Arenal narr\u00f3 esa desgracia, los abusos y robos. Pero tambi\u00e9n dio testimonio de las condiciones de trabajo de los carboneros, situaci\u00f3n semejante a las conocidas estos d\u00edas. Las m\u00e1quinas de coser para las mujeres nunca llegaron, ni las ayudas econ\u00f3micas, pero ellas, neciamente se quedaron. Tuvieron nuevos maridos y nuevos hijos que iban a las minas. Es como si algo retuviera a las familias carboneras en ese espacio de muerte y desaz\u00f3n.<\/p>\n\n\n\n<p class=\"wp-block-paragraph\">Se estima que a lo largo de la vida activa de esa zona \u2013que data de 1884\u2013, al menos 3 mil 100 trabajadores de las minas han muerto debido a tragedias como la de Pasta de Conchoso o El Pinabete, que se han repetido en numerosas ocasiones.<\/p>\n\n\n\n<p class=\"wp-block-paragraph\">La miner\u00eda de carb\u00f3n&nbsp;<em>\u201ces la que mayor cantidad de vidas humanas cobra\u201d&nbsp;<\/em>y en municipios como&nbsp;Sabinas,&nbsp;Nueva Rosita,&nbsp;Pala\u00fa&nbsp;y&nbsp;Barroter\u00e1n, entre otros, se otorgan concesiones incluso a&nbsp;<em>\u201cempresas fantasmas y proliferan las explotaciones clandestinas de carb\u00f3n, en las que ha llegado a participar el crimen organizado\u201d<\/em>, se\u00f1ala el libro As\u00ed se ve la miner\u00eda en M\u00e9xico, editado por el&nbsp;Seminario Universitario de Sociedad, Medio Ambiente e Instituciones (Susmai).<\/p>\n\n\n\n<p class=\"wp-block-paragraph\">La contabilidad de las explosiones en 2007 fue de 116 en cien a\u00f1os, pero el n\u00famero de inundaciones en los llamados pozos es indefinido, como sucedi\u00f3 en agosto en el Pinabete, sin rescate, ni explicaci\u00f3n hasta hoy. Esos hoyos son la forma m\u00e1s elemental de la explotaci\u00f3n del carb\u00f3n y la m\u00e1s arriesgada. Le llaman miner\u00eda artesanal. Las viudas corren de sus casas a mirar en cuanto hay alguna alarma. Lo hacen autom\u00e1ticamente; como ellas dicen: \u201cSiempre con el Jes\u00fas en la boca\u201d. Y una y otra vez la historia se repite desde 1884.<\/p>\n\n\n\n<p class=\"wp-block-paragraph\">La condici\u00f3n laboral es la que m\u00e1s sorprende. Ahora, el gobierno mexicano tiene una reclamaci\u00f3n de la Organizaci\u00f3n Internacional del Trabajo (OIT) por las violaciones a los convenios 102 y 155, sobre los derechos a la seguridad social de los carboneros, sin contratos, sin condiciones laborales decentes.<\/p>\n\n\n\n<p class=\"wp-block-paragraph\">Apenas, el 12 de julio, el director de la OIT, Guy Rayder, estuvo en M\u00e9xico, y le advirti\u00f3 al gobierno de la 4T que tiene hasta el 22 de septiembre pr\u00f3ximo para responder a las violaciones, ya que los convenios est\u00e1n ratificados; uno, de 1952 y otro, de 1981. Han pasado 5 meses y el gobierno federal est\u00e1 en silencio.<\/p>\n\n\n\n<p class=\"wp-block-paragraph\">Pero tambi\u00e9n hay un acuerdo de la C\u00e1mara de Diputados (2006) para regular las concesiones de esos \u201cpocitos\u201d, por lo salvaje de sus pr\u00e1cticas, propias del siglo XIX, con concesiones fundadas en la Ley Minera de 1992, durante la firma del Tratado de Libre Comercio, donde lo esencial, en \u201cterreno libre\u201d, es asegurar el carb\u00f3n para las carboel\u00e9ctricas. Hoy, el gobierno hizo cambios a esa ley, pero s\u00f3lo en materia de litio, lo dem\u00e1s est\u00e1 intacto.<\/p>\n\n\n\n<p class=\"wp-block-paragraph\">Por ello, en la regi\u00f3n carbon\u00edfera la tristeza es larga. El obispo Ra\u00fal Vera ha dicho reiteradamente, desde que se solidariz\u00f3 en 2006 y le ha dado seguimiento al problema, que hombres y mujeres en esa regi\u00f3n solo tejen su resignaci\u00f3n.<\/p>\n\n\n\n<p class=\"wp-block-paragraph\">De 1884 a 2007 se contaron mil 600 muertos, mil 600 viudas, quienes recibieron migajas de pensi\u00f3n. Por eso es que hoy est\u00e1 acusado M\u00e9xico por la OIT. Lo que sorprende a muchas personas, es que los hijos de las viudas siguen de carboneros, tambi\u00e9n sus nuevos maridos, y ellas, eternamente sometidas, tratando de limpiar el holl\u00edn que lo puebla todo, respirando cotidianamente ese negro polvillo.<\/p>\n\n\n\n<p class=\"wp-block-paragraph\">La inundaci\u00f3n de Pinabete, en agosto pasado se encaden\u00f3 a una realidad que bien conocen las autoridades. Nuevas viudas en las pantallas, contando exactamente lo de siempre. Es como el gobierno de antes. M\u00e1s de un funcionario, ante las explosiones o inundaciones, aparece, se toma fotos, habla de rescates y ayudas.<\/p>\n\n\n\n<p class=\"wp-block-paragraph\">Es como si en esos nublados soles, con casas grises y criaturas ennegrecidas, nunca nada cambiara. La lista es interminable. Pueblos carboneros de hombres y mujeres abandonados y burlados. \u00bfEl Sindicado? Bien, gracias. El jefe, morenista, Napole\u00f3n G\u00f3mez Urrutia, se duele: \u201cEs terrible\u201d, y nada. Se quedan las viudas mirando pasar el tiempo, esperanzadas, ahora vienen las de Conchos (2006), por el ofrecimiento de rescatar los cad\u00e1veres, sin cambios en la ley.<\/p>\n\n\n\n<p class=\"wp-block-paragraph\">Situaci\u00f3n permanente<\/p>\n\n\n\n<p class=\"wp-block-paragraph\">El 6 de agosto de 2022 se constat\u00f3, como en toda la historia, que los mineros no est\u00e1n dados de alta en una n\u00f3mina, no tienen seguro social ni acceso a vivienda y lo \u00fanico que reciben cada s\u00e1bado es un sobre con el dinero que lograron durante una semana de trabajo, dinero que se entreg\u00f3 a los familiares de los mineros desde la inundaci\u00f3n del Pinabete, atrapados en el pozo de carb\u00f3n La Conchita, que se inund\u00f3 el 3 de agosto de 2022.<\/p>\n\n\n\n<p class=\"wp-block-paragraph\">\u201cTodo lo van apuntando en una libretita, como en el siglo pasado, como cuando hab\u00eda rayas, as\u00ed es como trabajan nuestros carboneros\u201d, testimoniaron los familiares que desde hace 5 meses esperan noticias del rescate.<\/p>\n\n\n\n<p class=\"wp-block-paragraph\">Carolina Guadalupe \u00c1lvarez Oviedo es la esposa de Jorge Luis Mart\u00ednez Vald\u00e9s, uno de los diez trabajadores del carb\u00f3n que siguen atrapados se\u00f1ala que a su marido no le daban servicio m\u00e9dico, ni recibos de n\u00f3mina que avalen que era trabajador del pozo de carb\u00f3n y por consecuencia no ten\u00eda derechos ni prestaciones laborales.<\/p>\n\n\n\n<p class=\"wp-block-paragraph\">\u201cSiempre fue (el pago) en sobre. Ellos (los carboneros) nunca han recibido una tarjeta, una n\u00f3mina, nunca. Siempre ha sido en sobre, todo en sobre. Igual es, tonelada que eches, tonelada que te van a pagar\u201d, detall\u00f3.<\/p>\n\n\n\n<p class=\"wp-block-paragraph\">Hist\u00f3ricamente las empresas explotadoras del carb\u00f3n, en manos de capital privado, nunca fueron investigadas ni se les responsabiliz\u00f3 por no dar seguridad a sus trabajadores. Ahora tampoco.<\/p>\n\n\n\n<p class=\"wp-block-paragraph\">Las mujeres, de golpe, se vuelven responsables \u00fanicas de sus familias, ni siquiera tienen idea precisa de para qui\u00e9n trabajaban sus esposos, cu\u00e1nto ganaban, cu\u00e1l indemnizaci\u00f3n podr\u00eda corresponderle y si tienen alg\u00fan derecho. Tras la explosi\u00f3n de Pasta de Conchos \u2013donde murieron 63 mineros- en&nbsp;&nbsp; 2006, se esperaba un cambio de ley, pero esta administraci\u00f3n, hizo cambios s\u00f3lo para el litio, la \u201ctierra\u201d libre, contin\u00faa eso, libre, para las concesiones. Y s\u00f3lo hay 18 inspectores en toda la cuenca, de 100 kil\u00f3metros a la redonda.<\/p>\n\n\n\n<figure class=\"wp-block-image size-full\"><a href=\"https:\/\/redsemlac.com\/semmexico\/wp-content\/uploads\/2023\/02\/17-anos-pasta-06.jpg\"><img loading=\"lazy\" decoding=\"async\" width=\"1024\" height=\"667\" src=\"https:\/\/redsemlac.com\/semmexico\/wp-content\/uploads\/2023\/02\/17-anos-pasta-06.jpg\" alt=\"\" class=\"wp-image-62376\"\/><\/a><\/figure>\n\n\n\n<p class=\"wp-block-paragraph\"><strong>\u00bfC\u00f3mo son los \u201cpocitos\u201d?<\/strong><strong><\/strong><\/p>\n\n\n\n<p class=\"wp-block-paragraph\">Los trabajos se hacen a destajo, los mineros carecen de seguridad social y su empleo es fr\u00e1gil. Migran de las grandes plantas a los llamados \u201cpozos\u201d, por la edad, su estado de salud (pulmones afectados), o la necesidad, porque en los pozos \u2015aparentemente\u2015 se gana m\u00e1s dinero y con mayor rapidez. Los pozos son hoyos excavados precariamente sobre las galer\u00edas abandonadas de viejas minas industriales.<\/p>\n\n\n\n<p class=\"wp-block-paragraph\">La extracci\u00f3n ha generado una cadena de complicidades y corrupci\u00f3n infinita, cont\u00f3 hace algunos a\u00f1os el historiador de la zona, Ramiro Flores, y asegur\u00f3 que, por accidentes, siniestros o equivocaciones en la explotaci\u00f3n artesanal de los pozos, en los \u00faltimos 45 a\u00f1os, han muerto m\u00e1s de 1900 mineros, cifra similar a los fallecidos en 100 a\u00f1os en las grandes explosiones.<\/p>\n\n\n\n<p class=\"wp-block-paragraph\">De los hoyos excavados precariamente en las galer\u00edas abandonadas de las viejas minas industriales, mal llamados pozos, se extraen las migajas que dejaron las grandes empresas antes de la d\u00e9cada de los noventa del siglo XX.<\/p>\n\n\n\n<p class=\"wp-block-paragraph\">Hasta ahora, porque dice la agrupaci\u00f3n Familia Pasta de Conchos, \u201cnada ha cambiado\u201d, los peque\u00f1os propietarios y los bur\u00f3cratas, se benefician de la mitad de la derrama econ\u00f3mica, la empresa estatal, Promotora para el Desarrollo Minero del Estado de Coahuila, act\u00faa como intermediaria, adquiere el carb\u00f3n de \u201cempresas fantasmas\u201d y cobra 10 o 20 centavos de d\u00f3lar por tonelada. Se sospecha complicidad con las autoridades locales y hasta de la Comisi\u00f3n Federal de Electricidad.<\/p>\n\n\n\n<p class=\"wp-block-paragraph\"><strong>Los Carboneros<\/strong><strong><\/strong><\/p>\n\n\n\n<p class=\"wp-block-paragraph\">A los trabajadores de los pozos se les conoce como carboneros. Constantemente respiran ese polvo, sin mascarillas, s\u00f3lo cubiertos por la toalla que llevan todos los d\u00edas para secarse el sudor. Dentro de estos pozos tambi\u00e9n hay gas metano que, de vez en vez, produce explosiones, como en \u201cLa Morita\u201d, donde perecieron 12 mineros en 2001.<\/p>\n\n\n\n<p class=\"wp-block-paragraph\">El tambi\u00e9n maestro narr\u00f3, entonces, una injusticia mayor: la de la explotaci\u00f3n de carb\u00f3n en minas artesanales, verdaderos pozos \u201cde muerte\u201d, donde no hay t\u00e9cnicas ni herramientas y, menos a\u00fan, protecci\u00f3n. De ah\u00ed que el peligro sea mayor y no exista autoridad que controle o vigile.<\/p>\n\n\n\n<p class=\"wp-block-paragraph\">A pesar de que un decreto los prohibi\u00f3, el negocio sigue. Tampoco se ha modificado en el tema de concesiones y permisos para abrir esos pozos, en la Ley de 1992 que sigue vigente, como se afirma en el \u00faltimo an\u00e1lisis que hizo la Secretar\u00eda de Econom\u00eda, en 2021.<\/p>\n\n\n\n<p class=\"wp-block-paragraph\"><strong>La narrativa de hoy<\/strong><\/p>\n\n\n\n<p class=\"wp-block-paragraph\">&nbsp;A decir de algunos de otros familiares que tambi\u00e9n esperan ansiosos algunas noticias sobre sus carboneros atrapados en el pozo desde hace 5 meses, el sueldo que llegaban a percibir a la semana era de dos mil hasta cinco mil pesos, de acuerdo con la producci\u00f3n de carb\u00f3n que se lograba durante las extenuantes jornadas debajo de la tierra, donde trabajan encuclillas y con el peligro constante de inundaciones.<\/p>\n\n\n\n<p class=\"wp-block-paragraph\">De acuerdo con el presidente y secretario general del Sindicato Nacional Minero, Napole\u00f3n G\u00f3mez Urrutia, hay alrededor de cinco mil trabajadores mineros en la regi\u00f3n carbon\u00edfera de Coahuila en minas en condiciones inseguras e \u201cinhumanas\u201d.<\/p>\n\n\n\n<p class=\"wp-block-paragraph\">El tambi\u00e9n senador por Morena acusa que cada vez que su central obrera busca sindicalizar a los carboneros, los due\u00f1os de inmediato cambian las minas, cierran o despiden a los trabajadores. \u201cSon casi como trabajadores temporales, sobreexplotados, con salarios muy bajos y en condiciones indignas\u201d.<\/p>\n\n\n\n<p class=\"wp-block-paragraph\">A\u00f1adi\u00f3 que estos pozos de carb\u00f3n ni siquiera se pueden considerar minas propiamente dichas, porque no tienen ninguna condici\u00f3n de seguridad adecuada para proteger la vida de los trabajadores.<\/p>\n\n\n\n<p class=\"wp-block-paragraph\">\u201cSiempre ha sido mucho riesgo esto, mucho riesgo para enriquecer a otras personas y perder la vida o arriesgar tanto la vida por nada\u201d, reiter\u00f3 Carolina \u00c1lvarez, quien espera noticias del rescate de su esposo.<\/p>\n\n\n\n<p class=\"wp-block-paragraph\"><strong>El Pasado<\/strong><strong><\/strong><\/p>\n\n\n\n<p class=\"wp-block-paragraph\">Entre 1884 y 2007 muri\u00f3 un minero cada tres d\u00edas en la Cuenca Carbon\u00edfera de Coahuila, a 1200 kil\u00f3metros de la capital de la Rep\u00fablica, en un paraje de m\u00e1s de 100 kil\u00f3metros a la redonda, semides\u00e9rtico y de clima extremo, donde la hulla lo puebla todo y el diminuto polvo de carb\u00f3n se mete en o\u00eddos, garganta y nariz.<\/p>\n\n\n\n<p class=\"wp-block-paragraph\">En el lapso de esos m\u00e1s de 100 a\u00f1os, se registraron oficialmente 116 explosiones, en las que murieron entre tres y 153 trabajadores en cada una, un total de 1600 mineros. Y se calcula la muerte de un n\u00famero similar por siniestros y fallas de las minas, entre otras causas muy diversas. Siete a\u00f1os despu\u00e9s nada ha cambiado.<\/p>\n\n\n\n<p class=\"wp-block-paragraph\">De los hoyos excavados precariamente en las galer\u00edas abandonadas de las viejas minas industriales, mal llamados pozos, se extraen las migajas que dejaron las grandes empresas antes de la d\u00e9cada de los noventa del siglo XX.<\/p>\n\n\n\n<p class=\"wp-block-paragraph\">Alas mujeres, la tragedia en la mina las suele dejar sin hijos y maridos, sin cu\u00f1ados o hermanos, al mismo tiempo<\/p>\n\n\n\n<p class=\"wp-block-paragraph\">En la Cuenca Carbon\u00edfera no hay trabajo femenino. Las empresas maquiladoras que buscaban mitigar la crisis de la d\u00e9cada del ochenta, cuando minas y empresas sider\u00fargicas fueron cerradas, no representaron una alternativa atractiva por sus bajos salarios, la lejan\u00eda del lugar y los cierres sin previo aviso.<\/p>\n\n\n\n<p class=\"wp-block-paragraph\">De cara al futuro, no hay muchas ilusiones. Todos los testimonios de quienes quedaron viudas por los siniestros de 1969 a 2007 se\u00f1alan que su promedio escolar es de cinco a\u00f1os de primaria. Algunas, como Silvia Ver\u00f3nica Cruz, lograron llegar a la escuela secundaria. Elvira Mart\u00ednez estudi\u00f3 para contadora privada.<\/p>\n\n\n\n<p class=\"wp-block-paragraph\">La permanente lluvia del polvo de carb\u00f3n, que lo ensucia todo, obliga a las mujeres a jornadas dom\u00e9sticas extenuantes, de hasta 18 horas, lo que se complica por la escasez de agua y los turnos de trabajo discontinuos de esposos, hijos o hermanos mineros, pues ellas son las responsables de preparar el \u201clonche\u201d (la comida que ellos llevan todos los d\u00edas a la mina).<\/p>\n","protected":false},"excerpt":{"rendered":"<p>El d\u00eda 19 de febrero se cumplen 17 a\u00f1os desde que la mina 8, Unidad Pasta de Conchos, ubicada en el municipio de San Juan de Sabinas, en el estado de Coahuila, sufri\u00f3 una terrible explosi\u00f3n por una acumulaci\u00f3n de gas metano que vio aumentados sus efectos debido a las condiciones deplorables de seguridad de la mina.<\/p>\n","protected":false},"author":3,"featured_media":62372,"comment_status":"open","ping_status":"open","sticky":false,"template":"","format":"standard","meta":{"_monsterinsights_skip_tracking":false,"footnotes":""},"categories":[54],"tags":[],"class_list":["post-62371","post","type-post","status-publish","format-standard","has-post-thumbnail","category-mujeres"],"_links":{"self":[{"href":"https:\/\/redsemlac.com\/semmexico\/wp-json\/wp\/v2\/posts\/62371","targetHints":{"allow":["GET"]}}],"collection":[{"href":"https:\/\/redsemlac.com\/semmexico\/wp-json\/wp\/v2\/posts"}],"about":[{"href":"https:\/\/redsemlac.com\/semmexico\/wp-json\/wp\/v2\/types\/post"}],"author":[{"embeddable":true,"href":"https:\/\/redsemlac.com\/semmexico\/wp-json\/wp\/v2\/users\/3"}],"replies":[{"embeddable":true,"href":"https:\/\/redsemlac.com\/semmexico\/wp-json\/wp\/v2\/comments?post=62371"}],"version-history":[{"count":0,"href":"https:\/\/redsemlac.com\/semmexico\/wp-json\/wp\/v2\/posts\/62371\/revisions"}],"wp:featuredmedia":[{"embeddable":true,"href":"https:\/\/redsemlac.com\/semmexico\/wp-json\/wp\/v2\/media\/62372"}],"wp:attachment":[{"href":"https:\/\/redsemlac.com\/semmexico\/wp-json\/wp\/v2\/media?parent=62371"}],"wp:term":[{"taxonomy":"category","embeddable":true,"href":"https:\/\/redsemlac.com\/semmexico\/wp-json\/wp\/v2\/categories?post=62371"},{"taxonomy":"post_tag","embeddable":true,"href":"https:\/\/redsemlac.com\/semmexico\/wp-json\/wp\/v2\/tags?post=62371"}],"curies":[{"name":"wp","href":"https:\/\/api.w.org\/{rel}","templated":true}]}}