{"id":62347,"date":"2023-02-04T17:26:27","date_gmt":"2023-02-04T23:26:27","guid":{"rendered":"https:\/\/redsemlac.com\/semmexico\/?p=62347"},"modified":"2023-02-04T17:26:29","modified_gmt":"2023-02-04T23:26:29","slug":"mueren-muchas-mas-mujeres-por-tumores-malignos-en-mexico-4-de-febrero-dia-mundial-del-cancer","status":"publish","type":"post","link":"https:\/\/redsemlac.com\/semmexico\/mueren-muchas-mas-mujeres-por-tumores-malignos-en-mexico-4-de-febrero-dia-mundial-del-cancer\/","title":{"rendered":"Mueren muchas m\u00e1s mujeres por tumores malignos en M\u00e9xico: 4 de febrero d\u00eda mundial del c\u00e1ncer"},"content":{"rendered":"\n<p class=\"wp-block-paragraph\">M\u00e9xico abandona la vacunaci\u00f3n de papiloma humano: OPS<\/p>\n\n\n\n<p class=\"wp-block-paragraph\">INEGI se\u00f1ala que por c\u00e1nceres femeninos se ocupa una quinta parte de las camas de hospital<\/p>\n\n\n\n<p class=\"wp-block-paragraph\">Las ni\u00f1as y los ni\u00f1os, antes de los 15 a\u00f1os mueren de leucemia, sin medicamentos ni prevenci\u00f3n<\/p>\n\n\n\n<p class=\"wp-block-paragraph\">Sara Lovera<\/p>\n\n\n\n<p class=\"wp-block-paragraph\">SemM\u00e9xico, Ciudad de M\u00e9xico, 4 de febrero, 2022.- Cada d\u00eda 83 mujeres mueren por tumores malignos, seg\u00fan el informe del Instituto Nacional de Estad\u00edstica y Geograf\u00eda, INEGI. Tumores, en los \u00f3rganos genitales \u2013ovarios y cuello del \u00fatero -, a pesar de que se puede prevenir desde la ni\u00f1ez y la adolescencia.<\/p>\n\n\n\n<p class=\"wp-block-paragraph\">Pero qued\u00f3 al descubierto que M\u00e9xico ocupa el \u00faltimo lugar de 27 pa\u00edses en Am\u00e9rica y el Caribe en la vacunaci\u00f3n a ni\u00f1as y ni\u00f1os contra las infecciones por el Virus del Papiloma Humano (VPH), uno de los factores que provocan el c\u00e1ncer de cuello del \u00fatero, seg\u00fan reporte de la Organizaci\u00f3n Panamericana de la Salud (OPS).<\/p>\n\n\n\n<p class=\"wp-block-paragraph\">En tanto la Organizaci\u00f3n Mundial de la Salud, advirti\u00f3 que en pa\u00edses como M\u00e9xico la mayor\u00eda de las muertes por c\u00e1ncer de mama ocurren prematuramente, en mujeres menores de 70 a\u00f1os. Casi 80 por ciento de las muertes por c\u00e1ncer de mama y de cuello uterino se producen en pa\u00edses de ingresos bajos y medios, con sistemas de salud d\u00e9biles.<\/p>\n\n\n\n<p class=\"wp-block-paragraph\">En M\u00e9xico se muere en casa, sin hospitales<\/p>\n\n\n\n<p class=\"wp-block-paragraph\">INEGI sostiene que las mujeres y las ni\u00f1as en M\u00e9xico, muren mucho m\u00e1s que los hombres de c\u00e1ncer, con un crecimiento sostenido en esta administraci\u00f3n, no s\u00f3lo de cerviz, sino linf\u00e1tico, e \u00f3rganos digestivos, mama, y tejidos relacionados est\u00f3mago, incluso por c\u00e1ncer en los&nbsp;&nbsp; huesos. Los c\u00e1nceres femeninos ocurren a partir de los 40 a\u00f1os.<\/p>\n\n\n\n<p class=\"wp-block-paragraph\">Se acusa falta de prevenci\u00f3n, informaci\u00f3n, medicina a tiempo y recursos para el c\u00e1ncer. El de mama sigue siendo la primera causa de muerte, pero las estad\u00edsticas de INEGI, se\u00f1alan que, por c\u00e1ncer de los \u00f3rganos reproductivos, las mujeres ocupan el 21 por ciento de las camas de hospital.<\/p>\n\n\n\n<p class=\"wp-block-paragraph\">La no atenci\u00f3n suficiente, indica INEGI, significa que la mayor\u00eda de los decesos, para todos los c\u00e1nceres, en hombres y mujeres sucedan en sus casas, lejos de los hospitales.<\/p>\n\n\n\n<p class=\"wp-block-paragraph\">Se\u00f1ala que, por un tumor maligno, la leucemia es la principal causa de muerte en la poblaci\u00f3n infantil, menor de 15 a\u00f1os, (51% en hombres y 56% en mujeres) y en los j\u00f3venes de 15 a 29 a\u00f1os (33% en hombres y 32% en mujeres).<\/p>\n\n\n\n<p class=\"wp-block-paragraph\">La segunda causa en la poblaci\u00f3n infantil es el tumor maligno de las meninges, del enc\u00e9falo y de otras partes del sistema nervioso central (18% en hombres y 15% en mujeres); mientras que en las mujeres de 15 a 29 a\u00f1os es el tumor maligno del cuello del \u00fatero (9%) y el del ovario (6%); en los hombres de la misma edad, es el linfoma no Hodking (6 por ciento).&nbsp;<\/p>\n\n\n\n<p class=\"wp-block-paragraph\">Por c\u00e1ncer se registraron en M\u00e9xico entre enero y agosto de 2021, 683 mil 823 decesos, 60 mil 421 por tumores malignos, donde el 51 por ciento fueron mujeres, que en general presentan estos tumores en los \u00f3rganos genitales y en la mama.<\/p>\n\n\n\n<p class=\"wp-block-paragraph\">Establecen las estad\u00edsticas de INEGI que el c\u00e1ncer c\u00e9rvico uterino y de ovario en la en mujeres es la segunda causa de morbilidad hospitalaria (21%) en la poblaci\u00f3n de 20 a\u00f1os y m\u00e1s. Por otra parte, el c\u00e1ncer de \u00f3rganos digestivos es la principal causa de morbilidad hospitalaria por tumores malignos entre los varones (23%), mientras en las mujeres ocupa el tercer lugar (12 por ciento).<strong><\/strong><\/p>\n\n\n\n<p class=\"wp-block-paragraph\">En 2019 se registraron 747 784 defunciones, de las cuales 12 por ciento se deben a tumores malignos (88 683), la distribuci\u00f3n porcentual por sexo indica que hay m\u00e1s fallecimientos en mujeres (51%) que en los hombres (49%) por esta causa.<\/p>\n\n\n\n<p class=\"wp-block-paragraph\">Entre enero y agosto de 2020 se registraron 683 823 defunciones, de las cuales 9% se deben a tumores malignos (60 421), la distribuci\u00f3n porcentual por sexo indica que en este periodo (enero-agosto de 2020) hay m\u00e1s fallecimientos en mujeres (51%) que en hombres (49%) por esta causa, lo que ubica a los tumores malignos en la cuarta causa de muerte para este periodo.<\/p>\n\n\n\n<p class=\"wp-block-paragraph\"><strong>La OMS propone nueva hoja de ruta sobre el c\u00e1ncer de mama<\/strong><\/p>\n\n\n\n<p class=\"wp-block-paragraph\">Para enfrentar estas realidades, mucho m\u00e1s duras en Am\u00e9rica Latina, las Naciones Unidas est\u00e1n encabezando una iniciativa para combatir el c\u00e1ncer de mama que podr\u00eda salvar 2 millones y medio de vidas de aqu\u00ed a 2040, plante\u00f3 este viernes la OMS, en v\u00edsperas del D\u00eda Mundial contra el C\u00e1ncer, que se celebra el 4 de febrero.<\/p>\n\n\n\n<p class=\"wp-block-paragraph\">Los tres pilares sobre los que se sustenta la iniciativa, para abordar las necesidades espec\u00edficas de cada pa\u00eds y orientar a los gobiernos, son la promoci\u00f3n de controles sanitarios para fomentar la detecci\u00f3n precoz, el diagn\u00f3stico oportuno y el tratamiento con terapias eficaces.<\/p>\n\n\n\n<p class=\"wp-block-paragraph\">Cada a\u00f1o se diagnostica c\u00e1ncer de mama a m\u00e1s de 2 millones 300 mil mujeres, lo que lo convierte en el c\u00e1ncer m\u00e1s frecuente en el mundo entre los adultos, indic\u00f3 la OMS, con sede en esta ciudad suiza.<\/p>\n\n\n\n<p class=\"wp-block-paragraph\">Un estudio de la Agencia Internacional para la Investigaci\u00f3n del C\u00e1ncer sugiere que, con un estimado de 4 millones 400 mil mujeres murieron por esa causa en 2020, casi un mill\u00f3n de ni\u00f1os quedaron hu\u00e9rfanos, y 25 por ciento debido a la causa del c\u00e1ncer de mama.<\/p>\n\n\n\n<p class=\"wp-block-paragraph\">Aunque un n\u00famero limitado de pa\u00edses de ingresos altos ha logrado reducir la mortalidad por c\u00e1ncer de mama en 40 por ciento desde 1990, para las mujeres de los pa\u00edses m\u00e1s pobres uno de los principales retos es recibir un diagn\u00f3stico a tiempo.<\/p>\n\n\n\n<p class=\"wp-block-paragraph\">\u201cLa supervivencia del c\u00e1ncer de mama es de 50 por ciento o menos en muchos pa\u00edses de ingresos bajos y medios\u201d, dijo la m\u00e9dica de la OMS Bente Mikkelsen, mientras que \u201cla tasa es superior a 90 por ciento para quienes pueden recibir la mejor atenci\u00f3n en los pa\u00edses de ingresos altos\u201d.<\/p>\n\n\n\n<p class=\"wp-block-paragraph\">Tedros Adhanom Ghebreyesus, director general de la OMS, subray\u00f3 que \u201clos pa\u00edses con sistemas sanitarios m\u00e1s d\u00e9biles son los menos capaces de gestionar la creciente carga del c\u00e1ncer de mama\u201d.<\/p>\n\n\n\n<p class=\"wp-block-paragraph\">Esa tarea \u201csupone una enorme carga para las personas, las familias, las comunidades, los sistemas de salud y las econom\u00edas, por lo que debe ser una prioridad para los ministerios de Salud y los gobiernos de todo el mundo\u201d, apunt\u00f3 Tedros.<\/p>\n\n\n\n<p class=\"wp-block-paragraph\">En los pa\u00edses en v\u00edas de desarrollo la mayor\u00eda de las muertes por c\u00e1ncer de mama ocurren prematuramente, en mujeres menores de 70 a\u00f1os. Casi 80 por ciento de las muertes por c\u00e1ncer de mama y de cuello uterino se producen en pa\u00edses de ingresos bajos y medios, seg\u00fan la OMS.<\/p>\n\n\n\n<p class=\"wp-block-paragraph\">La iniciativa planteada por la agencia de la salud de la ONU pretende reducir la mortalidad por esta enfermedad 2,5 % cada a\u00f1o.<\/p>\n\n\n\n<p class=\"wp-block-paragraph\">Tedros dijo que \u201ctenemos las herramientas y los conocimientos para prevenir el c\u00e1ncer de mama y salvar vidas\u201d.<\/p>\n\n\n\n<p class=\"wp-block-paragraph\">La OMS \u201cest\u00e1 apoyando a m\u00e1s de 70 pa\u00edses, en particular a los de ingresos bajos y medianos, para detectar antes el c\u00e1ncer de mama, diagnosticarlo m\u00e1s r\u00e1pidamente, tratarlo mejor y dar a todas las personas con c\u00e1ncer de mama la esperanza de un futuro sin c\u00e1ncer\u201d, asegur\u00f3.<\/p>\n\n\n\n<p class=\"wp-block-paragraph\">Sin embargo, para 2040 se esperan m\u00e1s de tres millones de casos y un mill\u00f3n de muertes al a\u00f1o en todo el mundo. Aproximadamente 75% de esas muertes se producir\u00e1n en pa\u00edses de ingresos bajos y medios.<\/p>\n\n\n\n<p class=\"wp-block-paragraph\">Am\u00e9rica represent\u00f3 casi una cuarta parte de los nuevos casos de c\u00e1ncer de mama en 2020, a\u00f1o en el que hubo m\u00e1s de 210 000 nuevos diagn\u00f3sticos de c\u00e1ncer de mama en Am\u00e9rica Latina y el Caribe, y casi 68 000 muertes.<\/p>\n\n\n\n<p class=\"wp-block-paragraph\">Un ejemplo de la desigualdad en la regi\u00f3n es que en Am\u00e9rica Latina y el Caribe la proporci\u00f3n de mujeres afectadas por la enfermedad antes de los 50 a\u00f1os (32 %) es mucho mayor que en Am\u00e9rica del Norte (19 %).<\/p>\n\n\n\n<p class=\"wp-block-paragraph\">De acuerdo con la OMS, si la iniciativa tiene \u00e9xito se evitar\u00edan casi 480 000 muertes por c\u00e1ncer de mama solo en la regi\u00f3n de las Am\u00e9ricas durante el per\u00edodo de 20 a\u00f1os.<\/p>\n","protected":false},"excerpt":{"rendered":"<p>Cada d\u00eda 83 mujeres mueren por tumores malignos, seg\u00fan el informe del Instituto Nacional de Estad\u00edstica y Geograf\u00eda, INEGI. Tumores, en los \u00f3rganos genitales \u2013ovarios y cuello del \u00fatero -, a pesar de que se puede prevenir desde la ni\u00f1ez y la adolescencia.<\/p>\n","protected":false},"author":3,"featured_media":62350,"comment_status":"open","ping_status":"open","sticky":false,"template":"","format":"standard","meta":{"_monsterinsights_skip_tracking":false,"footnotes":""},"categories":[54],"tags":[],"class_list":["post-62347","post","type-post","status-publish","format-standard","has-post-thumbnail","category-mujeres"],"_links":{"self":[{"href":"https:\/\/redsemlac.com\/semmexico\/wp-json\/wp\/v2\/posts\/62347","targetHints":{"allow":["GET"]}}],"collection":[{"href":"https:\/\/redsemlac.com\/semmexico\/wp-json\/wp\/v2\/posts"}],"about":[{"href":"https:\/\/redsemlac.com\/semmexico\/wp-json\/wp\/v2\/types\/post"}],"author":[{"embeddable":true,"href":"https:\/\/redsemlac.com\/semmexico\/wp-json\/wp\/v2\/users\/3"}],"replies":[{"embeddable":true,"href":"https:\/\/redsemlac.com\/semmexico\/wp-json\/wp\/v2\/comments?post=62347"}],"version-history":[{"count":0,"href":"https:\/\/redsemlac.com\/semmexico\/wp-json\/wp\/v2\/posts\/62347\/revisions"}],"wp:featuredmedia":[{"embeddable":true,"href":"https:\/\/redsemlac.com\/semmexico\/wp-json\/wp\/v2\/media\/62350"}],"wp:attachment":[{"href":"https:\/\/redsemlac.com\/semmexico\/wp-json\/wp\/v2\/media?parent=62347"}],"wp:term":[{"taxonomy":"category","embeddable":true,"href":"https:\/\/redsemlac.com\/semmexico\/wp-json\/wp\/v2\/categories?post=62347"},{"taxonomy":"post_tag","embeddable":true,"href":"https:\/\/redsemlac.com\/semmexico\/wp-json\/wp\/v2\/tags?post=62347"}],"curies":[{"name":"wp","href":"https:\/\/api.w.org\/{rel}","templated":true}]}}