{"id":62344,"date":"2023-02-04T17:22:04","date_gmt":"2023-02-04T23:22:04","guid":{"rendered":"https:\/\/redsemlac.com\/semmexico\/?p=62344"},"modified":"2023-02-04T17:22:06","modified_gmt":"2023-02-04T23:22:06","slug":"el-senado-elimina-trabas-para-que-las-viudas-accedan-a-una-prension","status":"publish","type":"post","link":"https:\/\/redsemlac.com\/semmexico\/el-senado-elimina-trabas-para-que-las-viudas-accedan-a-una-prension\/","title":{"rendered":"El Senado elimina trabas para que las viudas accedan a una prensi\u00f3n"},"content":{"rendered":"\n<p class=\"wp-block-paragraph\">Se aprueban reformas a Ley del IMSS e ISSSTE&nbsp;<\/p>\n\n\n\n<p class=\"wp-block-paragraph\">Es tiempo se sumar acciones para mejorar calidad de vida de m\u00e1s de 4 millones de mujeres en situaci\u00f3n de viudez: &nbsp;Imelda Castro Castro&nbsp;<\/p>\n\n\n\n<p class=\"wp-block-paragraph\">Libertad L\u00f3pez<\/p>\n\n\n\n<p class=\"wp-block-paragraph\">SemM\u00e9xico, Ciudad de M\u00e9xico, 4 de febrero, 2023.- Las reformas a la Ley del IMSS y la Ley del ISSSTE que aprob\u00f3 el Senado, eliminan los obst\u00e1culos para que las trabajadoras puedan acceder a la pensi\u00f3n de viudez, independientemente de la edad o del tiempo de duraci\u00f3n del matrimonio, afirm\u00f3 la senadora Imelda Castro Castro. &nbsp;<\/p>\n\n\n\n<p class=\"wp-block-paragraph\">Desde el Pleno del Senado, la legisladora de Morena se\u00f1al\u00f3 que las inconsistencias en la legislaci\u00f3n vigente niegan este derecho a las mujeres que enviudaron y quedaron en vulnerabilidad econ\u00f3mica, lo que constituye un acto de discriminaci\u00f3n en su contra. &nbsp;<\/p>\n\n\n\n<p class=\"wp-block-paragraph\">Imelda Castro fij\u00f3 su postura respecto a la minuta con proyecto de decreto por el que se derogan las fracciones II y III del art\u00edculo 132 de la Ley del IMSS y las fracciones II y III del art\u00edculo 136 de la Ley del ISSSTE.&nbsp;<\/p>\n\n\n\n<p class=\"wp-block-paragraph\">La legisladora por Sinaloa reconoci\u00f3 que, a pesar de los avances para garantizar los derechos de las y los trabajadores de M\u00e9xico, las inconsistencias que vulneran sus derechos a\u00fan est\u00e1n presentes en algunas leyes.&nbsp;<\/p>\n\n\n\n<p class=\"wp-block-paragraph\">Expuso que \u201ca las viudas de los trabajadores se les niega la pensi\u00f3n por no entrar en los supuestos de la ley, que establecen l\u00edmites respecto a la edad de la persona trabajadora o respecto al goce de pensiones, al momento de contraer matrimonio con \u00e9stas, lo que constituye un acto de discriminaci\u00f3n\u201d.&nbsp;<\/p>\n\n\n\n<p class=\"wp-block-paragraph\">En M\u00e9xico se calcula que existen m\u00e1s de 4 millones de viudas, frente a 1.1 millones de hombres en esta condici\u00f3n. Se trata de mujeres grandes. Entre 30 y 59 a\u00f1os apenas son el 3.8% mientras que entre aquellas con m\u00e1s de 60 a\u00f1os \u00e9sta es de 35.5%, es decir, diez veces mayor.<\/p>\n\n\n\n<p class=\"wp-block-paragraph\">Su condici\u00f3n de abandono por estas reformas, cobran sentido, si se considera que el 74.1% de las mujeres en condici\u00f3n de viudez declararon ser las jefas de su hogar, mientras que el 13.4% manifestaron ser las madres del jefe(a) de hogar y el 6% las suegras de la persona con la jefatura del hogar (INEGI, 2018).<\/p>\n\n\n\n<p class=\"wp-block-paragraph\">La escolaridad de las mujeres viudas es m\u00e1s precisa para retratar cuando se analiza por grupos de edad y as\u00ed controlar el efecto de los cambios generacionales en el acceso a la educaci\u00f3n. Con la Encuesta Nacional de Ocupaci\u00f3n y Empleo 2020 (INEGI, 2020) se encontr\u00f3 que aquellas entre 15 a 24 a\u00f1os ten\u00edan en promedio 8.7 a\u00f1os de educaci\u00f3n formal; las de 25 a 44 a\u00f1os reportaron 9.6; las de 45 a 64 a\u00f1os un total de 7.3; y aquellas de 65 a\u00f1os y m\u00e1s s\u00f3lo 4.5.&nbsp; Estas mujeres de 65 a\u00f1os y no tienen historia laboral el 13.2% de las mujeres en viudez.&nbsp;<\/p>\n\n\n\n<p class=\"wp-block-paragraph\">Por ello Castro Castro insisti\u00f3 en que el dictamen recoge las consideraciones de la Comisi\u00f3n Nacional de los Derechos Humanos, relativos al otorgamiento de pensi\u00f3n por viudez, que tiene beneficios como otorgar la seguridad y bienestar a las familias, adem\u00e1s de que est\u00e1 investida de autonom\u00eda financiera.&nbsp;<\/p>\n\n\n\n<p class=\"wp-block-paragraph\">Destac\u00f3 la importancia de la autonom\u00eda financiera, pues se genera con las aportaciones del trabajador. &nbsp;<\/p>\n\n\n\n<p class=\"wp-block-paragraph\">El dictamen tambi\u00e9n retoma diversas consideraciones de la Suprema Corte de Justicia de la Naci\u00f3n, quien ya se ha pronunciado sobre la violaci\u00f3n constitucional que representa el art\u00edculo 136 de la Ley del ISSSTE, por lo que la reforma pretende subsanar esta situaci\u00f3n.&nbsp;<\/p>\n\n\n\n<p class=\"wp-block-paragraph\">Imelda Castro reiter\u00f3 que las y los senadores de Morena est\u00e1n a favor de todas las acciones que se emprendan para mejorar la calidad de vida y situaci\u00f3n econ\u00f3mica de las mujeres viudas, especialmente de las m\u00e1s vulnerables. &nbsp;<\/p>\n","protected":false},"excerpt":{"rendered":"<p>Es tiempo se sumar acciones para mejorar calidad de vida de m\u00e1s de 4 millones de mujeres en situaci\u00f3n de viudez: \u00a0Imelda Castro Castro\u00a0<\/p>\n","protected":false},"author":3,"featured_media":62345,"comment_status":"open","ping_status":"open","sticky":false,"template":"","format":"standard","meta":{"_monsterinsights_skip_tracking":false,"footnotes":""},"categories":[50],"tags":[],"class_list":["post-62344","post","type-post","status-publish","format-standard","has-post-thumbnail","category-congreso"],"_links":{"self":[{"href":"https:\/\/redsemlac.com\/semmexico\/wp-json\/wp\/v2\/posts\/62344","targetHints":{"allow":["GET"]}}],"collection":[{"href":"https:\/\/redsemlac.com\/semmexico\/wp-json\/wp\/v2\/posts"}],"about":[{"href":"https:\/\/redsemlac.com\/semmexico\/wp-json\/wp\/v2\/types\/post"}],"author":[{"embeddable":true,"href":"https:\/\/redsemlac.com\/semmexico\/wp-json\/wp\/v2\/users\/3"}],"replies":[{"embeddable":true,"href":"https:\/\/redsemlac.com\/semmexico\/wp-json\/wp\/v2\/comments?post=62344"}],"version-history":[{"count":0,"href":"https:\/\/redsemlac.com\/semmexico\/wp-json\/wp\/v2\/posts\/62344\/revisions"}],"wp:featuredmedia":[{"embeddable":true,"href":"https:\/\/redsemlac.com\/semmexico\/wp-json\/wp\/v2\/media\/62345"}],"wp:attachment":[{"href":"https:\/\/redsemlac.com\/semmexico\/wp-json\/wp\/v2\/media?parent=62344"}],"wp:term":[{"taxonomy":"category","embeddable":true,"href":"https:\/\/redsemlac.com\/semmexico\/wp-json\/wp\/v2\/categories?post=62344"},{"taxonomy":"post_tag","embeddable":true,"href":"https:\/\/redsemlac.com\/semmexico\/wp-json\/wp\/v2\/tags?post=62344"}],"curies":[{"name":"wp","href":"https:\/\/api.w.org\/{rel}","templated":true}]}}