{"id":62331,"date":"2023-02-04T13:10:45","date_gmt":"2023-02-04T19:10:45","guid":{"rendered":"https:\/\/redsemlac.com\/semmexico\/?p=62331"},"modified":"2023-02-04T13:10:47","modified_gmt":"2023-02-04T19:10:47","slug":"floreser-en-el-surco-oaxaqueno-libro-que-visibiliza-labor-de-misioneras","status":"publish","type":"post","link":"https:\/\/redsemlac.com\/semmexico\/floreser-en-el-surco-oaxaqueno-libro-que-visibiliza-labor-de-misioneras\/","title":{"rendered":"FloreSer en el surco oaxaque\u00f1o\u00bb, libro que visibiliza labor de misioneras"},"content":{"rendered":"\n<p class=\"wp-block-paragraph\">Actuaron amorosamente, pero an\u00f3nimas, rebeldes pero silenciosas, libertarias pero pac\u00edficas, feministas, pero invisibilizadas<\/p>\n\n\n\n<p class=\"wp-block-paragraph\">Hace 40 a\u00f1os llegaron alentadas por el Arzobispo Bartolom\u00e9 Carrasco Brise\u00f1o, centrando su labor en las comunidades ind\u00edgenas<\/p>\n\n\n\n<p class=\"wp-block-paragraph\">Redacci\u00f3n<\/p>\n\n\n\n<p class=\"wp-block-paragraph\">SemM\u00e9xico\/sucedi\u00f3enoaxaca.com, OAXACA, Oax. 4 de febrero, 2023.- All\u00e1 por los a\u00f1os setenta y ochenta aparecieron en Oaxaca decenas de mujeres misioneras que, alentadas por los nuevos aires de la iglesia cat\u00f3lica, tras el Concilio Vaticano II, se dispersaron por pueblos originarios del estado para \u00abencarnar el evangelio\u00bb, es decir, evangelizar a trav\u00e9s de acciones profundas como devolver su dignidad a las mujeres, mediar en conflictos lim\u00edtrofes, y hasta curar enfermos. En resumen, para procurar mejores condiciones de vida para sus habitantes.<\/p>\n\n\n\n<p class=\"wp-block-paragraph\">La labor de estas mujeres, amorosa pero an\u00f3nima, rebelde pero silenciosa, libertaria pero pac\u00edfica, feminista pero invisibilizada, fue lo que movi\u00f3 a Mar\u00eda Teresa Cruz Mart\u00ednez, consultora especialista en derechos de las mujeres y feminista, para elaborar un trabajo no solo documental, sino tambi\u00e9n cargado de gratitud, para aquellas mujeres que despu\u00e9s de haber sido misioneras, \u00abap\u00f3stolas\u00bb, \u00abp\u00e1rrocas\u00bb, fueron expulsadas por la iglesia o, como dijo el sacerdote Manuel Arias, \u00abpor quienes se sent\u00edan due\u00f1os de la iglesia\u00bb.<\/p>\n\n\n\n<p class=\"wp-block-paragraph\">\u00abEl objetivo del libro fue dar visibilidad a las misioneras, recuperar la memoria hist\u00f3rica de su participaci\u00f3n, pero la raz\u00f3n m\u00e1s importante es la gratitud. Gratitud por sus tareas, por sus pasos en esta tierra, por los caminos que ustedes abrieron, por los acompa\u00f1amientos y por la b\u00fasqueda de mejores condiciones de vida para ellas y ellos que encontraron en ustedes el rostro femenino de la diosa\u00bb, expres\u00f3 Mar\u00eda Teresa Cruz.<\/p>\n\n\n\n<p class=\"wp-block-paragraph\">El libro, que contiene los testimoniales de misioneras Franciscanas algunas, y Catequistas de los Pobres otras, se titula&nbsp;<em>FloreSer en el surco oaxaque\u00f1o, se\u00f1ales manifestadas a trav\u00e9s de la experiencia de las mujeres misioneras en Oaxaca: Una fuente epistemol\u00f3gica para la Teolog\u00eda Feminista,&nbsp;<\/em>y se present\u00f3 el pasado martes 31 de enero en el patio de la Casa de Protecci\u00f3n a la Joven, un espacio donde desde hace m\u00e1s de 50 a\u00f1os mora la sororidad cuando a\u00fan este vocablo no exist\u00eda.<\/p>\n\n\n\n<p class=\"wp-block-paragraph\">El p\u00fablico asistente escuch\u00f3 en voz de sus protagonistas, historias que hasta ahora salen a la luz pero que en los a\u00f1os ochenta y noventa dejaron honda huella en comunidades ind\u00edgenas sumergidas en la pobreza, la violencia, y el olvido oficial, como Ixtayutla, Lachiguiri, Amoltepec, Chicahuaxtla, Yatee, Yal\u00e1lag, Camotl\u00e1n, Putla, Pinotepa y Zaniza, solo por mencionar algunas.<\/p>\n\n\n\n<figure class=\"wp-block-image size-large\"><a href=\"https:\/\/redsemlac.com\/semmexico\/wp-content\/uploads\/2023\/02\/FloreSer02.jpg\"><img decoding=\"async\" src=\"https:\/\/redsemlac.com\/semmexico\/wp-content\/uploads\/2023\/02\/FloreSer02-1024x566.jpg\" alt=\"\" class=\"wp-image-62332\"\/><\/a><\/figure>\n\n\n\n<p class=\"wp-block-paragraph\">Las religiosas Lupita Reyes, Soco Fragoso, Meche Garc\u00eda Lara, Cuca Castrell\u00f3n y Lupita Sol\u00eds recordaron acontecimientos que rayan en lo milagroso, dignos de un libro cada uno, pero que por lo pronto, forman parte de un conjunto que viene a mostrar lo que ellas aportaron a los pueblos originarios, y lo que estos les ense\u00f1aron a ellas, y que finalmente fue decisivo para que se quedaran a vivir en Oaxaca, donde alentaron la formaci\u00f3n de organizaciones civiles que hasta la fecha pugnan por la dignidad de los pueblos, la defensa del agua y el territorio, y la&nbsp; custodia de su cultura.<\/p>\n\n\n\n<p class=\"wp-block-paragraph\">Por video llamada desde Alemania, Margit Eckolt, presidenta de Intercambio Cultural Alem\u00e1n Latinoamericano (ICALA), organizaci\u00f3n que bec\u00f3 a Mar\u00eda Teresa Cruz para la realizaci\u00f3n del libro, expres\u00f3 su benepl\u00e1cito por el proyecto que muestra las voces de las religiosas que aparecen en el libro, quienes hab\u00edan sido invisibles y silenciadas aun cuando su misi\u00f3n \u00ablleg\u00f3 al coraz\u00f3n de las personas\u00bb.<\/p>\n\n\n\n<p class=\"wp-block-paragraph\">Manuel Arias Montes, Presidente de ICALA Oaxaca, rese\u00f1\u00f3 la historia desde la llegada de un centenar de misioneras, alentadas por el Arzobispo Bartolom\u00e9 Carrasco Brise\u00f1o, su labor en comunidades ind\u00edgenas hasta su expulsi\u00f3n de la iglesia, y la continuidad de su m\u00edstica fuera de la instituci\u00f3n eclesi\u00e1stica que manifest\u00f3 su machismo, dijo.<\/p>\n\n\n\n<p class=\"wp-block-paragraph\">La vicepresidenta de ICALA Oaxaca, Mar\u00eda Cristina Salazar, expres\u00f3 su agradecimiento a las religiosas \u00abpor mostrarnos el rostro femenino de Dios, sirva este libro como un homenaje a tan valiosa existencia y presencia suya\u00bb, concluy\u00f3.<\/p>\n\n\n\n<p class=\"wp-block-paragraph\">Ante una nutrida asistencia entre la que figuraron religiosas, sacerdotes, activistas defensores de los derechos humanos, de la equidad de g\u00e9nero, artistas y acad\u00e9micos, representantes de una sociedad civil proactiva y fraterna, Mar\u00eda Teresa Cruz fue hilvanando sus comentarios con los testimoniales de las religiosas y m\u00fasica de la Guelaguetza, para cerrar con el himno de las y los oaxaque\u00f1os, \u00abDios nunca muere\u00bb.<\/p>\n\n\n\n<p class=\"wp-block-paragraph\">Entre otras personalidades que asistieron a la presentaci\u00f3n de&nbsp;<em>FloreSer en el surco oaxaque\u00f1o<\/em>&nbsp;estuvieron la acad\u00e9mica Nancy Farris, la coordinadora de la Red de Mujeres de la Costa de Oaxaca y del Colectivo Mujer Negra A.C., Yolanda Camacho Calleja; el ex Pastoralista de Juventud Joaqu\u00edn Robles Mora, la presidenta del Comit\u00e9 de Participaci\u00f3n Ciudadana, Reyna Santill\u00e1n; el dramaturgo y director teatral Pedro Lemus, la pianista Dula Cedillo, el violinista Daniel Cruz, y el C\u00edrculo de Rulfianas, lectoras de la Ciudad de M\u00e9xico, por mencionar algunas.<\/p>\n","protected":false},"excerpt":{"rendered":"<p>\u00abEl objetivo del libro fue dar visibilidad a las misioneras, recuperar la memoria hist\u00f3rica de su participaci\u00f3n, pero la raz\u00f3n m\u00e1s importante es la gratitud. Gratitud por sus tareas, por sus pasos en esta tierra, por los caminos que ustedes abrieron, por los acompa\u00f1amientos y por la b\u00fasqueda de mejores condiciones de vida para ellas y ellos que encontraron en ustedes el rostro femenino de la diosa\u00bb<\/p>\n","protected":false},"author":3,"featured_media":62333,"comment_status":"open","ping_status":"open","sticky":false,"template":"","format":"standard","meta":{"_monsterinsights_skip_tracking":false,"footnotes":""},"categories":[54],"tags":[],"class_list":["post-62331","post","type-post","status-publish","format-standard","has-post-thumbnail","category-mujeres"],"_links":{"self":[{"href":"https:\/\/redsemlac.com\/semmexico\/wp-json\/wp\/v2\/posts\/62331","targetHints":{"allow":["GET"]}}],"collection":[{"href":"https:\/\/redsemlac.com\/semmexico\/wp-json\/wp\/v2\/posts"}],"about":[{"href":"https:\/\/redsemlac.com\/semmexico\/wp-json\/wp\/v2\/types\/post"}],"author":[{"embeddable":true,"href":"https:\/\/redsemlac.com\/semmexico\/wp-json\/wp\/v2\/users\/3"}],"replies":[{"embeddable":true,"href":"https:\/\/redsemlac.com\/semmexico\/wp-json\/wp\/v2\/comments?post=62331"}],"version-history":[{"count":0,"href":"https:\/\/redsemlac.com\/semmexico\/wp-json\/wp\/v2\/posts\/62331\/revisions"}],"wp:featuredmedia":[{"embeddable":true,"href":"https:\/\/redsemlac.com\/semmexico\/wp-json\/wp\/v2\/media\/62333"}],"wp:attachment":[{"href":"https:\/\/redsemlac.com\/semmexico\/wp-json\/wp\/v2\/media?parent=62331"}],"wp:term":[{"taxonomy":"category","embeddable":true,"href":"https:\/\/redsemlac.com\/semmexico\/wp-json\/wp\/v2\/categories?post=62331"},{"taxonomy":"post_tag","embeddable":true,"href":"https:\/\/redsemlac.com\/semmexico\/wp-json\/wp\/v2\/tags?post=62331"}],"curies":[{"name":"wp","href":"https:\/\/api.w.org\/{rel}","templated":true}]}}