{"id":62328,"date":"2023-02-04T12:50:43","date_gmt":"2023-02-04T18:50:43","guid":{"rendered":"https:\/\/redsemlac.com\/semmexico\/?p=62328"},"modified":"2023-02-04T12:50:45","modified_gmt":"2023-02-04T18:50:45","slug":"en-mexico-la-justicia-no-llega-educa","status":"publish","type":"post","link":"https:\/\/redsemlac.com\/semmexico\/en-mexico-la-justicia-no-llega-educa\/","title":{"rendered":"En M\u00e9xico la justicia no llega: EDUCA"},"content":{"rendered":"\n<p class=\"wp-block-paragraph\">* Plantea la organizaci\u00f3n no gubernamental consideraciones sobre la elecci\u00f3n del nuevo fiscal de Oaxaca<\/p>\n\n\n\n<p class=\"wp-block-paragraph\">*&nbsp; Existe la esperanza de que ni la Fiscal\u00eda ni la DDHPO se conviertan en ap\u00e9ndices de la 4T<\/p>\n\n\n\n<p class=\"wp-block-paragraph\">Redacci\u00f3n<\/p>\n\n\n\n<p class=\"wp-block-paragraph\">SemM\u00e9xico, Oaxaca, 4 de febrero, 2023.- M\u00e9xico atraviesa por una grave crisis de acceso a la justicia, corrupci\u00f3n e impunidad. El nuevo sistema de justicia penal fracas\u00f3 debido a que no avanz\u00f3 a la par de las reformas y modificaciones constitucionales, la capacitaci\u00f3n de los ministerios p\u00fablicos, la profesionalizaci\u00f3n de operadores y funcionarios, el incremento al presupuesto, ni tampoco se logr\u00f3 contar una polic\u00eda profesional y confiable.<\/p>\n\n\n\n<p class=\"wp-block-paragraph\">As\u00ed lo se\u00f1ala Servicios para una Educaci\u00f3n Alternativa A. C. EDUCA, en un Pronunciamiento sobre la designaci\u00f3n del nuevo fiscal y la justicia en Oaxaca al hacer un an\u00e1lisis contexto en materia de justicia y plantea queel \u00edndice de impunidad federal alcanz\u00f3, tan s\u00f3lo en el a\u00f1o 2021, el 96.1 por ciento, superior a la de a\u00f1os anteriores (M\u00e9xico Eval\u00faa).<\/p>\n\n\n\n<p class=\"wp-block-paragraph\">En el documento tambi\u00e9n plantean la esperanza de que tanto la Fiscal\u00eda como la Defensor\u00eda de Derechos Humanos del Pueblo de Oaxaca no se conviertan en ap\u00e9ndices del gobierno, sino por el contrario que sean instituciones fuertes, que cumplan con su labor de defender a la sociedad y procurar la justicia y el respeto a los derechos humanos del pueblo de Oaxaca.<\/p>\n\n\n\n<p class=\"wp-block-paragraph\">La carta p\u00fablica indica que, en materia de derechos humanos, el sistema de Naciones Unidas y el sistema Interamericano, dif\u00edcilmente inciden en las acciones de los operadores de la justicia en el pa\u00eds en casos graves contra personas defensoras y periodistas y, aunque existen convenios de cooperaci\u00f3n, casi no se permite su coadyuvancia en las investigaciones. En M\u00e9xico la justicia no llega.<\/p>\n\n\n\n<p class=\"wp-block-paragraph\">El pronunciamiento plantea, adem\u00e1s, que Oaxaca es el estado del pa\u00eds donde se han cometido m\u00e1s cr\u00edmenes en contra de personas defensoras de los derechos humanos y el territorio, a la fecha suman un total de 34 en los \u00faltimos cuatro a\u00f1os. Estos asesinatos permanecen en total impunidad debido a una falta de rigor en la investigaci\u00f3n criminal y a una ineficaz actuaci\u00f3n del aparato de impartici\u00f3n de justicia.<\/p>\n\n\n\n<p class=\"wp-block-paragraph\">Aunado a esto, en los dos primeros meses del actual gobierno, ocurrieron 25 feminicidios y la mayor\u00eda de los perpetradores siguen libres. En diversas ocasiones familiares de v\u00edctimas y organizaciones se pronunciaron sobre la falta de prevenci\u00f3n y atenci\u00f3n a denuncias de violencia feminicida.<\/p>\n\n\n\n<p class=\"wp-block-paragraph\">Existen expedientes rezagados de casos graves: la Masacre de Agua Fr\u00eda (2002); los cr\u00edmenes contra activistas de la APPO (2006-2007); el asesinato de Bety Cari\u00f1o y Jyri Jaakkola (2010), s\u00f3lo por mencionar algunos de los casos de mayor resonancia; con todo y la creaci\u00f3n de la Fiscal\u00eda de Investigaciones en Delitos de Trascendencia Social, los casos no avanzan.<\/p>\n\n\n\n<p class=\"wp-block-paragraph\">Este panorama nos revela un estado de desinter\u00e9s, rezago e impunidad en la impartici\u00f3n de justicia en Oaxaca.<\/p>\n\n\n\n<p class=\"wp-block-paragraph\">En este contexto se inscribe el nombramiento del nuevo fiscal en Oaxaca, el cual sigue un patr\u00f3n que ya se hab\u00eda observado: de la oficina encargada de la protecci\u00f3n y defensa de los derechos humanos pasa a la oficina encargada de la pol\u00edtica criminal y persecuci\u00f3n de los delitos, apunta luego de la elecci\u00f3n como fiscal de Rodr\u00edguez Alamilla, quien hasta el pasado 25 de agosto hab\u00eda sido titular de la Defensor\u00eda de Derechos Humanos del Pueblo de Oaxaca, mismo camino que recorri\u00f3 el ex fiscal Arturo Peimbert Calvo, quien entre 2012 y 2019 fue defensor y ocup\u00f3 la Fiscal\u00eda entre marzo del 2021 y diciembre de 2022.<\/p>\n\n\n\n<p class=\"wp-block-paragraph\">Por ello, EDUCA sostiene que es evidente que Rodr\u00edguez Alamilla cubre un perfil id\u00f3neo para dar continuidad a un sistema de procuraci\u00f3n de justicia que no le dio los resultados a la poblaci\u00f3n, por lo que hubo 24 eventos de linchamientos o intentos de linchamientos en Oaxaca s\u00f3lo en 2022.<\/p>\n\n\n\n<p class=\"wp-block-paragraph\">La situaci\u00f3n estructural que hemos descrito anteriormente va m\u00e1s all\u00e1 del nombramiento de un fiscal. Hay una estructura inoperante que hace que en Oaxaca tengamos una impunidad del cien por ciento (Impunidad Cero), el estado con mayor grado de impunidad en M\u00e9xico.<\/p>\n\n\n\n<p class=\"wp-block-paragraph\">La procuraci\u00f3n de la justicia en Oaxaca est\u00e1 asentada en la impunidad, la corrupci\u00f3n y los pactos entre los grupos pol\u00edticos. Las Fiscal\u00edas Regionales est\u00e1n ligadas a los grupos de poder o a los caciques regionales, o bien, a la delincuencia organizada. En las Fiscal\u00edas no existen los instrumentos, los procedimientos, ni la tecnolog\u00eda necesaria, no tenemos una polic\u00eda profesional para investigar delitos.<\/p>\n\n\n\n<p class=\"wp-block-paragraph\">En suma, la reforma al sistema penal no pas\u00f3 por Oaxaca. La designaci\u00f3n de Rodr\u00edguez Alamilla, viene a ser otro nombramiento dentro de una estructura que no funciona. Si no observamos la grave crisis de la procuraci\u00f3n de justicia en Oaxaca nos vamos a quedar solamente en la cr\u00edtica al nombramiento de una persona.<\/p>\n\n\n\n<p class=\"wp-block-paragraph\">En los casos de personas defensoras, que como EDUCA acompa\u00f1amos, no se han logrado avances. No hay una actuaci\u00f3n de la Fiscal\u00eda en l\u00f3gica de derechos humanos, se abren carpetas de investigaci\u00f3n como \u201chomicidios cualesquiera\u201d, debido a la falta de claridad de la Fiscal\u00eda que no entiende el papel que juegan las personas defensoras en la sociedad.<\/p>\n\n\n\n<p class=\"wp-block-paragraph\">Adem\u00e1s, no hay recursos para medidas cautelares, ni un sistema de protecci\u00f3n. La justicia sigue siendo a modo, se persiguen delitos por consigna o por inter\u00e9s pol\u00edtico. Las actuaciones de la Fiscal\u00eda son poco transparentes y eficaces.<\/p>\n\n\n\n<p class=\"wp-block-paragraph\">Existe tambi\u00e9n mucha responsabilidad de la Federaci\u00f3n y del Poder Judicial en estos casos. De muy poco ha servido que desde la sociedad civil se propongan iniciativas de ley, protocolos, medidas de protecci\u00f3n, si \u00e9stas no se cumplen y la justicia no llega a las v\u00edctimas y sus familias.<\/p>\n\n\n\n<p class=\"wp-block-paragraph\">Por ello, consideran que tienen que darse cambios en el modelo de procuraci\u00f3n de justicia en Oaxaca. En principio, se requiere una reforma integral a la Fiscal\u00eda, hacer una instituci\u00f3n que sirva, transparente, cuyas actuaciones est\u00e9n apegadas a los m\u00e1s altos est\u00e1ndares en materia de derechos humanos, con personal profesionalizado y presupuesto suficiente para el desempe\u00f1o de su misi\u00f3n.<\/p>\n\n\n\n<p class=\"wp-block-paragraph\">Revisar el trabajo de las Fiscal\u00edas Regionales para impulsar los cambios necesarios. Valorar el desempe\u00f1o de las Fiscal\u00edas Especializadas y la reestructuraci\u00f3n de estas. Retomar carpetas y expedientes rezagados para profundizar en investigaciones que lleven a fincar responsabilidades penales a perpetradores de cr\u00edmenes.<\/p>\n\n\n\n<p class=\"wp-block-paragraph\">En su pronunciamiento tambi\u00e9n refieren que es preocupante el futuro la Defensor\u00eda de los Derechos Humanos del Pueblo de Oaxaca, la falta de titular y el poco inter\u00e9s que parece existir en el gobierno de la cuarta transformaci\u00f3n en la protecci\u00f3n y salvaguarda de los derechos humanos, coloca a este organismo aut\u00f3nomo en una situaci\u00f3n de vulnerabilidad.<\/p>\n\n\n\n<p class=\"wp-block-paragraph\">Se suma a esta fragilidad la falta de un Consejo Ciudadano en funciones, el desmantelamiento de las Defensor\u00edas Especializadas y la ausencia de estrategias para prevenir riesgos; esto en medio de una ola de asesinatos de personas defensoras.<\/p>\n\n\n\n<p class=\"wp-block-paragraph\">SEM\/sj<\/p>\n","protected":false},"excerpt":{"rendered":"<p>M\u00e9xico atraviesa por una grave crisis de acceso a la justicia, corrupci\u00f3n e impunidad. El nuevo sistema de justicia penal fracas\u00f3 debido a que no avanz\u00f3 a la par de las reformas y modificaciones constitucionales, la capacitaci\u00f3n de los ministerios p\u00fablicos, la profesionalizaci\u00f3n de operadores y funcionarios, el incremento al presupuesto, ni tampoco se logr\u00f3 contar una polic\u00eda profesional y confiable.<\/p>\n","protected":false},"author":3,"featured_media":62329,"comment_status":"open","ping_status":"open","sticky":false,"template":"","format":"standard","meta":{"_monsterinsights_skip_tracking":false,"footnotes":""},"categories":[47],"tags":[],"class_list":["post-62328","post","type-post","status-publish","format-standard","has-post-thumbnail","category-no-mas-impunidad"],"_links":{"self":[{"href":"https:\/\/redsemlac.com\/semmexico\/wp-json\/wp\/v2\/posts\/62328","targetHints":{"allow":["GET"]}}],"collection":[{"href":"https:\/\/redsemlac.com\/semmexico\/wp-json\/wp\/v2\/posts"}],"about":[{"href":"https:\/\/redsemlac.com\/semmexico\/wp-json\/wp\/v2\/types\/post"}],"author":[{"embeddable":true,"href":"https:\/\/redsemlac.com\/semmexico\/wp-json\/wp\/v2\/users\/3"}],"replies":[{"embeddable":true,"href":"https:\/\/redsemlac.com\/semmexico\/wp-json\/wp\/v2\/comments?post=62328"}],"version-history":[{"count":0,"href":"https:\/\/redsemlac.com\/semmexico\/wp-json\/wp\/v2\/posts\/62328\/revisions"}],"wp:featuredmedia":[{"embeddable":true,"href":"https:\/\/redsemlac.com\/semmexico\/wp-json\/wp\/v2\/media\/62329"}],"wp:attachment":[{"href":"https:\/\/redsemlac.com\/semmexico\/wp-json\/wp\/v2\/media?parent=62328"}],"wp:term":[{"taxonomy":"category","embeddable":true,"href":"https:\/\/redsemlac.com\/semmexico\/wp-json\/wp\/v2\/categories?post=62328"},{"taxonomy":"post_tag","embeddable":true,"href":"https:\/\/redsemlac.com\/semmexico\/wp-json\/wp\/v2\/tags?post=62328"}],"curies":[{"name":"wp","href":"https:\/\/api.w.org\/{rel}","templated":true}]}}