{"id":62320,"date":"2023-02-03T18:47:57","date_gmt":"2023-02-04T00:47:57","guid":{"rendered":"https:\/\/redsemlac.com\/semmexico\/?p=62320"},"modified":"2023-02-03T18:48:04","modified_gmt":"2023-02-04T00:48:04","slug":"rechaza-tsjo-pretension-de-reclasificar-el-delito-cometido-contra-saxofonista","status":"publish","type":"post","link":"https:\/\/redsemlac.com\/semmexico\/rechaza-tsjo-pretension-de-reclasificar-el-delito-cometido-contra-saxofonista\/","title":{"rendered":"Rechaza TSJO pretensi\u00f3n de reclasificar el delito cometido contra saxofonista"},"content":{"rendered":"\n<ul class=\"wp-block-list\">\n<li><strong>En una audiencia realizada hoy, se determin\u00f3 que el delito seguir\u00e1 siendo \u201ctentativa de feminicidio\u201d<\/strong><\/li>\n<\/ul>\n\n\n\n<ul class=\"wp-block-list\">\n<li><strong>Mar\u00eda Elena R\u00edos se\u00f1ala que el juez la revictimiz\u00f3 y fue parcial<\/strong><\/li>\n<\/ul>\n\n\n\n<p class=\"wp-block-paragraph\"><strong>Patricia Brise\u00f1o<\/strong><\/p>\n\n\n\n<p class=\"wp-block-paragraph\">SemM\u00e9xico, Oaxaca, 3 de marzo, 2023.-&nbsp; La sexta sala del Tribunal Superior de Justicia de Oaxaca (TSJO) rechaz\u00f3 reclasificar el delito de tentativa de feminicidio por el delito de lesiones como hab\u00eda solicitado la defensa de Juan Antonio V. C., presunto autor intelectual del ataque con \u00e1cido contra la saxofonista, Mar\u00eda Elena R\u00edos Ortiz.<\/p>\n\n\n\n<p class=\"wp-block-paragraph\">Por lo tanto, el imputado continuar\u00e1 procesado por feminicidio en grado de tentativa y permanecer\u00e1 en el penal estatal varonil de San Francisco Tanivet, Tlacolula, en tanto hay condiciones para que pueda llevar la sujeci\u00f3n domiciliaria, como se inform\u00f3 la semana pasada.<\/p>\n\n\n\n<p class=\"wp-block-paragraph\">El a\u00f1o pasado la defensa del ex diputado local y empresario gasolinero interpuso un amparo, con el argumento que \u201cel delito debe perseguirse como lesiones, ya que R\u00edos Ortiz se ha recuperado del ataque y puede retomar sus actividades\u201d.<\/p>\n\n\n\n<p class=\"wp-block-paragraph\">A trav\u00e9s de un video en redes sociales, la sobreviviente de feminicidio confirm\u00f3 el resultado de la audiencia p\u00fablica, encabezada por el juez de amparo, Ponciano Velasco.<\/p>\n\n\n\n<p class=\"wp-block-paragraph\">&nbsp;\u201cEl juez me revictimiz\u00f3, evidenci\u00f3 su parcialidad y, atendi\u00f3 los supuestos agravios cometidos en contra el presunto feminicida, Juan Antonio V.C.\u201d, sostuvo.<\/p>\n\n\n\n<p class=\"wp-block-paragraph\">\u201cSe ha confirmado el d\u00eda de hoy en estricto apego a la ley la vinculaci\u00f3n a proceso por feminicidio, no son lesiones, nos intentan matar\u201d, asent\u00f3.<\/p>\n\n\n\n<p class=\"wp-block-paragraph\">Apunt\u00f3 que \u201cla violencia \u00e1cida es una de las violencias m\u00e1s extremas perpetradas hacia una mujer, por ser mujer, porque es en raz\u00f3n de g\u00e9nero. Es necesario que desde los tribunales se empiece a entender qu\u00e9 es una violencia feminicida\u201d.<\/p>\n\n\n\n<p class=\"wp-block-paragraph\">Finalmente, la saxofonista oaxaque\u00f1a pidi\u00f3 a sus seguidores estar atentos a sus publicaciones, \u201cdebido a que a\u00fan est\u00e1 pendiente la resoluci\u00f3n del Poder Judicial para saber si le conceden a Juan Antonio V.C., prisi\u00f3n domiciliaria.<\/p>\n\n\n\n<p class=\"wp-block-paragraph\">SEM\/pb<\/p>\n","protected":false},"excerpt":{"rendered":"<p>Mar\u00eda Elena R\u00edos se\u00f1ala que el juez la revictimiz\u00f3 y fue parcial<\/p>\n","protected":false},"author":3,"featured_media":62321,"comment_status":"open","ping_status":"open","sticky":false,"template":"","format":"standard","meta":{"_monsterinsights_skip_tracking":false,"footnotes":""},"categories":[54],"tags":[],"class_list":["post-62320","post","type-post","status-publish","format-standard","has-post-thumbnail","category-mujeres"],"_links":{"self":[{"href":"https:\/\/redsemlac.com\/semmexico\/wp-json\/wp\/v2\/posts\/62320","targetHints":{"allow":["GET"]}}],"collection":[{"href":"https:\/\/redsemlac.com\/semmexico\/wp-json\/wp\/v2\/posts"}],"about":[{"href":"https:\/\/redsemlac.com\/semmexico\/wp-json\/wp\/v2\/types\/post"}],"author":[{"embeddable":true,"href":"https:\/\/redsemlac.com\/semmexico\/wp-json\/wp\/v2\/users\/3"}],"replies":[{"embeddable":true,"href":"https:\/\/redsemlac.com\/semmexico\/wp-json\/wp\/v2\/comments?post=62320"}],"version-history":[{"count":0,"href":"https:\/\/redsemlac.com\/semmexico\/wp-json\/wp\/v2\/posts\/62320\/revisions"}],"wp:featuredmedia":[{"embeddable":true,"href":"https:\/\/redsemlac.com\/semmexico\/wp-json\/wp\/v2\/media\/62321"}],"wp:attachment":[{"href":"https:\/\/redsemlac.com\/semmexico\/wp-json\/wp\/v2\/media?parent=62320"}],"wp:term":[{"taxonomy":"category","embeddable":true,"href":"https:\/\/redsemlac.com\/semmexico\/wp-json\/wp\/v2\/categories?post=62320"},{"taxonomy":"post_tag","embeddable":true,"href":"https:\/\/redsemlac.com\/semmexico\/wp-json\/wp\/v2\/tags?post=62320"}],"curies":[{"name":"wp","href":"https:\/\/api.w.org\/{rel}","templated":true}]}}