{"id":62317,"date":"2023-02-03T16:26:53","date_gmt":"2023-02-03T22:26:53","guid":{"rendered":"https:\/\/redsemlac.com\/semmexico\/?p=62317"},"modified":"2023-02-03T16:26:55","modified_gmt":"2023-02-03T22:26:55","slug":"en-2022-la-trata-de-personas-paso-a-la-clandestinidad-por-la-pandemia-senala-unodc","status":"publish","type":"post","link":"https:\/\/redsemlac.com\/semmexico\/en-2022-la-trata-de-personas-paso-a-la-clandestinidad-por-la-pandemia-senala-unodc\/","title":{"rendered":"En 2022 la trata de personas paso a la clandestinidad por la pandemia, se\u00f1ala UNODC"},"content":{"rendered":"\n<ul class=\"wp-block-list\">\n<li>Las mujeres, ni\u00f1as y ni\u00f1os los mas afectados por violencia extrema<\/li>\n<\/ul>\n\n\n\n<ul class=\"wp-block-list\">\n<li>Mujeres ind\u00edgenas se capacitan para detectar la trata con apoyo de Naciones Unidas<\/li>\n<\/ul>\n\n\n\n<p class=\"wp-block-paragraph\">Elda Montiel<\/p>\n\n\n\n<p class=\"wp-block-paragraph\">SemM\u00e9xico, Cd. de M\u00e9xico, 3 de febrero 2023.- Por las restricciones que trajo la pandemia, la trata de personas a nivel mundial dio un paso a la clandestinidad y afecto la capacidad de las autoridades para combatir este delito. Como consecuencia, el n\u00famero de victimas detectadas se redujo en 11 por ciento con respecto a 2019.<\/p>\n\n\n\n<p class=\"wp-block-paragraph\">El Informe Mundial sobre Trata de Personas 2022, lanzado en M\u00e9xico este jueves, tambi\u00e9n examina casos judiciales que muestran que las mujeres v\u00edctimas son sometidas a violencia f\u00edsica o extrema a manos de los tratantes en una proporci\u00f3n tres veces mayor que los hombres, y los ni\u00f1os casi dos veces m\u00e1s a menudo que los adultos.<\/p>\n\n\n\n<p class=\"wp-block-paragraph\">Al mismo tiempo, las mujeres investigadas por trata de personas tienen tambi\u00e9n muchas m\u00e1s probabilidades de ser condenadas que los hombres. Esto sugiere que el sistema judicial puede discriminar a las mujeres, y\/o que el papel de las mujeres en las redes de trata puede aumentar la probabilidad de que sean condenadas por el delito.<\/p>\n\n\n\n<p class=\"wp-block-paragraph\">Durante el lanzamiento del Informe, participo la fiscal especializada de este delito en el Estado de M\u00e9xico, Guillermina Cabrera Figueroa, quien destac\u00f3 la importancia de la denuncia, difundir informaci\u00f3n confiable y crear refugios para la protecci\u00f3n de las v\u00edctimas y para prepararlas para los juicios. En el Estado de M\u00e9xico existen tres refugios para las v\u00edctimas de trata.<\/p>\n\n\n\n<p class=\"wp-block-paragraph\">Por otra parte, se\u00f1al\u00f3 que no es que no existan estados en el pa\u00eds donde no haya trata, sino que se requiere difundir como detectar y como denunciar este delito, asi como cumplir con los establecido en la Ley General para Prevenir, Sancionar, Prevenir y Erradicar los Delitos de Trata de Personas que establece que todos los estados cuenten con fiscal\u00edas o unidades especializadas en trata de personas. As\u00ed como con el personal especializado en la materia desde los polic\u00edas hasta los t\u00e9cnicos en investigaci\u00f3n forense.<\/p>\n\n\n\n<h2 class=\"wp-block-heading\">La trata con fines de explotaci\u00f3n sexual ligado a la violencia de g\u00e9nero<\/h2>\n\n\n\n<p class=\"wp-block-paragraph\">Mario Cordero, Titular del Programa de Crimen Organizado y Drogas de UNODC M\u00e9xico, dijo que la reducci\u00f3n del 24 por ciento en la explotaci\u00f3n de personas con fines sexuales que se traslad\u00f3 a espacios privados durante la pandemia esta muy ligado a la violencia de g\u00e9nero, ya que la ocurrencia de este delito se dio en 18 por ciento en departamento u hogar, el 14 por ciento en un bar, y el 11 por ciento en un hotel o calle, y 9 por ciento en sauna o masaje.<\/p>\n\n\n\n<p class=\"wp-block-paragraph\">Enfatiz\u00f3 que estas cifras nos deben hacer reflexionar que son personas victimas de este delito y hacer muy esc\u00e9pticos cuando pasamos por establecimientos como los de masajes porque puede haber una persona que esta siendo explotada.<\/p>\n\n\n\n<p class=\"wp-block-paragraph\">Asimismo, hizo \u00e9nfasis en el hallazgo de que la mayor\u00eda de las victimas lo hicieron por \u201cautorrescate\u201d, ellas huyeron lo que es muy alarmante considerando que muchas v\u00edctimas no se reconocen como tales, ya que este es un proceso gradual lento que requiere de acompa\u00f1amiento, sin embargo, lograron escapar de esta violencia.<\/p>\n\n\n\n<p class=\"wp-block-paragraph\">El 41 por ciento de los casos detectados fue por acci\u00f3n inicial de la v\u00edctima, 28 por ciento por parte de la polic\u00eda; 11 por ciento por la comunidad o desconocidos; 10 por ciento por la familia, y 9 por ciento por instituciones o sociedad civil.<\/p>\n\n\n\n<p class=\"wp-block-paragraph\">Al respecto, coincidi\u00f3 con la fiscal Guillermina Cabrera Figueroa que se requiere de informaci\u00f3n clara, precisa y sencilla de c\u00f3mo poder identificar este delito y una gran labor de sensibilizaci\u00f3n.<\/p>\n\n\n\n<h2 class=\"wp-block-heading\">Mujeres ind\u00edgenas capacitadas para detener el delito de trata y reforzamiento de refugios, programas de UNODC M\u00e9xico<\/h2>\n\n\n\n<p class=\"wp-block-paragraph\">Dos iniciativas que lleva a cabo UNODC en M\u00e9xico, uno a trav\u00e9s de capacitar a mujeres l\u00edderes ind\u00edgenas para la detecci\u00f3n del delito de trata y el reforzamiento nacional en refugios de victimas de trata, marcan un antes y un despu\u00e9s en la manera de abordar el delito de Trata de Personas.<\/p>\n\n\n\n<p class=\"wp-block-paragraph\">Mario Cordero, titular del Programa de Crimen Organizado y Delito de UNODC explic\u00f3 que en coordinaci\u00f3n con autoridades y casas de las mujeres se llev\u00f3 con gran \u00e9xito el proyecto en las comunidades ind\u00edgenas para dotar a las mujeres l\u00edderes ind\u00edgenas de instrumentos para detectar la trata de personas en las comunidades de San Quint\u00edn, Baja California; Tlaola, Puebla y Papantla, Veracruz<\/p>\n\n\n\n<p class=\"wp-block-paragraph\">Este proyecto financiado por el gobierno de Canad\u00e1 se abord\u00f3 con una nueva mirada, \u201clo que no se ve, no existe, y se dot\u00f3 de instrumentos en lengua ind\u00edgena a las mujeres liderezas para la detecci\u00f3n de este delito en comunidades vulnerables.<\/p>\n\n\n\n<p class=\"wp-block-paragraph\">El otro proyecto fue el fortalecimiento de los 13 albergues que auxilian a v\u00edctimas de trata y 26 refugios para las mujeres v\u00edctimas de violencia de g\u00e9nero, con apoyo del gobierno de Estados Unidos. Se aprovecho la experiencia de a\u00f1os de los albergues y se realiz\u00f3 un diagn\u00f3stico de las necesidades de las victimas para su recuperaci\u00f3n, bajo que modalidades son explotadas, cu\u00e1ntas victimas hay, y que requieren para el acompa\u00f1amiento.<\/p>\n\n\n\n<p class=\"wp-block-paragraph\">Se elabor\u00f3 un manual de operaci\u00f3n para albergues y refugios para homologar la atenci\u00f3n a las v\u00edctimas de trata. Asimismo, se llev\u00f3 a cabo una estrategia de comunicaci\u00f3n en alianza con Aerom\u00e9xico que tuvo un impacto de 1.6 millones de personas a trav\u00e9s de tarjetones con los indicadores claves para poder identificar el delito de trata.<\/p>\n\n\n\n<p class=\"wp-block-paragraph\">Entre los hallazgos del Informe Mundial 2022, se encuentra que conforme aparecen nuevas formas de explotaci\u00f3n, los ni\u00f1os y hombres representan una mayor proporci\u00f3n de<br>las v\u00edctimas detectadas.<\/p>\n\n\n\n<h2 class=\"wp-block-heading\">Mujeres la mayor\u00eda de v\u00edctimas detectadas en Norteam\u00e9rica y las ni\u00f1as en Centroam\u00e9rica y el Caribe<\/h2>\n\n\n\n<p class=\"wp-block-paragraph\">El delito de trata de personas contin\u00faa principalmente afectando a mujeres y ni\u00f1as en la regi\u00f3n. Las mujeres siguen representando la mayor\u00eda de las v\u00edctimas detectadas en Norteam\u00e9rica y las ni\u00f1as, en Centroam\u00e9rica y el Caribe.<\/p>\n\n\n\n<p class=\"wp-block-paragraph\">Mientras que a nivel global baj\u00f3 el n\u00famero de casos de trata de personas con fines de explotaci\u00f3n sexual, en Norteam\u00e9rica, Centroam\u00e9rica y el Caribe, esta sigue siendo la principal modalidad detectada de este delito.<\/p>\n\n\n\n<p class=\"wp-block-paragraph\">El Informe muestra que en Norteam\u00e9rica, a diferencia de la tendencia global, la detecci\u00f3n de v\u00edctimas aument\u00f3 16 por ciento en 2020. Se incrementaron las detecciones de v\u00edctimas tanto hombres (26 %) como mujeres (14 %). Sin embargo, disminuy\u00f3 el n\u00famero de condenas en 35 por ciento.<\/p>\n\n\n\n<p class=\"wp-block-paragraph\">Entre las respuestas que recomienda el Informe Mundial 2022 a los gobiernos de la regi\u00f3n, una mayor inversi\u00f3n estatal para la identificaci\u00f3n proactiva de las v\u00edctimas mediante investigaciones con enfoque de g\u00e9nero y perspectiva de derechos humanos.<\/p>\n\n\n\n<p class=\"wp-block-paragraph\">La promoci\u00f3n de la denuncia confidencial y an\u00f3nima en l\u00ednea para alertar sobre posibles casos de este delito, y el fortalecimiento y aumento de la atenci\u00f3n y servicios especializados para v\u00edctimas de violencia extrema.<\/p>\n\n\n\n<p class=\"wp-block-paragraph\">Una mayor regulaci\u00f3n de las plataformas en l\u00ednea donde se ha detectado la amenaza de la trata de personas.<\/p>\n\n\n\n<p class=\"wp-block-paragraph\">Programas de capacitaci\u00f3n para prevenir el delito entre posibles v\u00edctimas. La formaci\u00f3n judicial e intercambio de buenas pr\u00e1cticas entre pa\u00edses.<\/p>\n\n\n\n<p class=\"wp-block-paragraph\">El s\u00e9ptimo Informe se basa en el mayor conjunto de datos existente sobre trata de personas, con informaci\u00f3n sobre m\u00e1s de 450,000 v\u00edctimas y 300,000 (presuntos) delincuentes detectados en todo el mundo entre 2003 y 2021.<\/p>\n\n\n\n<p class=\"wp-block-paragraph\">El Informe Mundial de UNODC sobre Trata de Personas se ha publicado desde 2009, como un mandato de la Asamblea General de las Naciones Unidas de informar sobre una respuesta eficaz a este delito y situarlo en el contexto de la Agenda de Desarrollo Sostenible de las Naciones Unidas.<br>SEM\/MG<\/p>\n","protected":false},"excerpt":{"rendered":"<p>Elda Montiel SemM\u00e9xico, Cd. de M\u00e9xico, 3 de febrero 2023.- Por las restricciones que trajo la pandemia, la trata de personas a nivel mundial dio un paso a la clandestinidad y afecto la capacidad de las autoridades para combatir este delito. Como consecuencia, el n\u00famero de victimas detectadas se redujo en 11 por ciento con [&hellip;]<\/p>\n","protected":false},"author":3,"featured_media":62318,"comment_status":"open","ping_status":"open","sticky":false,"template":"","format":"standard","meta":{"_monsterinsights_skip_tracking":false,"footnotes":""},"categories":[51],"tags":[],"class_list":["post-62317","post","type-post","status-publish","format-standard","has-post-thumbnail","category-ejecutivo"],"_links":{"self":[{"href":"https:\/\/redsemlac.com\/semmexico\/wp-json\/wp\/v2\/posts\/62317","targetHints":{"allow":["GET"]}}],"collection":[{"href":"https:\/\/redsemlac.com\/semmexico\/wp-json\/wp\/v2\/posts"}],"about":[{"href":"https:\/\/redsemlac.com\/semmexico\/wp-json\/wp\/v2\/types\/post"}],"author":[{"embeddable":true,"href":"https:\/\/redsemlac.com\/semmexico\/wp-json\/wp\/v2\/users\/3"}],"replies":[{"embeddable":true,"href":"https:\/\/redsemlac.com\/semmexico\/wp-json\/wp\/v2\/comments?post=62317"}],"version-history":[{"count":0,"href":"https:\/\/redsemlac.com\/semmexico\/wp-json\/wp\/v2\/posts\/62317\/revisions"}],"wp:featuredmedia":[{"embeddable":true,"href":"https:\/\/redsemlac.com\/semmexico\/wp-json\/wp\/v2\/media\/62318"}],"wp:attachment":[{"href":"https:\/\/redsemlac.com\/semmexico\/wp-json\/wp\/v2\/media?parent=62317"}],"wp:term":[{"taxonomy":"category","embeddable":true,"href":"https:\/\/redsemlac.com\/semmexico\/wp-json\/wp\/v2\/categories?post=62317"},{"taxonomy":"post_tag","embeddable":true,"href":"https:\/\/redsemlac.com\/semmexico\/wp-json\/wp\/v2\/tags?post=62317"}],"curies":[{"name":"wp","href":"https:\/\/api.w.org\/{rel}","templated":true}]}}