{"id":62314,"date":"2023-02-03T12:50:29","date_gmt":"2023-02-03T18:50:29","guid":{"rendered":"https:\/\/redsemlac.com\/semmexico\/?p=62314"},"modified":"2023-02-03T12:50:31","modified_gmt":"2023-02-03T18:50:31","slug":"impostergable-que-la-fgj-otorgue-justicia-con-perspectiva-de-genero-en-doble-feminicidio-inmujeres","status":"publish","type":"post","link":"https:\/\/redsemlac.com\/semmexico\/impostergable-que-la-fgj-otorgue-justicia-con-perspectiva-de-genero-en-doble-feminicidio-inmujeres\/","title":{"rendered":"Impostergable que la FGJ otorgue justicia con perspectiva de g\u00e9nero en doble feminicidio, Inmujeres"},"content":{"rendered":"\n<ul class=\"wp-block-list\">\n<li><strong>Urgen al gobierno estatal implementar las medidas de prevenci\u00f3n y protecci\u00f3n para las mujeres.<\/strong><\/li>\n\n\n\n<li><strong>Inmujeres recomienda a los medios de comunicaci\u00f3n apegarse a la normativa para cubrir y difundir hechos sin revictimizar.&nbsp;<\/strong><\/li>\n<\/ul>\n\n\n\n<p class=\"wp-block-paragraph\"><strong>Redacci\u00f3n<\/strong><\/p>\n\n\n\n<p class=\"wp-block-paragraph\">SemM\u00e9xico, Ciudad de M\u00e9xico, 3 de febrero del 2023.- &nbsp;Por el feminicidio de Alondra y su madre Liliana, ocurrido dentro de las instalaciones del Ministerio P\u00fablico de Poncitl\u00e1n, Jalisco, al acudir -por segunda ocasi\u00f3n- a denunciar a la pareja sentimental de la joven por violencia de g\u00e9nero, el Instituto Nacional de las Mujeres (Inmujeres) condena y hace un llamado a la Fiscal\u00eda General de Jalisco.<\/p>\n\n\n\n<p class=\"wp-block-paragraph\">Inmujeres exige se realicen las investigaciones correspondientes y se garantice justicia con perspectiva de g\u00e9nero como establece la legislaci\u00f3n. Al gobierno estatal, a implementar las medidas urgentes de prevenci\u00f3n y protecci\u00f3n para las mujeres, adolescentes y ni\u00f1as de la entidad.&nbsp;<\/p>\n\n\n\n<p class=\"wp-block-paragraph\">Desde el Instituto se exhorta tambi\u00e9n a los medios de comunicaci\u00f3n a apegarse a la normativa para cubrir y difundir hechos feminicidas sin revictimizar a las mujeres y a sus familias. Para ello, recuerdan consultar la publicaci\u00f3n <em>Un manual urgente para la cobertura de violencia contra las mujeres y feminicidios en M\u00e9xico (2021)<\/em>, que se encuentra disponible de manera gratuita en el Centro de Documentaci\u00f3n del Inmujeres: <a href=\"https:\/\/bit.ly\/3X1rkhQ\">https:\/\/bit.ly\/3X1rkhQ<\/a> &nbsp;&nbsp;<\/p>\n\n\n\n<p class=\"wp-block-paragraph\">Asimismo, refrendan su compromiso de impulsar las acciones necesarias para que se fortalezca la estrategia integral en materia de prevenci\u00f3n y atenci\u00f3n a la violencia contra las mujeres, adem\u00e1s de edificar mejores condiciones que permitan construir una sociedad con paz, libertad y tranquilidad.&nbsp;<\/p>\n\n\n\n<p class=\"wp-block-paragraph\">SEM\/MG<\/p>\n","protected":false},"excerpt":{"rendered":"<p>Urgen al gobierno estatal implementar las medidas de prevenci\u00f3n y protecci\u00f3n para las mujeres.<\/p>\n","protected":false},"author":3,"featured_media":62315,"comment_status":"open","ping_status":"open","sticky":false,"template":"","format":"standard","meta":{"_monsterinsights_skip_tracking":false,"footnotes":""},"categories":[51],"tags":[],"class_list":["post-62314","post","type-post","status-publish","format-standard","has-post-thumbnail","category-ejecutivo"],"_links":{"self":[{"href":"https:\/\/redsemlac.com\/semmexico\/wp-json\/wp\/v2\/posts\/62314","targetHints":{"allow":["GET"]}}],"collection":[{"href":"https:\/\/redsemlac.com\/semmexico\/wp-json\/wp\/v2\/posts"}],"about":[{"href":"https:\/\/redsemlac.com\/semmexico\/wp-json\/wp\/v2\/types\/post"}],"author":[{"embeddable":true,"href":"https:\/\/redsemlac.com\/semmexico\/wp-json\/wp\/v2\/users\/3"}],"replies":[{"embeddable":true,"href":"https:\/\/redsemlac.com\/semmexico\/wp-json\/wp\/v2\/comments?post=62314"}],"version-history":[{"count":0,"href":"https:\/\/redsemlac.com\/semmexico\/wp-json\/wp\/v2\/posts\/62314\/revisions"}],"wp:featuredmedia":[{"embeddable":true,"href":"https:\/\/redsemlac.com\/semmexico\/wp-json\/wp\/v2\/media\/62315"}],"wp:attachment":[{"href":"https:\/\/redsemlac.com\/semmexico\/wp-json\/wp\/v2\/media?parent=62314"}],"wp:term":[{"taxonomy":"category","embeddable":true,"href":"https:\/\/redsemlac.com\/semmexico\/wp-json\/wp\/v2\/categories?post=62314"},{"taxonomy":"post_tag","embeddable":true,"href":"https:\/\/redsemlac.com\/semmexico\/wp-json\/wp\/v2\/tags?post=62314"}],"curies":[{"name":"wp","href":"https:\/\/api.w.org\/{rel}","templated":true}]}}