{"id":62311,"date":"2023-02-03T12:48:45","date_gmt":"2023-02-03T18:48:45","guid":{"rendered":"https:\/\/redsemlac.com\/semmexico\/?p=62311"},"modified":"2023-02-03T12:48:48","modified_gmt":"2023-02-03T18:48:48","slug":"reportan-probable-caso-de-tetanos-en-nina-de-tres-anos-en-comunidad-de-oaxaca","status":"publish","type":"post","link":"https:\/\/redsemlac.com\/semmexico\/reportan-probable-caso-de-tetanos-en-nina-de-tres-anos-en-comunidad-de-oaxaca\/","title":{"rendered":"Reportan probable caso de t\u00e9tanos en ni\u00f1a de tres a\u00f1os, en comunidad de Oaxaca"},"content":{"rendered":"\n<ul class=\"wp-block-list\">\n<li><strong>La menor no cuenta con esquema de vacunaci\u00f3n completa.<\/strong><\/li>\n<\/ul>\n\n\n\n<ul class=\"wp-block-list\">\n<li><strong>Habr\u00eda adquirido el padecimiento al introducir un grano de caf\u00e9 contaminado en su nariz.<\/strong><\/li>\n<\/ul>\n\n\n\n<p class=\"wp-block-paragraph\"><strong>Patricia Brise\u00f1o<\/strong><\/p>\n\n\n\n<p class=\"wp-block-paragraph\">SemM\u00e9xico, Oaxaca, 3 de febrero del 2023.- Un probable cuadro de t\u00e9tanos en una ni\u00f1a de tres a\u00f1os de edad, atienden m\u00e9dicos pediatras, en el hospital metropolitano de la Ni\u00f1ez Oaxaque\u00f1a \u00abGuillermo Z\u00e1rate Mijangos\u00bb, donde su estado de salud se reporta como reservado.<\/p>\n\n\n\n<p class=\"wp-block-paragraph\">Alejandro Ram\u00edrez Figueroa, subdirector general de los Servicios de Salud de Oaxaca inform\u00f3 que la paciente pedi\u00e1trica recibe atenci\u00f3n m\u00e9dica especializada, luego de haber sido atendida en el centro m\u00e9dico, de San Pedro Pochutla, en la regi\u00f3n Costa.<\/p>\n\n\n\n<p class=\"wp-block-paragraph\">Seg\u00fan la familia, la ni\u00f1a se introdujo en la fosa nasal (narina) un grano de caf\u00e9 que se encontraba al ras de suelo, que los m\u00e9dicos la atendieron oportunamente; sin embargo, \u201cel grano de caf\u00e9 probablemente contaminado por la espora del t\u00e9tanos (Clostridium Tetan), se introdujo en el torrente circulatorio, a trav\u00e9s de los vasos sangu\u00edneos\u201d, explic\u00f3.<\/p>\n\n\n\n<p class=\"wp-block-paragraph\">El m\u00e9dico detall\u00f3 que por la evoluci\u00f3n de su estado de salud, se llev\u00f3 a cabo el traslado a\u00e9reo de emergencia con diagn\u00f3stico de probable neuroinfecci\u00f3n.<\/p>\n\n\n\n<p class=\"wp-block-paragraph\">La menor, originaria de la zona ind\u00edgena de San Agust\u00edn Loxicha, en la Sierra Sur, ingres\u00f3 el pasado 30 de enero al centro m\u00e9dico infantil, localizado en la zona metropolitana de la ciudad de Oaxaca y actualmente el diagn\u00f3stico de su estado de salud es reservado.<\/p>\n\n\n\n<p class=\"wp-block-paragraph\">Los Servicios de Salud de Oaxaca enviaron una brigada m\u00e9dica al lugar donde vive la menor para realizar actividades de vigilancia epidemiol\u00f3gica y de cobertura de vacunaci\u00f3n e investigaci\u00f3n de los antecedentes de la paciente.<\/p>\n\n\n\n<p class=\"wp-block-paragraph\">Revel\u00f3 que al revisar la cartilla de vacunaci\u00f3n de la paciente se observ\u00f3 la falta de las dosis b\u00e1sicas dirigidas a ni\u00f1os y ni\u00f1as; \u201cen sus tres a\u00f1os de vida, \u00fanicamente, lleva una vacuna, cuando debi\u00f3 contar con una decena, incluyendo refuerzos\u201d, dijo.<\/p>\n\n\n\n<p class=\"wp-block-paragraph\">Agreg\u00f3 que a la fecha se cuenta con una cobertura de vacunaci\u00f3n del 97.3 % en menores de 1 a\u00f1o; con el 84.7 % de la dosis Hexavalente en el grupo de edad de un a\u00f1o y de DPT (difteria, tos ferina y t\u00e9tanos) del 86.9 %.<\/p>\n\n\n\n<p class=\"wp-block-paragraph\">Finalmente, mencion\u00f3 que la instituci\u00f3n tiene disponibilidad de 49 mil 304 dosis de Hexavalente Acelular, siete mil 710 dosis de DPT y 126 mil 720 de Tuberculosis (Tb).<\/p>\n\n\n\n<h2 class=\"wp-block-heading\"><strong>T\u00e9tanos<\/strong><\/h2>\n\n\n\n<p class=\"wp-block-paragraph\">La enfermedad se transmite por la espora del t\u00e9tanos que se introduce en el cuerpo a trav\u00e9s de una herida contaminada; la espora se encuentra en tierra, polvo, excremento, quemaduras. No se trasmite de persona a persona.<\/p>\n\n\n\n<p class=\"wp-block-paragraph\">En condiciones anaer\u00f3bicas favorables, como las heridas sucias con necrosis, este bacilo ubicuo puede producir una neurotoxina extremadamente potente, denominada toxina tet\u00e1nica, que bloquea los neurotransmisores inhibitorios del sistema nervioso central, produciendo la rigidez y los espasmos musculares t\u00edpicos del t\u00e9tanos.<\/p>\n\n\n\n<p class=\"wp-block-paragraph\">El periodo de incubaci\u00f3n es de tres a 28 d\u00edas, en promedio siete d\u00edas.<\/p>\n\n\n\n<p class=\"wp-block-paragraph\">En el periodo de 2016 a 2019 en Oaxaca se reportaron ocho casos.<\/p>\n\n\n\n<p class=\"wp-block-paragraph\">SEM\/pb\/MG<\/p>\n","protected":false},"excerpt":{"rendered":"<p>La menor no cuenta con esquema de vacunaci\u00f3n completa.<\/p>\n","protected":false},"author":3,"featured_media":62312,"comment_status":"open","ping_status":"open","sticky":false,"template":"","format":"standard","meta":{"_monsterinsights_skip_tracking":false,"footnotes":""},"categories":[51],"tags":[],"class_list":["post-62311","post","type-post","status-publish","format-standard","has-post-thumbnail","category-ejecutivo"],"_links":{"self":[{"href":"https:\/\/redsemlac.com\/semmexico\/wp-json\/wp\/v2\/posts\/62311","targetHints":{"allow":["GET"]}}],"collection":[{"href":"https:\/\/redsemlac.com\/semmexico\/wp-json\/wp\/v2\/posts"}],"about":[{"href":"https:\/\/redsemlac.com\/semmexico\/wp-json\/wp\/v2\/types\/post"}],"author":[{"embeddable":true,"href":"https:\/\/redsemlac.com\/semmexico\/wp-json\/wp\/v2\/users\/3"}],"replies":[{"embeddable":true,"href":"https:\/\/redsemlac.com\/semmexico\/wp-json\/wp\/v2\/comments?post=62311"}],"version-history":[{"count":0,"href":"https:\/\/redsemlac.com\/semmexico\/wp-json\/wp\/v2\/posts\/62311\/revisions"}],"wp:featuredmedia":[{"embeddable":true,"href":"https:\/\/redsemlac.com\/semmexico\/wp-json\/wp\/v2\/media\/62312"}],"wp:attachment":[{"href":"https:\/\/redsemlac.com\/semmexico\/wp-json\/wp\/v2\/media?parent=62311"}],"wp:term":[{"taxonomy":"category","embeddable":true,"href":"https:\/\/redsemlac.com\/semmexico\/wp-json\/wp\/v2\/categories?post=62311"},{"taxonomy":"post_tag","embeddable":true,"href":"https:\/\/redsemlac.com\/semmexico\/wp-json\/wp\/v2\/tags?post=62311"}],"curies":[{"name":"wp","href":"https:\/\/api.w.org\/{rel}","templated":true}]}}