{"id":6231,"date":"2018-09-25T23:22:41","date_gmt":"2018-09-25T23:22:41","guid":{"rendered":"https:\/\/redsemlac.com\/semmexico\/?p=6231"},"modified":"2023-07-21T14:33:12","modified_gmt":"2023-07-21T19:33:12","slug":"testimonio-de-una-victima-de-acoso-en-ado","status":"publish","type":"post","link":"https:\/\/redsemlac.com\/semmexico\/testimonio-de-una-victima-de-acoso-en-ado\/","title":{"rendered":"Testimonio de una v\u00edctima de acoso en ADO"},"content":{"rendered":"\n<p class=\"wp-block-paragraph\">Las activistas propusieron la proyecci\u00f3n de un video durante los trayectos.<\/p>\n\n\n\n<h5 class=\"wp-block-heading\"> No existe voluntad de resolver los abusos sexuales en esa empresa.<\/h5>\n\n\n\n<p class=\"wp-block-paragraph\"><a href=\"https:\/\/semmexico.com\/gallery-post.php?id=5939#\">Billy Parker<\/a><\/p>\n\n\n\n<p class=\"wp-block-paragraph\">SemM\u00e9xico. Veracruz. 25 de septiembre de 2018.- \u00a1Advertencia! Tu hija, hermana o madre pueden sufrir, o han sufrido acoso y agresi\u00f3n sexual al viajar en ADO. Es importante que sepas que es tierra sin ley. El Diagn\u00f3stico sobre Violencia hacia Mujeres y Ni\u00f1as, reporta que m\u00e1s del cincuenta por ciento han sido violentadas en el transporte p\u00fablico. \u201cGooglea\u201d el tema de acoso o agresi\u00f3n en ADO y te dar\u00e1s cuenta de la grave omisi\u00f3n de la empresa para que las mujeres viajen con seguridad.<\/p>\n\n\n\n<p class=\"wp-block-paragraph\">El tema lo abordo de manera radical porque as\u00ed deben visibilizarse los indignantes mecanismos de control machista sobre las mujeres. Desde el agresor sexual directo hasta los choferes, autoridades, empresas de autobuses o taxis, los polic\u00edas y ministerios p\u00fablicos, l\u00edderes de transporte p\u00fablico. Lo m\u00e1s infame es el aval de las mujeres patriarcales que insultan a quien lo denuncia. &nbsp;Esta es la historia de una v\u00edctima en el ADO que retrata el escenario de inseguridad:<\/p>\n\n\n\n<p class=\"wp-block-paragraph\">\u201cUn apret\u00f3n en mi gl\u00fateo me despert\u00f3, sab\u00eda que pod\u00eda estar en riesgo y decid\u00ed permanecer inm\u00f3vil y evaluar la&nbsp; situaci\u00f3n, sent\u00ed movimientos bruscos al lado m\u00edo, mi cara estaba hacia la ventana y no ten\u00eda una idea de lo que suced\u00eda\u201d, me narra una joven v\u00edctima del incremento de abusadores sexuales en el ADO.<\/p>\n\n\n\n<p class=\"wp-block-paragraph\">\u201cLa pierna del hombre que estaba al lado m\u00edo tocaba mi pierna, fing\u00ed roncar, poco a poco sent\u00ed que una mano tocaba mi pierna despacio y luego fuerte, sent\u00ed algo caliente y me llen\u00e9 de asco y enojo, gir\u00e9 bruscamente y el tipo se par\u00f3 muy r\u00e1pido, ven\u00eda toc\u00e1ndose, s\u00f3lo se cubri\u00f3 con su chamarra y avanz\u00f3 r\u00e1pidamente hacia atr\u00e1s, diciendo \u00a1perd\u00f3n! \u00a1Perd\u00f3n!\u201d.<\/p>\n\n\n\n<p class=\"wp-block-paragraph\">Enojada e indignada &nbsp;la joven fue tras \u00e9l, que se sent\u00f3 en el \u00faltimo asiento para reclamarle\u2026Ning\u00fan pasajero la apoyo. \u201cCamin\u00e9 hasta donde se encuentra el conductor y de forma tranquila intent\u00e9 explicar para no distraerlo mientras manejaba, \u00e9l me dijo que esperar\u00eda a la pr\u00f3xima caseta y pedir\u00eda el apoyo de la Polic\u00eda Federal\u201d.<\/p>\n\n\n\n<p class=\"wp-block-paragraph\">Llegaron a Huamantla, donde se encontraba una patrulla de la Polic\u00eda Federal, se baj\u00f3 el conductor &nbsp;y el sujeto de aproximadamente 45 a\u00f1os, \u201cyo me trat\u00e9 de acercarme r\u00e1pido para explicar la situaci\u00f3n, sin embargo se me dificultaba hablar porque ten\u00eda un temblor espantoso en todo el cuerpo, supongo que del fr\u00edo o el enojo, me&nbsp; identifiqu\u00e9 con los oficiales y expuse la situaci\u00f3n. El copiloto se baj\u00f3 de la patrulla y me \u201cjal\u00f3\u201d para hablar conmigo y el otro se qued\u00f3 con el conductor y el individuo\u201d. El oficial se justific\u00f3 para no actuar porque \u201clamentablemente las leyes eran as\u00ed, que como \u00edbamos en movimiento, tendr\u00eda que denunciar en Apizaco o Perote y que ser\u00eda muy tardado, porque tendr\u00edan que investigar a que Ministerio p\u00fablico le corresponde la denuncia, y \u00e9l recomendaba esperar a Cdmx\u201d.<\/p>\n\n\n\n<p class=\"wp-block-paragraph\">El sentimiento de indefensi\u00f3n envolvi\u00f3 a la joven que no tuvo claridad de c\u00f3mo proceder, se sinti\u00f3 desubicada \u201ccon necesidad de alguien mayor que me pudiera ayudar, es tonto tengo 24 a\u00f1os pero era una situaci\u00f3n desconocida y grave para m\u00ed\u2026me encontraba sola y con miedo\u201d. Aun as\u00ed la joven logr\u00f3 tomar una foto del depravado sujeto que radica en Xalapa Veracruz, identificado como trabajador de la SEV, el oficial que le ense\u00f1\u00f3 la credencial, del n\u00famero de patrulla 11628, pidi\u00f3 que no mencionara su omisi\u00f3n.<\/p>\n\n\n\n<p class=\"wp-block-paragraph\">\u201cNunca me he sentido en desventaja o d\u00e9bil por ser mujer, me sent\u00eda impotente de saber que no pod\u00eda hacer mucho al respecto, que llegando a M\u00e9xico tal como lo dijo P.F. me dir\u00edan que eso no corresponde al M.P. de all\u00e1, \u00bfc\u00f3mo iba a denunciar? Si cuando baj\u00e9 del bus, el tipo se qued\u00f3 en espera de una maleta que result\u00f3 ser una bocina negra un poco larga, el conductor se acerc\u00f3 y me dijo y siempre \u00bfqu\u00e9 va hacer? Le dije que denunciar\u201d. El tipo se atrevi\u00f3 a pedir disculpas por masturbarse mientras dorm\u00eda como acto de buena fe. \u201cPens\u00e9\u2026 Pudo haber sido mi hermanita, u otra menor, que por miedo no dijera nada, puede ser que en cada uno de sus viajes haga lo mismo, que tenga contacto con menores y se comporte as\u00ed\u201d.<\/p>\n\n\n\n<p class=\"wp-block-paragraph\">El diagnostico de las agresiones a mujeres y ni\u00f1as reporta como m\u00e1s comunes: las miradas lascivas, 90 por ciento de casos: &nbsp;80 por ciento de silbidos; 70 por ciento de agresi\u00f3n sexual verbal y 65 por ciento de contacto f\u00edsico, lo que implica un alto grado de violencia sexual hacia la mujer. En todos los casos el ADO y las autoridades han sido omisas fomentando la impunidad y la repetici\u00f3n del delito.<\/p>\n\n\n\n<p class=\"wp-block-paragraph\">La joven comparti\u00f3 su experiencia en una red social para visibilizar el suceso. No tardaron en reportarla como spam. Mientras estuvo publicada recibi\u00f3 apoyo moral de amigos y familiares, sin embargo conocidos del agresor respondieron con cr\u00edticas, se\u00f1alamientos y hasta amenazas de demanda por exhibirlo. Lo m\u00e1s pat\u00e9tico proven\u00edan de mujeres. &nbsp;<\/p>\n\n\n\n<p class=\"wp-block-paragraph\">\u201c\u00bfNunca sufrieron de acoso? \u00bfSabr\u00e1n de las violaciones, desapariciones y muertes brutales en la entidad? Porque yo s\u00ed, s\u00e9 de amigas que se quedaron calladas, porque sufrieron una violaci\u00f3n y su mam\u00e1 nunca les crey\u00f3, de compa\u00f1eras de mi propia Universidad que desaparecieron y luego fueron encontradas sin vida y con signos de violaci\u00f3n y tortura, de amigas que estuvieron amigas que estuvieron muy graves en el hospital porque atentaron contra su vida, poniendo droga en su bebida y tratando de abusar de ellas, de compa\u00f1eras a las que siguieron saliendo del trabajo y pensaron que no volver\u00edan a casa\u201d, cuestion\u00f3.<\/p>\n\n\n\n<p class=\"wp-block-paragraph\">La chica llor\u00f3 desconsoladamente, \u201cno por m\u00ed, por todas las atrocidades que pasan y se vuelven normales, por la forma en que se condena a una v\u00edctima de un hecho brutal y se protege y justifica a un agresor, me preguntaron si acaso no me daba pena ofender a tan respetable persona, pues no, no me parece bochornoso&#8230;Bochornoso es encontrarte con una sociedad machista, que recrimina, se\u00f1ala y agrede el hacer p\u00fablico un acto de abuso, porque necesitas morir, desaparecer o sufrir una violaci\u00f3n para que te digan y \u00bfPor qu\u00e9 no habl\u00f3? \u00bfPor qu\u00e9 no pidi\u00f3 ayuda? Cuando en la realidad se act\u00faa con doble moral\u201d.<\/p>\n\n\n\n<p class=\"wp-block-paragraph\">\u201cDetallo lo sucedido, porque yo no tuve ninguna culpa, porque los comentarios ofensivos no me hicieron borrar mi publicaci\u00f3n, en ning\u00fan momento me retracto porque es la verdad, concluye la v\u00edctima de un sistema.<\/p>\n\n\n\n<p class=\"wp-block-paragraph\">En 2016 en Xalapa, Organizaciones Civiles y Yadira Hidalgo Gonz\u00e1lez, Directora del Instituto Municipal de las Mujeres, solicit\u00f3 reuni\u00f3n con directivos del ADO por la alta incidencia de casos. &nbsp;Solo le otorgaron una cita, sin mayores consecuencias, evidenciando que no existe voluntad de resolver los abusos sexuales en esa empresa.<\/p>\n\n\n\n<p class=\"wp-block-paragraph\">Las activistas propusieron la proyecci\u00f3n de un video durante los trayectos, capacitaci\u00f3n a los operadores de las unidades&nbsp; y el programa de compa\u00f1era de viaje, que implica un alto costo para las mujeres. Seg\u00fan el ADO las mujeres no hac\u00edan uso del mismo. Y es que las mujeres deben pagar extra por estar protegidas en el ADO y no todas pueden.<\/p>\n\n\n\n<p class=\"wp-block-paragraph\">Si el poder legislativo incrementara sanciones, abatiera la impunidad castigando a los que avalan las agresiones sexuales, empresas y autoridades, otra ser\u00eda la historia.<\/p>\n","protected":false},"excerpt":{"rendered":"<p>Las activistas propusieron la proyecci\u00f3n de un video durante los trayectos. No existe voluntad de resolver los abusos sexuales en esa empresa. Billy Parker SemM\u00e9xico. Veracruz. 25 de septiembre de 2018.- \u00a1Advertencia! Tu hija, hermana o madre pueden sufrir, o han sufrido acoso y agresi\u00f3n sexual al viajar en ADO. Es importante que sepas que [&hellip;]<\/p>\n","protected":false},"author":3,"featured_media":6161,"comment_status":"open","ping_status":"open","sticky":false,"template":"","format":"standard","meta":{"_monsterinsights_skip_tracking":false,"footnotes":""},"categories":[689,81,1],"tags":[],"class_list":["post-6231","post","type-post","status-publish","format-standard","has-post-thumbnail","category-689","category-billy-parker","category-uncategorized"],"_links":{"self":[{"href":"https:\/\/redsemlac.com\/semmexico\/wp-json\/wp\/v2\/posts\/6231","targetHints":{"allow":["GET"]}}],"collection":[{"href":"https:\/\/redsemlac.com\/semmexico\/wp-json\/wp\/v2\/posts"}],"about":[{"href":"https:\/\/redsemlac.com\/semmexico\/wp-json\/wp\/v2\/types\/post"}],"author":[{"embeddable":true,"href":"https:\/\/redsemlac.com\/semmexico\/wp-json\/wp\/v2\/users\/3"}],"replies":[{"embeddable":true,"href":"https:\/\/redsemlac.com\/semmexico\/wp-json\/wp\/v2\/comments?post=6231"}],"version-history":[{"count":0,"href":"https:\/\/redsemlac.com\/semmexico\/wp-json\/wp\/v2\/posts\/6231\/revisions"}],"wp:featuredmedia":[{"embeddable":true,"href":"https:\/\/redsemlac.com\/semmexico\/wp-json\/wp\/v2\/media\/6161"}],"wp:attachment":[{"href":"https:\/\/redsemlac.com\/semmexico\/wp-json\/wp\/v2\/media?parent=6231"}],"wp:term":[{"taxonomy":"category","embeddable":true,"href":"https:\/\/redsemlac.com\/semmexico\/wp-json\/wp\/v2\/categories?post=6231"},{"taxonomy":"post_tag","embeddable":true,"href":"https:\/\/redsemlac.com\/semmexico\/wp-json\/wp\/v2\/tags?post=6231"}],"curies":[{"name":"wp","href":"https:\/\/api.w.org\/{rel}","templated":true}]}}