{"id":62307,"date":"2023-02-03T12:05:26","date_gmt":"2023-02-03T18:05:26","guid":{"rendered":"https:\/\/redsemlac.com\/semmexico\/?p=62307"},"modified":"2023-02-03T12:05:32","modified_gmt":"2023-02-03T18:05:32","slug":"detienen-a-dos-presuntos-feminicidas-en-oaxaca","status":"publish","type":"post","link":"https:\/\/redsemlac.com\/semmexico\/detienen-a-dos-presuntos-feminicidas-en-oaxaca\/","title":{"rendered":"Detienen a dos presuntos feminicidas en Oaxaca"},"content":{"rendered":"\n<ul class=\"wp-block-list\">\n<li><strong>El primero es se\u00f1alado por el feminicidio de dos peque\u00f1as ni\u00f1as en Mat\u00edas Romero.<\/strong><strong><\/strong><\/li>\n<\/ul>\n\n\n\n<ul class=\"wp-block-list\">\n<li><strong>El segundo asesin\u00f3 a su pareja en San Andr\u00e9s Huayapam, ambos hechos ocurrieron en enero pasado.<\/strong><strong><\/strong><\/li>\n<\/ul>\n\n\n\n<p class=\"wp-block-paragraph\"><strong>Redacci\u00f3n<\/strong><strong><\/strong><\/p>\n\n\n\n<p class=\"wp-block-paragraph\">SemM\u00e9xico, Oaxaca, 3 de febrero del 2023.-&nbsp;Leonel A.M. presunto autor del delito de feminicidio agravado en contra de dos ni\u00f1as de siete y tres a\u00f1os de edad.<\/p>\n\n\n\n<p class=\"wp-block-paragraph\">En un comunicado de prensa, la Fiscal\u00eda General del Estado de Oaxaca inform\u00f3 que en colaboraci\u00f3n con la Fiscal\u00eda General de la Ciudad de M\u00e9xico, se ejecut\u00f3 la orden de aprehensi\u00f3n contra Leonel A. M., por el delito de feminicidio agravado.<\/p>\n\n\n\n<p class=\"wp-block-paragraph\">Ser\u00e1 presentado ante un juez de control, ya en la jurisdicci\u00f3n estatal para que determine su situaci\u00f3n jur\u00eddica del imputado acusado del feminicidio agravado de sus hijas de siete y tres a\u00f1os de edad, as\u00ed como de tentativa de feminicidio agravado contra dos mujeres adultas, en hechos ocurridos en Mat\u00edas Romero de Avenda\u00f1o, perteneciente al Istmo de Tehuantepec.<\/p>\n\n\n\n<figure class=\"wp-block-gallery has-nested-images columns-default is-cropped wp-block-gallery-1 is-layout-flex wp-block-gallery-is-layout-flex\">\n<figure class=\"wp-block-image size-large\"><a href=\"https:\/\/redsemlac.com\/semmexico\/wp-content\/uploads\/2023\/02\/Imagen6.jpg\"><img loading=\"lazy\" decoding=\"async\" width=\"166\" height=\"213\" data-id=\"62308\" src=\"https:\/\/redsemlac.com\/semmexico\/wp-content\/uploads\/2023\/02\/Imagen6.jpg\" alt=\"\" class=\"wp-image-62308\"\/><\/a><\/figure>\n\n\n\n<figure class=\"wp-block-image size-large\"><a href=\"https:\/\/redsemlac.com\/semmexico\/wp-content\/uploads\/2023\/02\/Imagen7.png\"><img loading=\"lazy\" decoding=\"async\" width=\"401\" height=\"490\" data-id=\"62309\" src=\"https:\/\/redsemlac.com\/semmexico\/wp-content\/uploads\/2023\/02\/Imagen7.png\" alt=\"\" class=\"wp-image-62309\"\/><\/a><\/figure>\n<\/figure>\n\n\n\n<p class=\"wp-block-paragraph\">La instituci\u00f3n se\u00f1ala que Leonel A.M. fue detenido la tarde de este jueves 2 de febrero de 2023, en un hospital de la alcald\u00eda de Tlalpan en la capital del pa\u00eds y quien este d\u00eda fue dado de alta.<\/p>\n\n\n\n<p class=\"wp-block-paragraph\">Los hechos de los cuales se desprende la orden de aprehensi\u00f3n inscrita dentro de la causa penal 13\/2023, sucedieron durante la madrugada del 3 de enero, en un domicilio particular ubicado en Mat\u00edas Romero, donde se registr\u00f3 un incendio aparentemente provocado.<\/p>\n\n\n\n<p class=\"wp-block-paragraph\">Ante ello, cuatro mujeres resultaron con lesiones de gravedad, motivo por el cual, dos ni\u00f1as perdieron la vida el 4 y el 5 de enero de 2023.<\/p>\n\n\n\n<p class=\"wp-block-paragraph\">Por otra parte, trascendi\u00f3 que fue detenido Azael R.H. quien es el presunto responsable del feminicidio de Mariana Guadalupe A.G. por los hechos ocurridos el pasado martes 30 de enero en el municipio conurbado de San Andr\u00e9s Huayapam.<\/p>\n\n\n\n<p class=\"wp-block-paragraph\">SEM\/sj\/MG<\/p>\n","protected":false},"excerpt":{"rendered":"<p>El primero es se\u00f1alado por el feminicidio de dos peque\u00f1as ni\u00f1as en Mat\u00edas Romero.<\/p>\n","protected":false},"author":3,"featured_media":34258,"comment_status":"open","ping_status":"open","sticky":false,"template":"","format":"standard","meta":{"_monsterinsights_skip_tracking":false,"footnotes":""},"categories":[47,48],"tags":[],"class_list":["post-62307","post","type-post","status-publish","format-standard","has-post-thumbnail","category-no-mas-impunidad","category-no-mas-impunidad-no-mas-impunidad"],"_links":{"self":[{"href":"https:\/\/redsemlac.com\/semmexico\/wp-json\/wp\/v2\/posts\/62307","targetHints":{"allow":["GET"]}}],"collection":[{"href":"https:\/\/redsemlac.com\/semmexico\/wp-json\/wp\/v2\/posts"}],"about":[{"href":"https:\/\/redsemlac.com\/semmexico\/wp-json\/wp\/v2\/types\/post"}],"author":[{"embeddable":true,"href":"https:\/\/redsemlac.com\/semmexico\/wp-json\/wp\/v2\/users\/3"}],"replies":[{"embeddable":true,"href":"https:\/\/redsemlac.com\/semmexico\/wp-json\/wp\/v2\/comments?post=62307"}],"version-history":[{"count":0,"href":"https:\/\/redsemlac.com\/semmexico\/wp-json\/wp\/v2\/posts\/62307\/revisions"}],"wp:featuredmedia":[{"embeddable":true,"href":"https:\/\/redsemlac.com\/semmexico\/wp-json\/wp\/v2\/media\/34258"}],"wp:attachment":[{"href":"https:\/\/redsemlac.com\/semmexico\/wp-json\/wp\/v2\/media?parent=62307"}],"wp:term":[{"taxonomy":"category","embeddable":true,"href":"https:\/\/redsemlac.com\/semmexico\/wp-json\/wp\/v2\/categories?post=62307"},{"taxonomy":"post_tag","embeddable":true,"href":"https:\/\/redsemlac.com\/semmexico\/wp-json\/wp\/v2\/tags?post=62307"}],"curies":[{"name":"wp","href":"https:\/\/api.w.org\/{rel}","templated":true}]}}