{"id":62304,"date":"2023-02-03T12:02:34","date_gmt":"2023-02-03T18:02:34","guid":{"rendered":"https:\/\/redsemlac.com\/semmexico\/?p=62304"},"modified":"2023-02-03T12:02:36","modified_gmt":"2023-02-03T18:02:36","slug":"una-ilusion-las-leyes-que-protegen-a-las-mujeres-dice-familia-de-victimas","status":"publish","type":"post","link":"https:\/\/redsemlac.com\/semmexico\/una-ilusion-las-leyes-que-protegen-a-las-mujeres-dice-familia-de-victimas\/","title":{"rendered":"Una ilusi\u00f3n las leyes que \u201cprotegen a las mujeres\u201d, dice familia de v\u00edctimas"},"content":{"rendered":"\n<ul class=\"wp-block-list\">\n<li><strong>Dos a\u00f1os de impunidad en el doble feminicidio de Rosa Isela y Antonia.<\/strong><strong><\/strong><\/li>\n<\/ul>\n\n\n\n<ul class=\"wp-block-list\">\n<li><strong>El presunto autor intelectual no fue vinculado a proceso por este delito en noviembre pasado, acusan actos de corrupci\u00f3n.<\/strong><strong><\/strong><\/li>\n<\/ul>\n\n\n\n<p class=\"wp-block-paragraph\"><strong>Soledad Jarqu\u00edn Edgar<\/strong><strong><\/strong><\/p>\n\n\n\n<p class=\"wp-block-paragraph\">SemM\u00e9xico, Oaxaca, 3 de febrero del 2023.- Con un presunto responsable, vinculado en noviembre pasado por el delito de despojo, el doble feminicidio de Rosa Isela Leyva Mendoza y de Antonia Bernarda Ram\u00edrez D\u00edaz, ocurridos en el Rancho Los Sabino, en la poblaci\u00f3n de Ocotl\u00e1n de Morelos, ubicada a 40 kil\u00f3metros de la capital oaxaque\u00f1a, sigue impune, recuerdan amistades y familia en el segundo aniversario luctuoso.<\/p>\n\n\n\n<p class=\"wp-block-paragraph\">\u201cEn Oaxaca hemos comprobado que las leyes que protegen a las mujeres no son m\u00e1s que una ilusi\u00f3n, que en la vida real no existe la protecci\u00f3n a las mujeres ni la justicia para las v\u00edctimas de feminicidio, ya que la red de corrupci\u00f3n que tenemos en nuestro sistema de justicia la vende al mejor postor&#8230;\u201d, dice un mensaje que fue difundido por sus amistades cercanas.<\/p>\n\n\n\n<p class=\"wp-block-paragraph\">\u201cRosy era profesora y periodista, pero tambi\u00e9n era hija, hermana, madre, amiga, a ella le fue arrebatada la vida el 3 de febrero del 2021 de la manera m\u00e1s cobarde, artera y cruel; un grupo de personas armadas llegaron a su rancho, ubicado en Ocotl\u00e1n de Morelos, Oaxaca en d\u00f3nde se encontraba y realizaron varios disparos de arma de fuego en su contra quit\u00e1ndole as\u00ed la vida a Rosy y a su t\u00eda quien se encontraba con ella al momento de la agresi\u00f3n\u201d.<\/p>\n\n\n\n<p class=\"wp-block-paragraph\">\u201cDesde ese momento hasta la fecha hemos vivido en carne propia la injusticia que se vive en nuestro estado gracias al amiguismo y la corrupci\u00f3n. Hasta el momento no se ha vinculado a proceso al actor intelectual por el doble feminicidio y seguimos esperando que se les haga justicia que sus muertes no queden impunes\u201d.<\/p>\n\n\n\n<p class=\"wp-block-paragraph\">En noviembre pasado, la familia y amistades de Rosy y To\u00f1ita, como las llaman, advirtieron que la amistad entre la jueza de control de Ejutla de Crespo, Luz Mar\u00eda S.J., y el abogado defensor, Emanuel C., favorecer\u00eda al presunto autor intelectual del doble feminicidio, Gabino D.L.<\/p>\n\n\n\n<p class=\"wp-block-paragraph\">El tiempo les dio la raz\u00f3n. El 27 de noviembre pasado, la jueza de control no vincul\u00f3 a Gabino D.L. por el delito de feminicidio, sino por el delito de despojo de parte de unos terrenos de El Sabino, litigio que perdi\u00f3 frente a la profesora Rosa Isela Leyva Mendoza, en agosto del 2020 y por lo cual la amenaz\u00f3 de muerte en enero del 2021.<\/p>\n\n\n\n<p class=\"wp-block-paragraph\">Cabe recordar que a finales de febrero del a\u00f1o pasado fueron detenidos dos presuntos autores materiales de los hechos Pablo \u201cN\u201d e Ismael \u201cN\u201d, y se gir\u00f3 orden de aprehensi\u00f3n en contra de Gabino D.L., quien se present\u00f3 a declarar como si nada en noviembre del 2021.<\/p>\n\n\n\n<p class=\"wp-block-paragraph\">El doble feminicidio, explica la familia al cumplirse dos a\u00f1os, sigue en total impunidad.<\/p>\n\n\n\n<p class=\"wp-block-paragraph\">SEM\/sj\/MG<br><\/p>\n","protected":false},"excerpt":{"rendered":"<p>Dos a\u00f1os de impunidad en el doble feminicidio de Rosa Isela y Antonia.<\/p>\n","protected":false},"author":3,"featured_media":62305,"comment_status":"open","ping_status":"open","sticky":false,"template":"","format":"standard","meta":{"_monsterinsights_skip_tracking":false,"footnotes":""},"categories":[47,48],"tags":[],"class_list":["post-62304","post","type-post","status-publish","format-standard","has-post-thumbnail","category-no-mas-impunidad","category-no-mas-impunidad-no-mas-impunidad"],"_links":{"self":[{"href":"https:\/\/redsemlac.com\/semmexico\/wp-json\/wp\/v2\/posts\/62304","targetHints":{"allow":["GET"]}}],"collection":[{"href":"https:\/\/redsemlac.com\/semmexico\/wp-json\/wp\/v2\/posts"}],"about":[{"href":"https:\/\/redsemlac.com\/semmexico\/wp-json\/wp\/v2\/types\/post"}],"author":[{"embeddable":true,"href":"https:\/\/redsemlac.com\/semmexico\/wp-json\/wp\/v2\/users\/3"}],"replies":[{"embeddable":true,"href":"https:\/\/redsemlac.com\/semmexico\/wp-json\/wp\/v2\/comments?post=62304"}],"version-history":[{"count":0,"href":"https:\/\/redsemlac.com\/semmexico\/wp-json\/wp\/v2\/posts\/62304\/revisions"}],"wp:featuredmedia":[{"embeddable":true,"href":"https:\/\/redsemlac.com\/semmexico\/wp-json\/wp\/v2\/media\/62305"}],"wp:attachment":[{"href":"https:\/\/redsemlac.com\/semmexico\/wp-json\/wp\/v2\/media?parent=62304"}],"wp:term":[{"taxonomy":"category","embeddable":true,"href":"https:\/\/redsemlac.com\/semmexico\/wp-json\/wp\/v2\/categories?post=62304"},{"taxonomy":"post_tag","embeddable":true,"href":"https:\/\/redsemlac.com\/semmexico\/wp-json\/wp\/v2\/tags?post=62304"}],"curies":[{"name":"wp","href":"https:\/\/api.w.org\/{rel}","templated":true}]}}