{"id":62298,"date":"2023-02-03T11:58:28","date_gmt":"2023-02-03T17:58:28","guid":{"rendered":"https:\/\/redsemlac.com\/semmexico\/?p=62298"},"modified":"2023-02-03T11:58:30","modified_gmt":"2023-02-03T17:58:30","slug":"los-programas-contra-la-violencia-y-la-salud-sexual-y-reproductiva-de-las-mujeres-recibieron-menos-recursos-de-los-asignados-en-2022-shcp","status":"publish","type":"post","link":"https:\/\/redsemlac.com\/semmexico\/los-programas-contra-la-violencia-y-la-salud-sexual-y-reproductiva-de-las-mujeres-recibieron-menos-recursos-de-los-asignados-en-2022-shcp\/","title":{"rendered":"Los programas contra la violencia y la salud sexual y reproductiva de las mujeres recibieron menos recursos de los asignados en 2022: SHCP"},"content":{"rendered":"\n<ul class=\"wp-block-list\">\n<li><strong>El programa de Salud Reproductiva tuvo un recorte del 25 por ciento.<\/strong><\/li>\n\n\n\n<li><strong>Los recursos en el \u00e1mbito de la salud han disminuido dr\u00e1sticamente, poniendo en riesgo la vida de las mujeres<\/strong>.<\/li>\n<\/ul>\n\n\n\n<p class=\"wp-block-paragraph\"><strong>Elda Montiel &nbsp;&nbsp;&nbsp;&nbsp;&nbsp;&nbsp;&nbsp;<\/strong><\/p>\n\n\n\n<p class=\"wp-block-paragraph\">SemM\u00e9xico, Ciudad de M\u00e9xico, 3 de febrero del 2023.- Tres programas dedicados a las mujeres, como son el Programa contra la violencia de g\u00e9nero, el de la salud sexual y reproductiva para hijas e hijos de madres trabajadoras, recibieron menos recursos de los asignados en 2022, reconoce la Secretaria de Hacienda y Cr\u00e9dito P\u00fablico en el informe de cierre del cuarto a\u00f1o de gobierno de la administraci\u00f3n de Andr\u00e9s Manuel L\u00f3pez Obrador.<\/p>\n\n\n\n<p class=\"wp-block-paragraph\">El Programa de Salud Materna, sexual y reproductiva considerado de prioridad en el gobierno, ya que se dedica a atender a las mujeres embarazadas y a aplicar estrategias de control natal, tuvo 25 por ciento menos recursos del presupuesto asignado que era de 2 mil 121 millones de pesos para 2022. Quedando en mil 576 millones de pesos un presupuesto todav\u00eda menor al asignado en 2021 que fue de mil 611 millones de pesos.<\/p>\n\n\n\n<p class=\"wp-block-paragraph\">Tambi\u00e9n recibieron menos recursos el programa para promover la atenci\u00f3n y prevenci\u00f3n de la violencia contra las mujeres que opera la Secretaria de Gobernaci\u00f3n.<\/p>\n\n\n\n<p class=\"wp-block-paragraph\">Entre los programas sociales de entrega directa de dinero que registraron aumentos aprobados en el 2022, sufrieron recortes el enfocado a las mujeres denominado Apoyo para el Bienestar de las Ni\u00f1as y Ni\u00f1os, Hijos\/as de Madres Trabajadoras que sustituy\u00f3 al Programa de Estancias Infantiles.<\/p>\n\n\n\n<p class=\"wp-block-paragraph\">La Alianza de Redes Feministas Nacionales ha se\u00f1alado respecto a los presupuestos asignados a las mujeres que las pol\u00edticas p\u00fablicas han cambiado su enfoque y su objetivo. Los recursos en el \u00e1mbito de la salud han disminuido dr\u00e1sticamente, poniendo en riesgo la vida de las mujeres.<\/p>\n\n\n\n<p class=\"wp-block-paragraph\">El dinero destinado a prevenir la mortalidad materna disminuy\u00f3 de 2018 a la fecha en 50 por ciento, al igual que para enfermedades de transmisi\u00f3n sexual, las cuales han aumentado en entidades como Quintana Roo. Las muertes por c\u00e1ncer de mama y c\u00e9rvico uterino han aumentado en 35 por ciento.<\/p>\n\n\n\n<p class=\"wp-block-paragraph\">A diez a\u00f1os de que la Ley General para Prevenir, Sancionar y Erradicar los Delitos en Materia de Trata de Personas y para la Protecci\u00f3n y Asistencia a las V\u00edctimas de estos Delitos, en la C\u00e1mara de Diputados no ha asignado presupuesto para su implementaci\u00f3n ni para los fondos que establece.<\/p>\n\n\n\n<h2 class=\"wp-block-heading\"><strong>Los programas de las mujeres han perdido 30 mil millones de pesos<\/strong><\/h2>\n\n\n\n<p class=\"wp-block-paragraph\">La Alianza de Redes Feministas demand\u00f3 en octubre del 2022 cuando se estaba discutiendo el presupuesto para 2023, designar un presupuesto p\u00fablico suficiente que reconozca la contribuci\u00f3n de las mujeres a las cuentas nacionales y a sostener la vida de las familias, las comunidades y el pa\u00eds y que d\u00e9 cumplimiento a las leyes que protegen los derechos de las mujeres y para erradicar las violencias, adem\u00e1s de los tratados y convenciones internacionales en las materias firmados por M\u00e9xico.<\/p>\n\n\n\n<p class=\"wp-block-paragraph\">La economista Magdalena Garc\u00eda Hern\u00e1ndez, quien ha dado seguimiento a la evoluci\u00f3n del Anexo 13, present\u00f3 un an\u00e1lisis desalentador sobre la propuesta para 2023, suscrito por la plataforma MIRA Pensadoras Urbanas. La evaluaci\u00f3n advierte que \u201clos aumentos del Anexo son una simulaci\u00f3n que esconde el desmantelamiento de la pol\u00edtica de igualdad entre mujeres y hombres, que ha perdido alrededor de 30 mil millones de pesos, a valor presente, por los programas con perspectiva de g\u00e9nero desaparecidos\u201d.<\/p>\n\n\n\n<p class=\"wp-block-paragraph\">En el Anexo 13 contin\u00faa la clara participaci\u00f3n de los programas presidenciales. \u201cPara 2023 alcanzan el 94 por ciento del Anexo 13, sin ofrecer padrones de atenci\u00f3n desagregados por sexo, quedando en menos de 6 por ciento los programas para la igualdad entre mujeres y hombres\u201d.<\/p>\n\n\n\n<p class=\"wp-block-paragraph\">Al respecto, Garc\u00eda explic\u00f3 que \u201csi descartamos los programas antipobreza sin perspectiva de g\u00e9nero, como lo hac\u00edamos antes, el decrecimiento acumulado en t\u00e9rminos reales de este Anexo ha sido de 38.5 % en los a\u00f1os que van del sexenio, incluyendo los que han desaparecido, frente al crecimiento de 466 por ciento que se consigna en el per\u00edodo que consideran los programas presidenciales\u201d.<\/p>\n\n\n\n<p class=\"wp-block-paragraph\">Garc\u00eda Hern\u00e1ndez, ha se\u00f1alado que las autoridades no entienden lo que es la perspectiva de g\u00e9nero. Piensan que con que se mencione \u201cmujeres\u201d o los programas antipobreza es suficiente. Estim\u00f3 que no se puede seguir manteniendo las pol\u00edticas de austeridad y que este gobierno es uno de los m\u00e1s neoliberales que ha tenido M\u00e9xico.<\/p>\n\n\n\n<p class=\"wp-block-paragraph\">Por otra parte, la directora de la Red Nacional de Refugios, Wendy Figueroa, lament\u00f3 que aunque el presupuesto de Egresos de la Federaci\u00f3n de 2023 tiene destinados poco m\u00e1s de 348 millones de pesos etiquetados para el fomento de la igualdad entre mujeres y hombres, m\u00e1s de la mitad de estos recursos est\u00e1n destinados en realidad a programas sociales sin enfoque de g\u00e9nero como J\u00f3venes Construyendo el Futuro y la Pensi\u00f3n para Adultos y Adultas Mayores.<\/p>\n\n\n\n<p class=\"wp-block-paragraph\">SEM\/MG&nbsp;<\/p>\n","protected":false},"excerpt":{"rendered":"<p>El programa de Salud Reproductiva tuvo un recorte del 25 por ciento.<\/p>\n","protected":false},"author":3,"featured_media":62299,"comment_status":"open","ping_status":"open","sticky":false,"template":"","format":"standard","meta":{"_monsterinsights_skip_tracking":false,"footnotes":""},"categories":[51],"tags":[],"class_list":["post-62298","post","type-post","status-publish","format-standard","has-post-thumbnail","category-ejecutivo"],"_links":{"self":[{"href":"https:\/\/redsemlac.com\/semmexico\/wp-json\/wp\/v2\/posts\/62298","targetHints":{"allow":["GET"]}}],"collection":[{"href":"https:\/\/redsemlac.com\/semmexico\/wp-json\/wp\/v2\/posts"}],"about":[{"href":"https:\/\/redsemlac.com\/semmexico\/wp-json\/wp\/v2\/types\/post"}],"author":[{"embeddable":true,"href":"https:\/\/redsemlac.com\/semmexico\/wp-json\/wp\/v2\/users\/3"}],"replies":[{"embeddable":true,"href":"https:\/\/redsemlac.com\/semmexico\/wp-json\/wp\/v2\/comments?post=62298"}],"version-history":[{"count":0,"href":"https:\/\/redsemlac.com\/semmexico\/wp-json\/wp\/v2\/posts\/62298\/revisions"}],"wp:featuredmedia":[{"embeddable":true,"href":"https:\/\/redsemlac.com\/semmexico\/wp-json\/wp\/v2\/media\/62299"}],"wp:attachment":[{"href":"https:\/\/redsemlac.com\/semmexico\/wp-json\/wp\/v2\/media?parent=62298"}],"wp:term":[{"taxonomy":"category","embeddable":true,"href":"https:\/\/redsemlac.com\/semmexico\/wp-json\/wp\/v2\/categories?post=62298"},{"taxonomy":"post_tag","embeddable":true,"href":"https:\/\/redsemlac.com\/semmexico\/wp-json\/wp\/v2\/tags?post=62298"}],"curies":[{"name":"wp","href":"https:\/\/api.w.org\/{rel}","templated":true}]}}