{"id":6228,"date":"2018-09-28T23:20:23","date_gmt":"2018-09-28T23:20:23","guid":{"rendered":"https:\/\/redsemlac.com\/semmexico\/?p=6228"},"modified":"2023-07-21T14:33:51","modified_gmt":"2023-07-21T19:33:51","slug":"palabra-de-mujer-12","status":"publish","type":"post","link":"https:\/\/redsemlac.com\/semmexico\/palabra-de-mujer-12\/","title":{"rendered":"Palabra de Mujer"},"content":{"rendered":"\n<p class=\"wp-block-paragraph\">La sentencia a Duarte es un franco atentado a la dignidad de la poblaci\u00f3n en Veracruz<\/p>\n\n\n\n<h5 class=\"wp-block-heading\"> \u2022 Furia en Veracruz! Ni perd\u00f3n, ni olvido<\/h5>\n\n\n\n<p class=\"wp-block-paragraph\"><a href=\"https:\/\/semmexico.com\/gallery-post.php?id=5974#\">Billy Parker<\/a><\/p>\n\n\n\n<p class=\"wp-block-paragraph\">SemM\u00e9xico, 28 de Septiembre 2018.- &#8211;<em>\u00a1Javier Duarte no merece la c\u00e1rcel, merece la pena de muerte!-<\/em>exclam\u00f3 col\u00e9rico una v\u00edctima del ex gobernador veracruzano al conocer la noticia del \u201cperd\u00f3n\u201d otorgado por la justicia mexicana, que le permitir\u00e1 salir libre en a\u00f1o y medio, m\u00e1ximo, por \u201cportarse bien\u201d.<\/p>\n\n\n\n<p class=\"wp-block-paragraph\">La sentencia a Duarte de Ochoa es un franco atentado a la dignidad de la poblaci\u00f3n en Veracruz, que no mereci\u00f3 para el juez ni la reparaci\u00f3n del da\u00f1o de las v\u00edctimas. Marco Antonio Fuerte Tapia, es el mismo juez de distrito que exoner\u00f3 al priista Alejandro Guti\u00e9rrez por desv\u00edos y no act\u00fao a tiempo en el caso R\u00e9bsamen.<\/p>\n\n\n\n<p class=\"wp-block-paragraph\">El hombre furioso, padre de familia de un chico desaparecido en el fat\u00eddico sexenio de Duarte, se expresaba en la plaza p\u00fablica de la capital, como eco del sentimiento entre las y los veracruzanos, quienes no salen del asombro y el enojo por la burla de la justicia en este pa\u00eds. No quiero imaginar su encono cuando sepan que una vez liberado Duarte de Ochoa obtendr\u00e1 un amparo contra los delitos fincados por la fiscal\u00eda de Miguel A Yunes Linares, ya que la desaparici\u00f3n forzada no es delito grave.<\/p>\n\n\n\n<p class=\"wp-block-paragraph\">En retrospectiva, la reaparici\u00f3n de Javier Duarte con nuevo look anticipaba lo que ven\u00eda. Su ostensible renovado \u00e1nimo en la entrevista del Heraldo corr\u00eda el velo de un \u201ctwist\u201d en su estatus jur\u00eddico. El dise\u00f1o de la nueva imagen no pod\u00eda desapegarse al tipo \u00abiGen\u00bb, la Generaci\u00f3n Z, m\u00e1s conocida por privilegiar el poder econ\u00f3mico y el poder medi\u00e1tico tecnol\u00f3gico, al sentido comunitario y humanitario que permite convivir en sociedad.<\/p>\n\n\n\n<p class=\"wp-block-paragraph\">Conociendo su historial depresivo, su actitud revelaba que el hombre ten\u00eda un motivo para bajar de peso, para moderar su soberbia, para aplicar una operaci\u00f3n medi\u00e1tica inmediata y sobre todo, alabar con \u201clealtad institucional\u201d a Pe\u00f1a Nieto. Evadir la Corte Interamericana de Derechos humanos, por delitos de Lesa Humanidad, que la PGR \u201cpas\u00f3\u201d por alto, tampoco le era un asunto menor.<\/p>\n\n\n\n<p class=\"wp-block-paragraph\">El ex mandatario veracruzano se victimiz\u00f3 mientras los estragos de sus acciones prolongan la pauperizaci\u00f3n de la vida de millones en Veracruz. Los efectos del enga\u00f1o que hizo su pandilla y familia contra millones siguen afectando no s\u00f3lo la econom\u00eda y el tejido social, sino la confianza en las instituciones, con un oneroso da\u00f1o social que a\u00fan hay que documentar y evaluar en su magnitud.<\/p>\n\n\n\n<p class=\"wp-block-paragraph\">\u00bfQu\u00e9 les sabr\u00e1 JDDO a los que abogan por \u00e9l directa o indirectamente como para que le otorguen una amnist\u00eda de facto? Poco a poco se ir\u00e1 exhibiendo a todos los oportunistas que se aprovecharon de la omisi\u00f3n o colusi\u00f3n del ex gobernador, para doblar el da\u00f1o a toda una poblaci\u00f3n. Cada una de las y los veracruzanos tiene una historia que contar, para poner a la vista, como se merecen, a estos vulgares ladrones y encima traidores, no s\u00f3lo al que fue jefe de su banda, sino y m\u00e1s cardinal, traidores a Veracruz.<\/p>\n\n\n\n<p class=\"wp-block-paragraph\">Cinismo total del juez al no inhabilitarlo en la funci\u00f3n p\u00fablica, pese al agravio que signific\u00f3 esta sentencia de EPN a las instituciones mexicanas. Presidente que en cuclillas barre bajo la alfombra su cochinero: Odebrecht, Duarte, Ayotzinapa y otras verg\u00fcenzas. No se entiende c\u00f3mo es que el pa\u00eds entero condena a Javier Duarte y en Veracruz siguen sus secuaces abogando por \u00e9l y sus c\u00f3mplices, incluyendo los que vienen bien incrustados en el nuevo gobierno, del cambio dicen. Un gobierno tibio frente a esta injusticia.<\/p>\n\n\n\n<p class=\"wp-block-paragraph\">En la obviada operaci\u00f3n de imagen, para mudar de aires la narrativa sobre Javier Duarte, considerado, no \u00fanicamente el peor gobernante de M\u00e9xico sino adem\u00e1s un sujeto incapaz de discernir el bien sobre el mal, calentaron el escenario para la audiencia, donde sus abogados mercaron la declaraci\u00f3n de culpable de los delitos de asociaci\u00f3n delictuosa y operaciones con recursos de procedencia il\u00edcita, a cambio de un procedimiento abreviado y con pena m\u00ednima. Reducci\u00f3n de condena, avalada por la SHCP, del gobierno de Enrique Pe\u00f1a Nieto<\/p>\n\n\n\n<p class=\"wp-block-paragraph\">La operaci\u00f3n \u201cculpable soy yo\u201d inici\u00f3 hace meses con un primer acto, la reclasificaci\u00f3n de los delitos d\u00f3nde desecharon lo que estorbaba a sus planes. El acto intermedio se registr\u00f3 cuando su defensa solicit\u00f3 al juez y al Ministerio P\u00fablico cambiar el procedimiento, justo cuando se validar\u00edan las pruebas en su contra.<\/p>\n\n\n\n<p class=\"wp-block-paragraph\">El tercer acto est\u00e1 por verse, porque pese a cualquier deuda de Andr\u00e9s Manuel L\u00f3pez Obrador, como dir\u00eda Guti\u00e9rrez Barrios, cuando se ponga la banda presidencial se le van acabar sus compromisos. Ya veremos.<\/p>\n\n\n\n<p class=\"wp-block-paragraph\">Frente al banderazo del Juez, representantes de la PGR, sus abogados, asustados representantes de la Secretar\u00eda de Hacienda y Cr\u00e9dito P\u00fablico, concretamente del Servicio de Administraci\u00f3n Tributaria (SAT), todos aceptaron que el procedimiento fuera recortado a modo del influyente veracruzano y ante ello, el ex gobernante, enton\u00f3 el \u201cmea culpa\u201d, en la simulaci\u00f3n de un acto lit\u00fargico de la rito romano, Confiteor.<\/p>\n\n\n\n<p class=\"wp-block-paragraph\">Una vez m\u00e1s los veracruzanos, a quienes despojaron desde las instituciones y el Gobierno de Veracruz, seguir\u00e1n viendo c\u00f3mo se reparten el bot\u00edn de los 40 bienes inmuebles, que suelta dadivosamente Javier Duarte de Ochoa. Por lo pronto, a instancias del PAN en la c\u00e1mara de diputados federal avala citar a PGR por caso Duarte.<\/p>\n\n\n\n<p class=\"wp-block-paragraph\">El problema fuerte viene para el gobierno que entra en funciones el 1 de diciembre, por la sospecha de que fueron c\u00f3mplices en el desv\u00edo de recursos. No pueden perder de vista lo que se\u00f1al\u00f3 Voltaire, \u201cLos pueblos a quienes no se les hace justicia se la toman por s\u00ed mismos m\u00e1s tarde o m\u00e1s pronto\u201d<\/p>\n","protected":false},"excerpt":{"rendered":"<p>La sentencia a Duarte es un franco atentado a la dignidad de la poblaci\u00f3n en Veracruz \u2022 Furia en Veracruz! Ni perd\u00f3n, ni olvido Billy Parker SemM\u00e9xico, 28 de Septiembre 2018.- &#8211;\u00a1Javier Duarte no merece la c\u00e1rcel, merece la pena de muerte!-exclam\u00f3 col\u00e9rico una v\u00edctima del ex gobernador veracruzano al conocer la noticia del \u201cperd\u00f3n\u201d [&hellip;]<\/p>\n","protected":false},"author":3,"featured_media":6161,"comment_status":"open","ping_status":"open","sticky":false,"template":"","format":"standard","meta":{"_monsterinsights_skip_tracking":false,"footnotes":""},"categories":[689,81,1],"tags":[],"class_list":["post-6228","post","type-post","status-publish","format-standard","has-post-thumbnail","category-689","category-billy-parker","category-uncategorized"],"_links":{"self":[{"href":"https:\/\/redsemlac.com\/semmexico\/wp-json\/wp\/v2\/posts\/6228","targetHints":{"allow":["GET"]}}],"collection":[{"href":"https:\/\/redsemlac.com\/semmexico\/wp-json\/wp\/v2\/posts"}],"about":[{"href":"https:\/\/redsemlac.com\/semmexico\/wp-json\/wp\/v2\/types\/post"}],"author":[{"embeddable":true,"href":"https:\/\/redsemlac.com\/semmexico\/wp-json\/wp\/v2\/users\/3"}],"replies":[{"embeddable":true,"href":"https:\/\/redsemlac.com\/semmexico\/wp-json\/wp\/v2\/comments?post=6228"}],"version-history":[{"count":0,"href":"https:\/\/redsemlac.com\/semmexico\/wp-json\/wp\/v2\/posts\/6228\/revisions"}],"wp:featuredmedia":[{"embeddable":true,"href":"https:\/\/redsemlac.com\/semmexico\/wp-json\/wp\/v2\/media\/6161"}],"wp:attachment":[{"href":"https:\/\/redsemlac.com\/semmexico\/wp-json\/wp\/v2\/media?parent=6228"}],"wp:term":[{"taxonomy":"category","embeddable":true,"href":"https:\/\/redsemlac.com\/semmexico\/wp-json\/wp\/v2\/categories?post=6228"},{"taxonomy":"post_tag","embeddable":true,"href":"https:\/\/redsemlac.com\/semmexico\/wp-json\/wp\/v2\/tags?post=6228"}],"curies":[{"name":"wp","href":"https:\/\/api.w.org\/{rel}","templated":true}]}}