{"id":6222,"date":"2018-10-05T21:53:41","date_gmt":"2018-10-05T21:53:41","guid":{"rendered":"https:\/\/redsemlac.com\/semmexico\/?p=6222"},"modified":"2023-07-21T14:33:49","modified_gmt":"2023-07-21T19:33:49","slug":"palabra-de-mujer-11","status":"publish","type":"post","link":"https:\/\/redsemlac.com\/semmexico\/palabra-de-mujer-11\/","title":{"rendered":"Palabra de Mujer"},"content":{"rendered":"\n<p class=\"wp-block-paragraph\">Violencia contra las mujeres periodistas<\/p>\n\n\n\n<h5 class=\"wp-block-heading\"> \u2022 Protagonistas invisibilizadas.<\/h5>\n\n\n\n<p class=\"wp-block-paragraph\"><a href=\"https:\/\/semmexico.com\/gallery-post.php?id=6043#\">Billy Parker<\/a><\/p>\n\n\n\n<p class=\"wp-block-paragraph\">SemM\u00e9xico. 05 de Octubre 2018.- El respeto a las mujeres es la base de la convivencia pac\u00edfica, de una sociedad m\u00e1s justa y pr\u00f3spera. La tarea de construir una vida digna sin violencia para las mujeres es colectiva y es de amplio espectro, pero algunos segmentos sociales se dejan de lado: Periodistas, adultas mayores, con discapacidad, ind\u00edgenas y otros grupos vulnerables.<\/p>\n\n\n\n<p class=\"wp-block-paragraph\">La lucha contra la discriminaci\u00f3n no se puede ganar sin alianzas para informar y discutir los retos nacionales m\u00e1s urgentes que alimentan la desigualdad y la violencia planteo Alexandra Haas, presidenta del Consejo Nacional para Prevenir la Discriminaci\u00f3n (Conapred), al reconocer el excepcional papel de las mujeres periodistas en ese compromiso.<\/p>\n\n\n\n<p class=\"wp-block-paragraph\">Pese a que las autoridades y el legislativo presumen comisiones de \u201cprotecci\u00f3n\u201d a quienes ejercen el agraviado periodismo, el desconocimiento del papel y situaci\u00f3n de las mujeres periodistas, atenta contra las libertades esenciales de una sociedad que se precie de querer avanzar en la eliminaci\u00f3n de la desigualdad.<\/p>\n\n\n\n<p class=\"wp-block-paragraph\">\u00bfCu\u00e1ntas mujeres periodistas han sido denunciadas con los nuevos mecanismos para acallar a la prensa? \u00bfCu\u00e1ntas despojadas injustificadamente de sus empleos? \u00bfCu\u00e1ntas agresiones, asesinatos, intimidaciones, son invisibles? \u00bfCuantos acosos a sus familias? Poco se sabe.&nbsp; S\u00f3lo se conocen casos de algunas que tienen reflectores, las dem\u00e1s permanecen en el anonimato hasta que las matan o las amordazan. Cuando un pol\u00edtico las trata con mecanismos patriarcales y osan levantar la voz son atacadas fieramente, hasta por su mismo sector.&nbsp;<\/p>\n\n\n\n<p class=\"wp-block-paragraph\">Se ignora la violencia contra las mujeres periodistas para no comprometerse con su circunstancia, no coadyuvar a su capacitaci\u00f3n y seguridad o, seguir siendo omisos en los an\u00e1lisis de la problem\u00e1tica del periodismo con perspectiva de g\u00e9nero pero, sobre todo, se invisibiliza la discriminaci\u00f3n que sufren porque les conviene mermar la fuerza de la libertad de expresi\u00f3n y la defensa de los derechos humanos que las mujeres periodistas despliegan al escribir.<\/p>\n\n\n\n<p class=\"wp-block-paragraph\">.<\/p>\n\n\n\n<p class=\"wp-block-paragraph\">Excluir la voz de los grupos vulnerables, sobre todo de las mujeres, es parte de la violencia estructural en la que vivimos. Por ello muchos y muchas con mentalidad patriarcal atacan al lenguaje inclusivo, alegando gram\u00e1tica y desconociendo que el lenguaje es la ventana \u201cde aquello que acus\u00e1is\u201d, la invisibilidad de las mujeres, del otro, de la otra, del diferente.<\/p>\n\n\n\n<p class=\"wp-block-paragraph\">Las mujeres que reportean, editan, comunican, se erigen como uno de los grupos m\u00e1s vulnerables debido al incremento de la violencia de g\u00e9nero, la inseguridad p\u00fablica, inestabilidad y explotaci\u00f3n laboral, indefensi\u00f3n institucional y social, adem\u00e1s de las continuas campa\u00f1as de desprestigio en el desempe\u00f1o de su labor de informar.<\/p>\n\n\n\n<p class=\"wp-block-paragraph\">Las mujeres periodistas enfrentan una creciente campa\u00f1a de descr\u00e9dito e incluso, discursos de odio en su contra, desde dentro como fuera del sistema. Maniobra que ha sido articulada para incidir en el imaginario colectivo, por un r\u00e9gimen que est\u00e1 exhibiendo una documentada regresi\u00f3n en los derechos humanos y la libertad de expresi\u00f3n, para ocultar su corrupci\u00f3n y permanecer en el poder.<\/p>\n\n\n\n<p class=\"wp-block-paragraph\">Quienes ejercen el periodismo se encuentran dentro de una maquinaria donde se crean y reproducen las tramas dominantes, y por la vulnerabilidad integral de las mujeres periodistas, ellas, adem\u00e1s de v\u00edctimas de discriminaci\u00f3n de g\u00e9nero,&nbsp; se encuentran en la indefensi\u00f3n ante amenazas constantes, acoso -incluso de compa\u00f1eros-, agresiones verbales, sexuales, f\u00edsicas, y otras agresiones.<\/p>\n\n\n\n<p class=\"wp-block-paragraph\">Autoridades les ponen \u201ccola\u201d f\u00edsica y virtualmente, a ellas y a sus familias para espiarlas y les hacen ciberbullying. La descalificaci\u00f3n sistem\u00e1tica, la criminalizaci\u00f3n, los enga\u00f1os para someter y hasta apropiaci\u00f3n de su creatividad, son pr\u00e1cticas comunes. Atender las violaciones a los derechos humanos de las periodistas es atender la visibilizaci\u00f3n de las violencias contra las mujeres.<\/p>\n\n\n\n<p class=\"wp-block-paragraph\">Para el avance de la igualdad sustantiva es trascendental que medios y Estado se comprometan con la plataforma de Beijing p\u00e1rrafo 243 para fomentar la investigaci\u00f3n y la aplicaci\u00f3n de una estrategia de informaci\u00f3n, educaci\u00f3n y comunicaci\u00f3n orientada a estimular la presentaci\u00f3n de una imagen equilibrada de las mujeres y las j\u00f3venes y de las m\u00faltiples funciones que ellas desempe\u00f1an.<\/p>\n\n\n\n<p class=\"wp-block-paragraph\">Que en sus textos adopten medidas efectivas, que incluyan normas legislativas pertinentes, contra la pornograf\u00eda y la proyecci\u00f3n de programas en los que se muestren escenas de violencia contra mujeres y ni\u00f1os en los medios de difusi\u00f3n.<\/p>\n\n\n\n<p class=\"wp-block-paragraph\">Sin embargo y debido a este contexto de violencia no tienen la oportunidad de incorporar en su qu\u00edntuple jornada, capacitaci\u00f3n con enfoque de g\u00e9nero y buenas pr\u00e1cticas para dar un giro rupturista al ciclo perverso de reciclar el discurso patriarcal de las violencias hacia las mujeres en los medios de comunicaci\u00f3n.&nbsp;<\/p>\n\n\n\n<p class=\"wp-block-paragraph\">La violencia contra las mujeres periodistas no solo limita sus derechos, sino que esas violencias incuban m\u00e1s violencia, por lo que urge examinar las agresiones a las que son sometidas las reporteras, y las violencias -que acusan que ellas generan- al no percatarse del discurso patriarcal en las que est\u00e1n inmersas, propio del alegato dominante.<\/p>\n\n\n\n<p class=\"wp-block-paragraph\">De acuerdo al apartado J del acuerdo de Beijing, se debe apoyar el desarrollo de nuevos medios optativos y la utilizaci\u00f3n de todas las formas de comunicaci\u00f3n, y proporcionar financiaci\u00f3n, seg\u00fan proceda, para difundir la informaci\u00f3n dirigida a la mujer y sobre la mujer y sus intereses. No obstante no hay financiamiento para ellas, ni paridad de g\u00e9nero en la distribuci\u00f3n de la propaganda oficial.<\/p>\n\n\n\n<p class=\"wp-block-paragraph\">Por lo que apremia una ley para desarrollo y bienestar que proteja y apoye un periodismo independiente en el estado de Veracruz con enfoque de g\u00e9nero, mismo que fue planteado en la reciente reuni\u00f3n de LIVEA A.C. con la diputada federal, Anil\u00fa Ingram. Legisladora, vicecoordinadora de la bancada del PRI, quien emprendi\u00f3 un acercamiento a distintos grupos sociales en Veracruz para escuchar y rescatar la representaci\u00f3n social que su partido perdi\u00f3.<\/p>\n\n\n\n<p class=\"wp-block-paragraph\">A la tambi\u00e9n Secretaria general de la Comisi\u00f3n de infraestructura&nbsp; e integrante de Desarrollo social se le propuso construir un mecanismo que exija y de seguimiento a los tres niveles de gobierno para que cumplan con protocolos de seguridad y protecci\u00f3n a periodistas con enfoque de g\u00e9nero.<\/p>\n\n\n\n<p class=\"wp-block-paragraph\">A la tambi\u00e9n Secretaria general de la Comisi\u00f3n de infraestructura&nbsp; e integrante de Desarrollo social se le propuso construir un mecanismo que exija y de seguimiento a los tres niveles de gobierno para que cumplan con protocolos de seguridad y protecci\u00f3n a periodistas con enfoque de g\u00e9nero.<\/p>\n","protected":false},"excerpt":{"rendered":"<p>Violencia contra las mujeres periodistas \u2022 Protagonistas invisibilizadas. Billy Parker SemM\u00e9xico. 05 de Octubre 2018.- El respeto a las mujeres es la base de la convivencia pac\u00edfica, de una sociedad m\u00e1s justa y pr\u00f3spera. La tarea de construir una vida digna sin violencia para las mujeres es colectiva y es de amplio espectro, pero algunos [&hellip;]<\/p>\n","protected":false},"author":3,"featured_media":6161,"comment_status":"open","ping_status":"open","sticky":false,"template":"","format":"standard","meta":{"_monsterinsights_skip_tracking":false,"footnotes":""},"categories":[689,81,1],"tags":[],"class_list":["post-6222","post","type-post","status-publish","format-standard","has-post-thumbnail","category-689","category-billy-parker","category-uncategorized"],"_links":{"self":[{"href":"https:\/\/redsemlac.com\/semmexico\/wp-json\/wp\/v2\/posts\/6222","targetHints":{"allow":["GET"]}}],"collection":[{"href":"https:\/\/redsemlac.com\/semmexico\/wp-json\/wp\/v2\/posts"}],"about":[{"href":"https:\/\/redsemlac.com\/semmexico\/wp-json\/wp\/v2\/types\/post"}],"author":[{"embeddable":true,"href":"https:\/\/redsemlac.com\/semmexico\/wp-json\/wp\/v2\/users\/3"}],"replies":[{"embeddable":true,"href":"https:\/\/redsemlac.com\/semmexico\/wp-json\/wp\/v2\/comments?post=6222"}],"version-history":[{"count":0,"href":"https:\/\/redsemlac.com\/semmexico\/wp-json\/wp\/v2\/posts\/6222\/revisions"}],"wp:featuredmedia":[{"embeddable":true,"href":"https:\/\/redsemlac.com\/semmexico\/wp-json\/wp\/v2\/media\/6161"}],"wp:attachment":[{"href":"https:\/\/redsemlac.com\/semmexico\/wp-json\/wp\/v2\/media?parent=6222"}],"wp:term":[{"taxonomy":"category","embeddable":true,"href":"https:\/\/redsemlac.com\/semmexico\/wp-json\/wp\/v2\/categories?post=6222"},{"taxonomy":"post_tag","embeddable":true,"href":"https:\/\/redsemlac.com\/semmexico\/wp-json\/wp\/v2\/tags?post=6222"}],"curies":[{"name":"wp","href":"https:\/\/api.w.org\/{rel}","templated":true}]}}