{"id":62099,"date":"2023-01-30T14:52:27","date_gmt":"2023-01-30T20:52:27","guid":{"rendered":"https:\/\/redsemlac.com\/semmexico\/?p=62099"},"modified":"2023-01-30T14:52:28","modified_gmt":"2023-01-30T20:52:28","slug":"miradas-de-reportero-en-febrero-se-dira-que-ya-son-cinco-frentes-contra-amlo-que-sigue","status":"publish","type":"post","link":"https:\/\/redsemlac.com\/semmexico\/miradas-de-reportero-en-febrero-se-dira-que-ya-son-cinco-frentes-contra-amlo-que-sigue\/","title":{"rendered":"Miradas de Reportero| En febrero, se dir\u00e1 que ya son cinco frentes contra AMLO. \u00bfQu\u00e9 sigue?"},"content":{"rendered":"\n<p class=\"wp-block-paragraph\"><strong>Rogelio Hern\u00e1ndez L\u00f3pez<\/strong><\/p>\n\n\n\n<p class=\"wp-block-paragraph\">SemM\u00e9xico, Ciudad de M\u00e9xico, 30 de enero del 2023.- Atenci\u00f3n colegas. El mes de febrero ser\u00e1 muy tentador para medios de prensa, periodistas y comentaristas mexicanos y mexicanas por la aparici\u00f3n del grupo <em>Colectivo por M\u00e9xico, <\/em>encabezado por los exaliados y exaliadas de Andr\u00e9s Manuel L\u00f3pez Obrador: Cuauht\u00e9moc C\u00e1rdenas y Clara Jusidman.<\/p>\n\n\n\n<p class=\"wp-block-paragraph\">Este nuevo agrupamiento servir\u00e1 para que medios de prensa convencionales construyan la percepci\u00f3n de que es un nuevo frente amplio opositor y que se suma a otros cuatro. Lo usar\u00e1n para estimular, todav\u00eda m\u00e1s, la atm\u00f3sfera medi\u00e1tica de confrontaci\u00f3n con el Presidente de la Rep\u00fablica y su partido-movimiento.<\/p>\n\n\n\n<h2 class=\"wp-block-heading\"><strong>Cuatro frentes<\/strong><\/h2>\n\n\n\n<p class=\"wp-block-paragraph\">En segmentos de la prensa mexicana se insiste en informar y analizar lo pol\u00edtico con esos m\u00e9todos y estilos anacr\u00f3nicos que menosprecian la importancia del comportamiento social, explicar los procesos de cambio, los contextos; que vulgarizan la pol\u00edtica y a sus personajes. En muchos es intencional esa simplificaci\u00f3n porque ya asumieron su derecho a tener una posici\u00f3n opositora pero lo hacen desdibujando la esencia del periodismo que es informar con veracidad.<\/p>\n\n\n\n<p class=\"wp-block-paragraph\">En ellos es esperable que utilicen al nuevo agrupamiento para crear una narraci\u00f3n masiva de que sigue creciendo la oposici\u00f3n al gobierno federal, cuando en realidad es un solo movimiento opositor que ha creado cuatro frentes, casi artificiales, pero que ha permeado muy poco entre la mayor\u00eda de la poblaci\u00f3n.<\/p>\n\n\n\n<p class=\"wp-block-paragraph\">Lo poco que se sabe del nuevo grupo es que este lunes 30 de enero se presenta como <em>\u201cColectivo por M\u00e9xico\u201d<\/em> con un documento titulado <em>Punto de Partida<\/em>. Varios y varias columnistas adelantaron que all\u00ed estar\u00e1n Cuauht\u00e9moc C\u00e1rdenas Sol\u00f3rzano, Clara Jusidman, Francisco Barn\u00e9s de Castro; Francisco Labastida, Dante Delgado, Jos\u00e9 Narro Robles; Diego Valad\u00e9s, Luis Far\u00edas Mackey y otras personas. Su texto llamar\u00e1 a construir un nuevo proyecto de pa\u00eds a partir de 2024. Est\u00e1 por verse si este nuevo grupo tiene un objetivo pol\u00edtico de mayor altura, con m\u00e1s propuestas que las descalificaciones que confrontan y polarizan.<\/p>\n\n\n\n<p class=\"wp-block-paragraph\">Por otro lado, el movimiento amplio que s\u00ed es opositor act\u00faa en cuatro frentes:<\/p>\n\n\n\n<p class=\"wp-block-paragraph\">UNO. El tripartidista (PAN. PRI, PRD) de nombre <em>Va por M\u00e9xico.<\/em> Lo forman los partidos alica\u00eddos por las votaciones del 2018 que han sido acicateados y apoyados por empresarios\/as militantes en la pol\u00edtica y que han estimulado un sinf\u00edn de membretes bajo el nombre de <em>Si por M\u00e9xico<\/em>. Para febrero ya anunciaron varias acciones contra la reforma electoral llamada Plan B y agregaron su rechazo a la Ley de Comunicaci\u00f3n Social reci\u00e9n aprobada.<\/p>\n\n\n\n<p class=\"wp-block-paragraph\">DOS. Las y los once consejeros del <em>Instituto Nacional Electoral<\/em> (INE) decidieron mostrar abiertamente su posici\u00f3n pol\u00edtica y anunciaron acciones jur\u00eddicas y medi\u00e1ticas para detener el llamado \u201cPlan B\u201d, para que no sea ratificado por el Senado del Congreso de la Uni\u00f3n y en su caso por la Suprema Corte de Justicia.<\/p>\n\n\n\n<p class=\"wp-block-paragraph\">TRES. Para estas batallas las y los consejeros del INE cuentan con aliados y aliadas de facto para movilizaciones callejeras. Dicen ser otro frente pol\u00edtico de nombre <em>Organizaci\u00f3n Unid@s para Mejorar, <\/em>y presumenque concurren tambi\u00e9n muchos organismos, que en realidad son membretes con poca participaci\u00f3n ciudadana. Este frente del mismo movimiento ya anunci\u00f3 para fines de febrero otra manifestaci\u00f3n al Z\u00f3calo en defensa del INE y contra el Plan B. All\u00ed se ver\u00e1n, como otras veces, dirigentes de los partidos opositores, de las y los promotores de <em>Va por M\u00e9xico<\/em> y enviados\/as del INE.<\/p>\n\n\n\n<p class=\"wp-block-paragraph\">CUATRO. El frente opositor m\u00e1s notable y activo lo configura un segmento muy notable de propietarios\/as, directivos\/as, columnistas y articulistas en medios de prensa convencionales impresos, de radio y de televisi\u00f3n (extendidos a la web), los que, sin formalizar su oposici\u00f3n, se comportan como tal desde 2018. Tienen derecho de ser opositores y opositoras pero debieran confesarlo p\u00fablicamente. Es un movimiento opositor que se escuda en la imagen de periodismo cr\u00edtico, que se queja de estigmatizaci\u00f3n y agravios cuando le refutan informaciones y opiniones dolosas y sin sustento.<\/p>\n\n\n\n<p class=\"wp-block-paragraph\"><strong>\u00bfY?<\/strong><\/p>\n\n\n\n<p class=\"wp-block-paragraph\">Salvo el nuevo agrupamiento, todas y todos los dem\u00e1s han manifestado su oposici\u00f3n desde el primer d\u00eda de gobierno de L\u00f3pez Obrador. Mas, lo contrastante es que se han ido desmadejando y han logrado convencer a poca gente. Cuatro a\u00f1os y dos meses de argumentos opositores, bien reflejados en medios de prensa convencionales, no han convencido a la mayor\u00eda de la poblaci\u00f3n. Eso lo confirman las encuestas (la forma m\u00e1s seria y cient\u00edfica para medir la opini\u00f3n popular).<\/p>\n\n\n\n<p class=\"wp-block-paragraph\">Hasta enero de 2023 m\u00e1s de la mitad de la ciudadan\u00eda mostraba su aceptaci\u00f3n de L\u00f3pez Obrador como Presidente, una proporci\u00f3n mayor a la que vot\u00f3 por \u00e9l. En estos d\u00edas circulan los datos obtenidos en varias de las pulsaciones demosc\u00f3picas.<\/p>\n\n\n\n<p class=\"wp-block-paragraph\">La m\u00e1s baja de las encuestas, del grupo Reforma, indica 58 por ciento de apoyo; la encuesta casi diaria de Mitofsky le arroja 59.8 %; Oraculus, que promedia los resultados de una decena de empresas encuestadoras, reconoc\u00eda 61 por ciento al mes de diciembre; y Morning Consult, que trabaja para el Financial Times, en el mes de enero refiri\u00f3 una aceptaci\u00f3n del 69 por ciento.<\/p>\n\n\n\n<p class=\"wp-block-paragraph\">En la otra cara de las encuestas, entre el 30 y el 42 por ciento de la ciudadan\u00eda -que no es poca- probablemente se encuentran muchas personas que no comulgan con la gesti\u00f3n presidencial, porque les haya afectado o porque sinceramente tienen otra visi\u00f3n del pa\u00eds y de los modos de gobernar. Muchas de estas se animan a expresar p\u00fablicamente sus puntos de vista pero pocas han decidido acuerparse en el movimiento de los frentes opositores.<\/p>\n\n\n\n<p class=\"wp-block-paragraph\">En sus conferencias matutinas L\u00f3pez Obrador diariamente refiere a las y los opositores visibles como los conservadores\/as que no quieren el cambio. M\u00e1s recientemente acusa que en el fondo est\u00e1 su enojo por ya no obtener grandes cantidades de dinero.<\/p>\n\n\n\n<p class=\"wp-block-paragraph\">Las banderas que hoy enarbola el movimiento opositor son la defensa del INE y la reforma a la Ley de Comunicaci\u00f3n Social. Observemos qu\u00e9 relaci\u00f3n tiene el dinero con ambas:<\/p>\n\n\n\n<h2 class=\"wp-block-heading\"><strong>El gran INE<\/strong><\/h2>\n\n\n\n<p class=\"wp-block-paragraph\">Seguir el rastro del dinero es una vieja t\u00e9cnica de investigaci\u00f3n y deber\u00eda aplicarse a los que dejaron de conseguir muchos l\u00edderes de esos frentes opositores. Algo de eso se puede medir, con datos oficiales, en los casos del INE y de los grandes medios de comunicaci\u00f3n convencionales.<\/p>\n\n\n\n<p class=\"wp-block-paragraph\">De las consideraciones p\u00fablicas para reducir al Instituto Nacional Electoral se acusa que es el aparato electoral m\u00e1s grande y costoso del mundo. la mayor\u00eda parlamentaria de Morena y sus aliados\/aliadas en la C\u00e1mara de Diputados han intentado reducirle el tama\u00f1o, el gasto y los salarios exorbitantes. En cuatro a\u00f1os le han impedido gastar alrededor de 7 mil 804 millones de pesos.<\/p>\n\n\n\n<p class=\"wp-block-paragraph\">Para 2020 le recortaron 950 millones de pesos a su propuesta de presupuesto; en 2021 fueron 1 mil 071 millones menos; para 2022 la reducci\u00f3n fue de 870 millones y para 2023 le impidieron obtener 4 mil 913 millones de pesos. El INE tuvo que disminuir gastos en varias \u00e1reas pero no salarios. Y sigui\u00f3 funcionando.<\/p>\n\n\n\n<p class=\"wp-block-paragraph\">Seg\u00fan sus datos, en el sitio Web, en 2022 trabajaron all\u00ed unas 17 mil 500 personas y la erogaci\u00f3n para salarios, prestaciones diversas y honorarios absorbi\u00f3 casi el 60 por ciento del gasto.<\/p>\n\n\n\n<p class=\"wp-block-paragraph\">De 13 mil 914 millones 742 mil pesos autorizados a su presupuesto de 2023 se erogar\u00e1n para esos rubros (de 10 mil 382 plazas presupuestales y 7 mil 190 plazas de honorarios permanentes) 7 mil 955 millones 450 mil pesos, que representan el 57.17 % del total.<\/p>\n\n\n\n<p class=\"wp-block-paragraph\">Con el Plan B de reforma electoral, pendiente de discutirse en el Senado de la Rep\u00fablica ya no ser\u00eda tan gigantesco el aparato del \u00e1rbitro principal de las elecciones. Ese es el punto central del debate que tom\u00f3 como bandera el movimiento pol\u00edtico opositor formal.<\/p>\n\n\n\n<h2 class=\"wp-block-heading\"><strong>Medios sin millones<\/strong><\/h2>\n\n\n\n<p class=\"wp-block-paragraph\">La erogaci\u00f3n total en publicidad de todo el sector p\u00fablico para empresas privadas de medios oscilaba en los 30 mil millones de pesos al a\u00f1o.<\/p>\n\n\n\n<p class=\"wp-block-paragraph\">En contraste, durante los cuatro a\u00f1os el actual gobierno federal redujo sustancialmente sus presupuestos para publicidad: de 2019 a 2022 le han autorizado alrededor de 16 mil 100 millones pero adem\u00e1s gast\u00f3 menos de la mitad de lo aprobado. Y ahora con la nueva ley de Comunicaci\u00f3n social los montos se reducir\u00e1n todav\u00eda m\u00e1s.<\/p>\n\n\n\n<p class=\"wp-block-paragraph\">Obs\u00e9rvese: solo en 2018 el gasto real de Enrique Pe\u00f1a Nieto en publicidad fue de casi 9 mil millones de pesos en un solo a\u00f1o y en los gobiernos estatales y municipales, es muy probable que ese gasto fuese del doble del gasto real de la federaci\u00f3n, entre 18 mil millones y 21 mil millones de acuerdo con algunas investigaciones acad\u00e9micas que permiten calcularlo.<\/p>\n\n\n\n<p class=\"wp-block-paragraph\">Ese gasto ya no se repiti\u00f3. El promedio anual de ese gasto federal con L\u00f3pez Obrador es de 1 mil 700 millones.<\/p>\n\n\n\n<p class=\"wp-block-paragraph\">Seg\u00fan la comparativa de Presupuesto federal aprobado y ejercido que hace la Secretar\u00eda de Hacienda en 2019 el Ejecutivo Federal ten\u00eda autorizado un poco m\u00e1s de 4 mil 200 millones de pesos y dej\u00f3 de gastar casi 966 mil.<\/p>\n\n\n\n<p class=\"wp-block-paragraph\">En 2020 le autorizaron casi 2 mil 500 millones y gast\u00f3 un poco menos de la mitad.<\/p>\n\n\n\n<p class=\"wp-block-paragraph\">En 2021 le fueron autorizados 4 mil 700 millones y gast\u00f3 menos de la mitad.<\/p>\n\n\n\n<p class=\"wp-block-paragraph\">Algo similar en cantidades pudo haber ocurrido en 2022 pero a\u00fan no se reporta.<\/p>\n\n\n\n<p class=\"wp-block-paragraph\">Y en la mayor\u00eda de los estados y municipios quiz\u00e1 tambi\u00e9n hubo recortes dr\u00e1sticos para emular a la federaci\u00f3n (faltan estudios de ello) Morena y sus aliados tienen 21 gubernaturas, mayor\u00eda en 19 congresos y preside 506 municipios.<\/p>\n\n\n\n<p class=\"wp-block-paragraph\">Por eso y m\u00e1s en los medios de prensa, tanto los corporativos, como medianos y m\u00e1s modestos de la Rep\u00fablica circula el desconcierto porque en diciembre de 2022 el Congreso de la Uni\u00f3n aprob\u00f3 varias iniciativas presidenciales en las que incluy\u00f3 la Ley General de Comunicaci\u00f3n Social y poco despu\u00e9s los Lineamientos Generales en publicidad de la Administraci\u00f3n P\u00fablica Federal para el ejercicio fiscal 2023.<\/p>\n\n\n\n<p class=\"wp-block-paragraph\">En ambas normatividades, adem\u00e1s de otros cambios positivos, se aprob\u00f3, en el art\u00edculo 26, un tope de 0.1 % del presupuesto para el gasto publicitario y no solo para el gobierno federal sino tambi\u00e9n para todos los gobiernos de estados y de municipios.<\/p>\n\n\n\n<p class=\"wp-block-paragraph\">Esto se traduce en que el Ejecutivo federal tiene aprobado un presupuesto total para 2023 de 8 billones 299 mil, 647 millones 800 mil pesos. Entonces, la Secretar\u00eda de Gobernaci\u00f3n y cada unidad administrativa del gobierno federal tendr\u00edan, para publicidad en medios comerciales y otros gastos complementarios, 8 mil 299 millones 647 mil 800 pesos.<\/p>\n\n\n\n<p class=\"wp-block-paragraph\">Pero de esa cantidad, ahora el gobierno federal tendr\u00e1 que distribuir una parte importante a gobiernos estatales y adem\u00e1s, a partir de 2022 el 20 por ciento del presupuesto aprobado en publicidad para la federaci\u00f3n se dedica a cinco seguros que proporciona el IMSS a periodistas independientes. Peor todav\u00eda, de seguir su pr\u00e1ctica de autorecortarse, se torna dram\u00e1tico el panorama de ingresos de la mayor\u00eda de medios privados.<\/p>\n\n\n\n<p class=\"wp-block-paragraph\">Todo eso explica en parte el comportamiento opositor de buena parte de los medios privados contra el gobierno de L\u00f3pez Obrador, pero tambi\u00e9n esa actitud es como un bumerang porque les produce descr\u00e9dito y aumenta sus crisis financieras. Hay constancias de ello.<\/p>\n\n\n\n<p class=\"wp-block-paragraph\">Al respecto el informe global de junio de 2022 sobre la confianza en las noticias digitales en empresas period\u00edsticas de 46 pa\u00edses (Digital News Report) del Instituto Reuters encontr\u00f3 que en M\u00e9xico la confianza en las noticias en los medios convencionales fue de 49 por ciento en 2017, que cay\u00f3 al 37 por ciento en 2021 y fue igual en 2022. Esto es, que seis personas de cada diez desconf\u00edan de esos medios mexicanos, casi la misma proporci\u00f3n de quienes manifiestan su apoyo a L\u00f3pez Obrador.<\/p>\n\n\n\n<p class=\"wp-block-paragraph\">Por todo lo anterior y m\u00e1s podemos afirmar que los meses que vienen y hasta las elecciones de 2024 no variar\u00e1 el comportamiento, de muchos medios de prensa, periodistas y analistas mexicanos. Son el otro frente opositor al cambio de r\u00e9gimen pol\u00edtico y del modelo de comunicaci\u00f3n social que ocurren en todo el pa\u00eds. Colegas, estemos atentos\/atentas y hagamos periodismo responsable.<\/p>\n\n\n\n<p class=\"wp-block-paragraph\">(<a href=\"mailto:rogeliohl111@gmail.com\">rogeliohl111@gmail.com<\/a> )<\/p>\n","protected":false},"excerpt":{"rendered":"<p> Atenci\u00f3n colegas. El mes de febrero ser\u00e1 muy tentador para medios de prensa, periodistas y comentaristas mexicanos y mexicanas por la aparici\u00f3n del grupo Colectivo por M\u00e9xico, encabezado por los exaliados y exaliadas de Andr\u00e9s Manuel L\u00f3pez Obrador: Cuauht\u00e9moc C\u00e1rdenas y Clara Jusidman.<\/p>\n","protected":false},"author":3,"featured_media":8473,"comment_status":"open","ping_status":"open","sticky":false,"template":"","format":"standard","meta":{"_monsterinsights_skip_tracking":false,"footnotes":""},"categories":[106,35,85],"tags":[],"class_list":["post-62099","post","type-post","status-publish","format-standard","has-post-thumbnail","category-mirada-de-reportero","category-opinion","category-rogelio-hernandez-lopez"],"_links":{"self":[{"href":"https:\/\/redsemlac.com\/semmexico\/wp-json\/wp\/v2\/posts\/62099","targetHints":{"allow":["GET"]}}],"collection":[{"href":"https:\/\/redsemlac.com\/semmexico\/wp-json\/wp\/v2\/posts"}],"about":[{"href":"https:\/\/redsemlac.com\/semmexico\/wp-json\/wp\/v2\/types\/post"}],"author":[{"embeddable":true,"href":"https:\/\/redsemlac.com\/semmexico\/wp-json\/wp\/v2\/users\/3"}],"replies":[{"embeddable":true,"href":"https:\/\/redsemlac.com\/semmexico\/wp-json\/wp\/v2\/comments?post=62099"}],"version-history":[{"count":0,"href":"https:\/\/redsemlac.com\/semmexico\/wp-json\/wp\/v2\/posts\/62099\/revisions"}],"wp:featuredmedia":[{"embeddable":true,"href":"https:\/\/redsemlac.com\/semmexico\/wp-json\/wp\/v2\/media\/8473"}],"wp:attachment":[{"href":"https:\/\/redsemlac.com\/semmexico\/wp-json\/wp\/v2\/media?parent=62099"}],"wp:term":[{"taxonomy":"category","embeddable":true,"href":"https:\/\/redsemlac.com\/semmexico\/wp-json\/wp\/v2\/categories?post=62099"},{"taxonomy":"post_tag","embeddable":true,"href":"https:\/\/redsemlac.com\/semmexico\/wp-json\/wp\/v2\/tags?post=62099"}],"curies":[{"name":"wp","href":"https:\/\/api.w.org\/{rel}","templated":true}]}}