{"id":62084,"date":"2023-01-30T08:35:50","date_gmt":"2023-01-30T14:35:50","guid":{"rendered":"https:\/\/redsemlac.com\/semmexico\/?p=62084"},"modified":"2023-01-30T08:35:52","modified_gmt":"2023-01-30T14:35:52","slug":"tras-la-puerta-del-poder-presidenciables-morenistas-y-de-la-oposicion-corren-sin-freno","status":"publish","type":"post","link":"https:\/\/redsemlac.com\/semmexico\/tras-la-puerta-del-poder-presidenciables-morenistas-y-de-la-oposicion-corren-sin-freno\/","title":{"rendered":"Tras la Puerta del Poder| Presidenciables morenistas y de la oposici\u00f3n corren sin freno"},"content":{"rendered":"\n<p class=\"wp-block-paragraph\"><strong>Roberto Vizca\u00edno<\/strong><\/p>\n\n\n\n<p class=\"wp-block-paragraph\">SemM\u00e9xico, Ciudad de M\u00e9xico, 30 de enero del 2023.- Ricardo Monreal tom\u00f3 ayer protesta a unas y unos 2 mil j\u00f3venes que formar\u00e1n la estructura territorial que promover\u00e1 desde hoy en todo el pa\u00eds su Proyecto Pol\u00edtico, Econ\u00f3mico y Social de Naci\u00f3n con el cual buscar\u00e1 llegar a los 300 distritos electorales como el mejor y m\u00e1s preparado aspirante presidencial de Morena.<\/p>\n\n\n\n<p class=\"wp-block-paragraph\">As\u00ed el movimiento Reconciliaci\u00f3n por M\u00e9xico, integrado en su mayor\u00eda por estudiantes y profesionistas j\u00f3venes, buscar\u00e1 fortalecer su presencia electoral en cada una de las comunidades y municipios de toda la Rep\u00fablica.<\/p>\n\n\n\n<p class=\"wp-block-paragraph\">En este encuentro participaron unas 2 mil promotoras y promotores pol\u00edticos coordinados por N\u00e9stor N\u00fa\u00f1ez y Alejandro Rojas D\u00edaz Dur\u00e1n, suplente del senador Monreal.<\/p>\n\n\n\n<p class=\"wp-block-paragraph\">Luego de tomarles protesta, el zacatecano les pidi\u00f3 privilegiar la unidad de las y los mexicanos a trav\u00e9s de impulsar un frente com\u00fan contra problemas como la violencia y el crimen organizado, \u201cque cada vez nos separan m\u00e1s y nos a\u00edslan manteni\u00e9ndonos en un estado permanente de ansiedad\u201d.<\/p>\n\n\n\n<p class=\"wp-block-paragraph\">El presidente de la Junta de Coordinaci\u00f3n Pol\u00edtica y coordinador de la mayor\u00eda senatorial de Morena consider\u00f3 que la verdadera reconciliaci\u00f3n del M\u00e9xico pasa por cerrar las brechas sociales que nos dividen y nos separan.<\/p>\n\n\n\n<p class=\"wp-block-paragraph\">Otras m\u00e1s, agreg\u00f3, tienen que luchar para lograr que la diversidad sea nuestra herramienta para lograr que M\u00e9xico sea m\u00e1s inclusivo, productivo y justo.<\/p>\n\n\n\n<p class=\"wp-block-paragraph\">Igual, agreg\u00f3, se tienen que combatir las injusticias como son la desigualdad y la pobreza.<\/p>\n\n\n\n<p class=\"wp-block-paragraph\">Ello se alcanzar\u00e1, preciso, con un Estado que no s\u00f3lo otorgue bonos en efectivo a la ciudadan\u00eda en situaci\u00f3n de pobreza, sino que cambie de fondo las condiciones econ\u00f3micas y sociales del pa\u00eds e impulse un desarrollo integral que produzca m\u00e1s y mejores fuentes de producci\u00f3n y empleo.<\/p>\n\n\n\n<p class=\"wp-block-paragraph\">Monreal reiter\u00f3 su exigencia de que Morena garantice el la transparencia y el piso parejo en la contienda interna que definir\u00e1 al candidato o candidata presidencial de este partido en la contienda del 2024.<\/p>\n\n\n\n<p class=\"wp-block-paragraph\">Este colectivo promocional en favor de Monreal surge apenas una semana despu\u00e9s de que el pasado 24 de enero un grupo de j\u00f3venes se manifest\u00f3 como simpatizante abierto del zacatecano.<\/p>\n\n\n\n<p class=\"wp-block-paragraph\">Desde entonces Monreal les pidi\u00f3 participar abiertamente en la vida p\u00fablica y pol\u00edtica de M\u00e9xico pues \u201custedes son los agentes del cambio para lograr un mejor pa\u00eds\u201d.<\/p>\n\n\n\n<p class=\"wp-block-paragraph\">Es tiempo, les dijo, de que las y los j\u00f3venes dejen a un lado la apat\u00eda y la indiferencia, y se preparen para el relevo generacional.<\/p>\n\n\n\n<p class=\"wp-block-paragraph\">A las mexicanas y mexicanos en general, les invit\u00f3 a no desmayar, no dejarse arrastrar por la desesperanza y a fortalecer el anhelo de construir un M\u00e9xico mejor, m\u00e1s justo, pr\u00f3spero y en paz.<\/p>\n\n\n\n<p class=\"wp-block-paragraph\">\u201cS\u00f3lo nosotros podemos ofrecerlo y concretarlo\u201d, expres\u00f3.<\/p>\n\n\n\n<p class=\"wp-block-paragraph\">Este grupo promonrealista surge en medio de la revelaci\u00f3n de que Claudia Sheinbaum, Marcelo Ebrard y Ad\u00e1n Augusto L\u00f3pez han desplegado a su vez miles de espectaculares que han aparecido lo mismo en ciudades de la frontera norte, como en Tijuana, que en los estados del centro y Baj\u00edo y en los tropicales como Veracruz, Tabasco y Chiapas.<\/p>\n\n\n\n<p class=\"wp-block-paragraph\">Estos precandidatos y precandidata son ya igualmente apoyados y apoyada por grupos de promoci\u00f3n electoral ante el silencio e inacci\u00f3n de las autoridades electorales que, como el INE, est\u00e1n dedicadas a combatir el Plan B electoral del presidente Andr\u00e9s Manuel L\u00f3pez Obrador.<\/p>\n\n\n\n<p class=\"wp-block-paragraph\"><strong>En la oposici\u00f3n ocurre lo mismo<\/strong><\/p>\n\n\n\n<p class=\"wp-block-paragraph\">La fiebre de la vor\u00e1gine electoral ha calentado por igual a las y los aspirantes presidenciales de la oposici\u00f3n, que han aprovechado los foros de las parlamentarias y a las figuras del pasado, como Vicente Fox y Manlio Fabio Beltrones para promover a las y los suyos.<\/p>\n\n\n\n<p class=\"wp-block-paragraph\">As\u00ed la hoy senadora panista Lilly T\u00e9llez fue promovida por el expresidente Vicente Fox quien en redes sociales la lanz\u00f3 abiertamente como su candidata rumbo a las presidenciales del 2024.<\/p>\n\n\n\n<p class=\"wp-block-paragraph\">Ella aparece junto al exmandatario quien le dice que \u201ccon tus faldas y tu valor\u201d eres una de quienes puede lograr realmente la haza\u00f1a de ganar en el 2024.<\/p>\n\n\n\n<p class=\"wp-block-paragraph\">En otro evento, este del PRD, y junto a Jes\u00fas Zambrano, aparece el pri\u00edsta Manlio Fabio Beltrones quien pide apoyar a los gobiernos de coalici\u00f3n como una forma de fortalecimiento de la vida p\u00fablica y de la Democracia en M\u00e9xico.<\/p>\n\n\n\n<p class=\"wp-block-paragraph\">En ese acto el PRD dio su apoyo al exgobernador michoacano Silvano Aureoles y al exjefe de Gobierno de la Ciudad de M\u00e9xico, hoy senador Miguel \u00c1ngel Mancera como aspirantes para la presidencial del 2024 por este partido.<\/p>\n\n\n\n<p class=\"wp-block-paragraph\"><a href=\"mailto:...rvizcainoa@gmail.com\">&#8230;rvizcainoa@gmail.com<\/a> &nbsp;\/ Twitter: @_Vizcaino \/ Facebook \/ <a href=\"https:\/\/www.facebook.com\/rvizcainoa\">https:\/\/www.facebook.com\/rvizcainoa<\/a><\/p>\n","protected":false},"excerpt":{"rendered":"<p>Ricardo Monreal tom\u00f3 ayer protesta a unas y unos 2 mil j\u00f3venes que formar\u00e1n la estructura territorial que promover\u00e1 desde hoy en todo el pa\u00eds su Proyecto Pol\u00edtico<\/p>\n","protected":false},"author":3,"featured_media":39589,"comment_status":"open","ping_status":"open","sticky":false,"template":"","format":"standard","meta":{"_monsterinsights_skip_tracking":false,"footnotes":""},"categories":[35,623,622],"tags":[],"class_list":["post-62084","post","type-post","status-publish","format-standard","has-post-thumbnail","category-opinion","category-roberto-vizcaino","category-tras-la-puerta-del-poder"],"_links":{"self":[{"href":"https:\/\/redsemlac.com\/semmexico\/wp-json\/wp\/v2\/posts\/62084","targetHints":{"allow":["GET"]}}],"collection":[{"href":"https:\/\/redsemlac.com\/semmexico\/wp-json\/wp\/v2\/posts"}],"about":[{"href":"https:\/\/redsemlac.com\/semmexico\/wp-json\/wp\/v2\/types\/post"}],"author":[{"embeddable":true,"href":"https:\/\/redsemlac.com\/semmexico\/wp-json\/wp\/v2\/users\/3"}],"replies":[{"embeddable":true,"href":"https:\/\/redsemlac.com\/semmexico\/wp-json\/wp\/v2\/comments?post=62084"}],"version-history":[{"count":0,"href":"https:\/\/redsemlac.com\/semmexico\/wp-json\/wp\/v2\/posts\/62084\/revisions"}],"wp:featuredmedia":[{"embeddable":true,"href":"https:\/\/redsemlac.com\/semmexico\/wp-json\/wp\/v2\/media\/39589"}],"wp:attachment":[{"href":"https:\/\/redsemlac.com\/semmexico\/wp-json\/wp\/v2\/media?parent=62084"}],"wp:term":[{"taxonomy":"category","embeddable":true,"href":"https:\/\/redsemlac.com\/semmexico\/wp-json\/wp\/v2\/categories?post=62084"},{"taxonomy":"post_tag","embeddable":true,"href":"https:\/\/redsemlac.com\/semmexico\/wp-json\/wp\/v2\/tags?post=62084"}],"curies":[{"name":"wp","href":"https:\/\/api.w.org\/{rel}","templated":true}]}}