{"id":62080,"date":"2023-01-30T08:28:43","date_gmt":"2023-01-30T14:28:43","guid":{"rendered":"https:\/\/redsemlac.com\/semmexico\/?p=62080"},"modified":"2023-01-30T08:28:45","modified_gmt":"2023-01-30T14:28:45","slug":"opinion-su-rostro-es-el-fiel-reflejo-del-dolor","status":"publish","type":"post","link":"https:\/\/redsemlac.com\/semmexico\/opinion-su-rostro-es-el-fiel-reflejo-del-dolor\/","title":{"rendered":"Opini\u00f3n| Su rostro es el fiel reflejo del dolor"},"content":{"rendered":"\n<p class=\"wp-block-paragraph\"><strong>Teresa C. Ulloa Zi\u00e1urriz*<\/strong><\/p>\n\n\n\n<p class=\"wp-block-paragraph\">SemM\u00e9xico, Ciudad de M\u00e9xico, 30 de enero del 2023.- Conforme pasan los a\u00f1os, se va minando la salud de las madres de hijas desaparecidas, las arrugas de sus rostros se acent\u00faan y multiplican y el brillo de sus ojos se pierde hasta caer en la opacidad del dolor.<\/p>\n\n\n\n<p class=\"wp-block-paragraph\">Los ojos son el reflejo del alma y los ojos de Do\u00f1a Celia, o Rosa Isela, o Maribel, o la mama de Dany, incluso la mam\u00e1 de Perla Brigitte que s\u00f3lo tiene un a\u00f1o desaparecida, en Zacatecas y aunque los perpetradores, un m\u00e9dico compa\u00f1ero de Perla que era enfermera, ya se encuentra sentenciado a 60 a\u00f1os de c\u00e1rcel y su hermano que se encuentra pr\u00f3fugo, ya a Perla nadie la est\u00e1 buscando, s\u00f3lo su madre.<\/p>\n\n\n\n<p class=\"wp-block-paragraph\">O las l\u00e1grimas que corren de sus ojos cuando se acuerdan de la desaparici\u00f3n de sus hijas, Jessica, Yamile, Ma. Jos\u00e9, o Daniela X\u00f3chitl, y los a\u00f1os que han pasado esperando que las llamen o toquen a sus puertas y sean ellas, las noches de desvelo, sus voces apagadas, sus manos que tiemblan y que ha forzado a que cada una haya encontrado distintas formas para sobrevivir.<\/p>\n\n\n\n<p class=\"wp-block-paragraph\">Unas que se suman a las b\u00fasquedas en vida, porque les duele mucho buscar a sus hijas bajo el protocolo postmortem. Otras aceptan esos protocolos tanto en vida como postmortem. Otras prefieren exigirle al gobierno que las busque.<\/p>\n\n\n\n<figure class=\"wp-block-image size-large\"><a href=\"https:\/\/redsemlac.com\/semmexico\/wp-content\/uploads\/2023\/01\/OPINION-2.jpg\"><img decoding=\"async\" src=\"https:\/\/redsemlac.com\/semmexico\/wp-content\/uploads\/2023\/01\/OPINION-2-1024x576.jpg\" alt=\"\" class=\"wp-image-62081\"\/><\/a><\/figure>\n\n\n\n<p class=\"wp-block-paragraph\">Sus ojos se quedan perdidos en lontananza, como buscando en el infinito a sus hijas, buscando consuelo, buscando respuestas, sin darse por vencidas. Hay veces que su dolor y la incertidumbre brotan por sus poros. Su salud va menguando con el paso del tiempo. E inclusive, de qu\u00e9 sirve que detengan a los que desaparecieron a sus hijas, como en el caso de Yamile, que los jueces del estado de Morelos los absolvieron a pesar que su hermana los reconoci\u00f3 sin temor a equivocarse; o como el caso de Perla Brigitte, que como ya uno de los perpetradores est\u00e1 sentenciado en Zacatecas, ya nadie la busca, ni se esmeran por ejecutar la orden de aprehensi\u00f3n que est\u00e1 pendiente de ejecutarse, a pesar de que hay muchos indicios y pruebas de que fue v\u00edctima de trata para la explotaci\u00f3n sexual.<\/p>\n\n\n\n<p class=\"wp-block-paragraph\">Mar\u00eda Jos\u00e9 desapareci\u00f3 el 21 de septiembre de 2010, en Tec\u00e1mac, Estado de M\u00e9xico, cuando ten\u00eda 11 meses de nacida y se sospecha que fue robada para adopci\u00f3n internacional, a pesar de que el hombre que se la llev\u00f3 ya est\u00e1 sentenciado y dice que mat\u00f3 a la beb\u00e9, pero Mar\u00eda Jos\u00e9 sigue desaparecida.<\/p>\n\n\n\n<p class=\"wp-block-paragraph\">O el caso de Jessica Cer\u00f3n, que despareci\u00f3 el 13 de agosto de 2012, en Jiutepec, Morelos, con un embarazo a t\u00e9rmino y Do\u00f1a Celia, su mam\u00e1, la sigue buscando, a ella y a Max, su beb\u00e9.<\/p>\n\n\n\n<p class=\"wp-block-paragraph\">Daniela X\u00f3chitl desapareci\u00f3 el 31 de mayo de 2006, a la edad de 6 a\u00f1os, de su propia casa, en Tultitl\u00e1n, Estado de M\u00e9xico, mientras su mam\u00e1 se hab\u00eda ido a trabajar, y estaba a cargo de su nana, tambi\u00e9n se sospecha que fue extra\u00edda de su hogar para la explotaci\u00f3n sexual infantil, hasta el d\u00eda de hoy, no aparece.<\/p>\n\n\n\n<p class=\"wp-block-paragraph\">Y como estos hay miles de casos que el Estado Mexicano va dejando en el olvido, ante su ineficiencia en la b\u00fasqueda.<\/p>\n\n\n\n<p class=\"wp-block-paragraph\">Incluso, aunque, hay suficientes elementos que permitan sospechar que se tratan de casos de trata, la FEVIMTRA no los investiga, hasta que hayamos rescatado o localizado a la v\u00edctima, y se manda a las madres a que se formen a la Fiscal\u00eda de Desaparici\u00f3n Forzada y por Particulares, en la Fiscal\u00eda General de la Rep\u00fablica, o en las Fiscal\u00edas de los Estados, donde ponen funcionarios\/as sin compromiso y sin experiencia en la b\u00fasqueda de personas desaparecidas, v\u00edctimas de trata y cualquier modalidad de explotaci\u00f3n. Y justo esa Fiscal\u00eda de Desaparici\u00f3n Forzada cuenta con pocos Ministerios P\u00fablicos Federales y pocos recursos, lo que provoca que los casos se apilen en espera de turno, ya que les corresponden m\u00e1s de 50 Carpetas de Investigaci\u00f3n a cada Ministerio P\u00fablico.<\/p>\n\n\n\n<p class=\"wp-block-paragraph\">Hoy en M\u00e9xico, hay 100,000 personas desaparecidas, un poco m\u00e1s de 33,000 son mujeres y ni\u00f1as. Por cada desaparecido y desaparecida hay una madre, una hermana, una hija, una novia, que las est\u00e1 buscando. Por eso decimos que sus rostros son el claro reflejo del dolor\u2026<\/p>\n\n\n\n<p class=\"has-small-font-size wp-block-paragraph\">* Directora de la Coalici\u00f3n Regional contra el Tr\u00e1fico de Mujeres y Ni\u00f1as en Am\u00e9rica Latina y el Caribe (CATWLAC por sus siglas en ingl\u00e9s).<\/p>\n","protected":false},"excerpt":{"rendered":"<p>Conforme pasan los a\u00f1os, se va minando la salud de las madres de hijas desaparecidas, las arrugas de sus rostros se acent\u00faan y multiplican y el brillo de sus ojos se pierde hasta caer en la opacidad del dolor.<\/p>\n","protected":false},"author":3,"featured_media":62082,"comment_status":"open","ping_status":"open","sticky":false,"template":"","format":"standard","meta":{"_monsterinsights_skip_tracking":false,"footnotes":""},"categories":[82,110],"tags":[],"class_list":["post-62080","post","type-post","status-publish","format-standard","has-post-thumbnail","category-la-opinion","category-la-opinion-columnas"],"_links":{"self":[{"href":"https:\/\/redsemlac.com\/semmexico\/wp-json\/wp\/v2\/posts\/62080","targetHints":{"allow":["GET"]}}],"collection":[{"href":"https:\/\/redsemlac.com\/semmexico\/wp-json\/wp\/v2\/posts"}],"about":[{"href":"https:\/\/redsemlac.com\/semmexico\/wp-json\/wp\/v2\/types\/post"}],"author":[{"embeddable":true,"href":"https:\/\/redsemlac.com\/semmexico\/wp-json\/wp\/v2\/users\/3"}],"replies":[{"embeddable":true,"href":"https:\/\/redsemlac.com\/semmexico\/wp-json\/wp\/v2\/comments?post=62080"}],"version-history":[{"count":0,"href":"https:\/\/redsemlac.com\/semmexico\/wp-json\/wp\/v2\/posts\/62080\/revisions"}],"wp:featuredmedia":[{"embeddable":true,"href":"https:\/\/redsemlac.com\/semmexico\/wp-json\/wp\/v2\/media\/62082"}],"wp:attachment":[{"href":"https:\/\/redsemlac.com\/semmexico\/wp-json\/wp\/v2\/media?parent=62080"}],"wp:term":[{"taxonomy":"category","embeddable":true,"href":"https:\/\/redsemlac.com\/semmexico\/wp-json\/wp\/v2\/categories?post=62080"},{"taxonomy":"post_tag","embeddable":true,"href":"https:\/\/redsemlac.com\/semmexico\/wp-json\/wp\/v2\/tags?post=62080"}],"curies":[{"name":"wp","href":"https:\/\/api.w.org\/{rel}","templated":true}]}}