{"id":6203,"date":"2018-11-06T21:37:29","date_gmt":"2018-11-06T21:37:29","guid":{"rendered":"https:\/\/redsemlac.com\/semmexico\/?p=6203"},"modified":"2023-07-21T14:34:15","modified_gmt":"2023-07-21T19:34:15","slug":"aporofobia-en-mexico","status":"publish","type":"post","link":"https:\/\/redsemlac.com\/semmexico\/aporofobia-en-mexico\/","title":{"rendered":"Aporofobia en M\u00e9xico"},"content":{"rendered":"\n<p class=\"wp-block-paragraph\">Latinoam\u00e9rica se hace como que no existe el problema de la pobreza.<\/p>\n\n\n\n<h5 class=\"wp-block-heading\"> \u00abAporofobia\u00bb, es el neologismo que da nombre al temor o p\u00e1nico, rechazo y aversi\u00f3n a los pobres.<\/h5>\n\n\n\n<p class=\"wp-block-paragraph\"><a href=\"https:\/\/semmexico.com\/gallery-post.php?id=6306#\">Billy Parker<\/a><\/p>\n\n\n\n<p class=\"wp-block-paragraph\">SemM\u00e9xico. Veracruz. 6 de noviembre de 2018.- &nbsp;&nbsp;C\u00f3mo si no fuera suficiente la tr\u00e1gica circunstancia&nbsp;&nbsp;de los centroamericanos por&nbsp;&nbsp;la manipulaci\u00f3n geopol\u00edtica, violencia, infiltraci\u00f3n&nbsp;&nbsp;y la condici\u00f3n emergente de&nbsp;&nbsp;los integrantes de la caravana de migrantes, que caminan desesperadas hacia los Estados Unidos, los cubre ominosamente la aporofobia en su tr\u00e1nsito por M\u00e9xico.<\/p>\n\n\n\n<p class=\"wp-block-paragraph\">No obstante, no es el \u00fanico segmento que envuelven los discursos del odio en M\u00e9xico, en esta entrega nos dedicaremos al fen\u00f3meno de la migraci\u00f3n masiva por la emergencia del caso, pero la aporofobia viene disfrazada de varias maneras: el odio extremo o la cosificaci\u00f3n de la poblaci\u00f3n vulnerable, de los que menos tienen. Cubre a varios segmentos sociales que el poder quiere desaparecer, ll\u00e1mense pensionados, j\u00f3venes, enfermos, periodistas, mujeres, etc, Todo aquellos que no produzca seg\u00fan ellos. Los criminalizan, desprecian y matan, igual que a los migrantes.&nbsp;<\/p>\n\n\n\n<p class=\"wp-block-paragraph\">\u00abAporofobia\u00bb, es el neologismo que da nombre al temor o p\u00e1nico, rechazo y aversi\u00f3n a los pobres. En 2017 fue elegida palabra del a\u00f1o por la Fundaci\u00f3n del Espa\u00f1ol Urgente. Un t\u00e9rmino que puede explicar muchos de los fen\u00f3menos que enfrenta M\u00e9xico, desde el econ\u00f3mico hasta el sociopol\u00edtico.&nbsp;<\/p>\n\n\n\n<p class=\"wp-block-paragraph\">En el mundo de la globalizaci\u00f3n, de los movimientos migratorios transnacionales y de la aparici\u00f3n de conflictos que emanan de las desigualdades sociales, los cimientos de la democracia se ven convulsionados, y principios como la justicia quedan en entredicho, se\u00f1alan los investigadores.<\/p>\n\n\n\n<p class=\"wp-block-paragraph\">Si usted nunca ha padecido la mirada de desprecio de los pudientes, sobre todo cuando por cualquier circunstancia usted se ve necesitado, entonces no sabr\u00e1 de que le hablo. Cuando estos individuos creen estar arriba de los dem\u00e1s, voltean para abajo con burlas y enga\u00f1os, sin percatarse que est\u00e1n envueltos en un episodio de violencia por odio -donde tarde o temprano caer\u00e1n-, gracias al modelo econ\u00f3mico financiero donde la humanidad solo son cifras, o trampolines para alcanzar la cima.&nbsp;<\/p>\n\n\n\n<p class=\"wp-block-paragraph\">La corrupci\u00f3n tiene su origen y destino en ese nicho. El odio, el p\u00e1nico, el temor, el terror a caer en ese segmento los mantiene enriqueci\u00e9ndose, acumulando poder y pasando por encima de los dem\u00e1s.&nbsp;<\/p>\n\n\n\n<p class=\"wp-block-paragraph\">La Aporofobia exhibe que lo que est\u00e1 en riesgo en nuestras sociedades, que no es s\u00f3lo el conjunto de reglas e instituciones del que nos hemos dotado para convivir de forma pac\u00edfica y lograr mayor progreso y bienestar, sino la propia dignidad humana y el bienestar de las personas. Es un fen\u00f3meno que nos obliga a profundizar en las ra\u00edces sociales y \u00e9ticas de ciertos fen\u00f3menos sociales que desaf\u00edan la democracia y los principios morales que la representan.<\/p>\n\n\n\n<p class=\"wp-block-paragraph\">En la aversi\u00f3n a los pobres, vemos un proceso mental que anula la compasi\u00f3n y la empat\u00eda provocado por la ideolog\u00eda neoliberal que se activa cuando se dice que los pobres son culpables de su pobreza. Cuando los tecn\u00f3cratas afirman que la pobreza no es fruto de unas condiciones estructurales, sino el resultado de la indolencia, (son unos flojos o tontos) se evidencia el miedo. En esa ideolog\u00eda, los pobres son percibidos como una amenaza. Culpabilizarlos anula la empat\u00eda y permite que se le ignore y hasta se les violente.&nbsp;<\/p>\n\n\n\n<p class=\"wp-block-paragraph\">El concepto de aporofobia es acu\u00f1ado por la fil\u00f3sofa Adela Cortina y surge cuando vemos un fen\u00f3meno en la conciencia colectiva, \u201cque aun cuando no se ve o no se quiere admitir, hay que nombrarlo\u201d. Est\u00e1 en la ra\u00edces de la xenofobia y racismo extendido por todo el planeta. Es la base en que se sustenta el agotado modelo del neoliberalismo. Son los marginados, los que viven en las calles de las metr\u00f3polis del mundo occidental, los que mantienen a la \u00e9lite cupular cuya religi\u00f3n es el consumismo del capitalismo salvaje. Para quienes&nbsp;&nbsp;evitan caer en el nicho de los \u201csin hogar\u201d, malas noticias, cada vez caen m\u00e1s y superan a los pudientes que se ven amenazados por los despojados.&nbsp;<\/p>\n\n\n\n<p class=\"wp-block-paragraph\">Mientras los que temen perder su riqueza vuelcan su rechazo con odio, decenas de familias mexicanas apoyan a los marginados y manipulados migrantes en su lento paso, con t\u00e1cticas de retraso a su alrededor para que Trump lleve a cabo sus elecciones y los utilice en su discurso para recuperar su perdido capital pol\u00edtico. La aporofobia emerge con los anuncios de los radicales que ven una amenaza para su estatus quo, y salta en nuestro pa\u00eds como expresiones de odio vertidas en las redes, en los \u00e1mbitos pol\u00edticos y en cibercomunidades, porque muchos se autoubican en la elite pol\u00edtica que mira para abajo a los dem\u00e1s, sin saber que alg\u00fan d\u00eda ah\u00ed los remitir\u00e1 su misma \u201creligi\u00f3n\u201d financiera.&nbsp;<\/p>\n\n\n\n<p class=\"wp-block-paragraph\">Entretanto en Latinoam\u00e9rica se hace como que no existe el problema de la pobreza y los marginados migrantes reciben la crueldad del ser humano que se considera m\u00e1s fuerte, en Europa ya se toman medidas para detener el avance de este p\u00e1nico a los que nada tienen que perder, porque se los han quitado todo en cada crisis econ\u00f3mica y de corrupci\u00f3n.&nbsp;&nbsp;El presidente del Gobierno, Pedro S\u00e1nchez, ha anunciado que impulsar\u00e1 la reforma del C\u00f3digo Penal para incluir la aporofobia, como agravante para que los agresores sientan \u00abel reproche moral de la sociedad\u00bb.<\/p>\n\n\n\n<p class=\"wp-block-paragraph\">Pedro S\u00e1nchez refiere con acierto la necesidad de dejar de ignorarlo,&nbsp;\u00abVamos a dejar de fingir que el problema no existe si lo ignoramos con la mirada\u00bb. Es dice el mandatario,&nbsp;\u201cUna lecci\u00f3n de la crisis es que nadie est\u00e1 libre de caer, de tocar fondo y perderlo todo\u201d y alista la Estrategia Nacional Integral para Personas Sin Hogar, pasando del mero asistencialismo a una pol\u00edtica basada en derechos.<\/p>\n\n\n\n<p class=\"wp-block-paragraph\">Se podr\u00eda entender que las perversiones de \u00edndole pol\u00edtica internacional promuevan el odio con especulaciones y falacias pero, otra cosa es que&nbsp;&nbsp;lo adopten mexicanos que se precian de llevar la bandera de la justicia. \u00bfQu\u00e9 puede llevarlos a ondear su estandarte ultra radical contra los marginados que se aventuran por miles en estado vulnerable que los pudientes manipulan , varios son los factores que explica muy bien la teor\u00eda de la aporofobia, el miedo a los pobres. Pero de ello hablaremos en otra entrega.<br><\/p>\n","protected":false},"excerpt":{"rendered":"<p>Latinoam\u00e9rica se hace como que no existe el problema de la pobreza. \u00abAporofobia\u00bb, es el neologismo que da nombre al temor o p\u00e1nico, rechazo y aversi\u00f3n a los pobres. Billy Parker SemM\u00e9xico. Veracruz. 6 de noviembre de 2018.- &nbsp;&nbsp;C\u00f3mo si no fuera suficiente la tr\u00e1gica circunstancia&nbsp;&nbsp;de los centroamericanos por&nbsp;&nbsp;la manipulaci\u00f3n geopol\u00edtica, violencia, infiltraci\u00f3n&nbsp;&nbsp;y la condici\u00f3n [&hellip;]<\/p>\n","protected":false},"author":3,"featured_media":6161,"comment_status":"open","ping_status":"open","sticky":false,"template":"","format":"standard","meta":{"_monsterinsights_skip_tracking":false,"footnotes":""},"categories":[689,81,1],"tags":[],"class_list":["post-6203","post","type-post","status-publish","format-standard","has-post-thumbnail","category-689","category-billy-parker","category-uncategorized"],"_links":{"self":[{"href":"https:\/\/redsemlac.com\/semmexico\/wp-json\/wp\/v2\/posts\/6203","targetHints":{"allow":["GET"]}}],"collection":[{"href":"https:\/\/redsemlac.com\/semmexico\/wp-json\/wp\/v2\/posts"}],"about":[{"href":"https:\/\/redsemlac.com\/semmexico\/wp-json\/wp\/v2\/types\/post"}],"author":[{"embeddable":true,"href":"https:\/\/redsemlac.com\/semmexico\/wp-json\/wp\/v2\/users\/3"}],"replies":[{"embeddable":true,"href":"https:\/\/redsemlac.com\/semmexico\/wp-json\/wp\/v2\/comments?post=6203"}],"version-history":[{"count":0,"href":"https:\/\/redsemlac.com\/semmexico\/wp-json\/wp\/v2\/posts\/6203\/revisions"}],"wp:featuredmedia":[{"embeddable":true,"href":"https:\/\/redsemlac.com\/semmexico\/wp-json\/wp\/v2\/media\/6161"}],"wp:attachment":[{"href":"https:\/\/redsemlac.com\/semmexico\/wp-json\/wp\/v2\/media?parent=6203"}],"wp:term":[{"taxonomy":"category","embeddable":true,"href":"https:\/\/redsemlac.com\/semmexico\/wp-json\/wp\/v2\/categories?post=6203"},{"taxonomy":"post_tag","embeddable":true,"href":"https:\/\/redsemlac.com\/semmexico\/wp-json\/wp\/v2\/tags?post=6203"}],"curies":[{"name":"wp","href":"https:\/\/api.w.org\/{rel}","templated":true}]}}