{"id":62024,"date":"2023-01-28T11:51:08","date_gmt":"2023-01-28T17:51:08","guid":{"rendered":"https:\/\/redsemlac.com\/semmexico\/?p=62024"},"modified":"2023-01-28T11:52:06","modified_gmt":"2023-01-28T17:52:06","slug":"primera-agencia-privada-de-cuidados-a-domicilio-en-cuba","status":"publish","type":"post","link":"https:\/\/redsemlac.com\/semmexico\/primera-agencia-privada-de-cuidados-a-domicilio-en-cuba\/","title":{"rendered":"Primera agencia privada de cuidados a domicilio en Cuba"},"content":{"rendered":"\n<p class=\"wp-block-paragraph\">Dos mujeres las primeras contratadas<\/p>\n\n\n\n<p class=\"wp-block-paragraph\">El proyecto se propone crecer, extenderse en el pa\u00eds y darle un enfoque m\u00e1s social a su trabajo, en beneficio de las personas con menores ingresos.<\/p>\n\n\n\n<p class=\"wp-block-paragraph\"><a href=\"https:\/\/www.ipscuba.net\/author\/redaccion\/\" target=\"_blank\" rel=\"noreferrer noopener\">Redacci\u00f3n<\/a><\/p>\n\n\n\n<p class=\"wp-block-paragraph\">SemM\u00e9xico\/IPS, La Habana, 28 de enero, 2023.- \u201cEl abuelito Nilo es el primer cliente de TaTaman\u00eda\u201d, public\u00f3 en sus redes sociales la primera agencia cubana de cuidados a domicilio de personas adultas mayores, enfermas y en condici\u00f3n de discapacidad, que anunci\u00f3 el inicio de sus labores el 15 de enero.<\/p>\n\n\n\n<p class=\"wp-block-paragraph\">\u201cPor la cantidad de horas contratadas, tendr\u00e1 m\u00e1s de un cuidado, pues respetamos el horario de descanso de nuestros trabajadores\u201d, destac\u00f3 en WhatsApp TaTaman\u00eda SURL (Sociedad Unipersonal de Responsabilidad Limitada), con la que la familia de Nilo firm\u00f3 un contrato mediante el cual ser\u00e1n sus cuidadoras Mar\u00eda de los \u00c1ngeles y Ana Juan.<\/p>\n\n\n\n<p class=\"wp-block-paragraph\">Seg\u00fan publicaron en&nbsp;<a href=\"https:\/\/www.facebook.com\/TaTamaniaOficial\/?__cft__%5b0%5d=AZX6gZnYNCen8A-5kMH8eWCwGVNkgQ14zoFKUNVXDkoERr6iQRLuiJQ3SBHzOmu51j1l6mj18NXLjy0wd4zwNR3Tacn0QZtVzlPQtfHHl-IS68l92BuiHZazjnu3XkkLPEcbn5M2Q7D_HCrLN3hLKN11-6tuQIQGn49f1xmOr2FqCJZqOU2wb3tI4rsYk4tEqKY&amp;__tn__=kK-R\" target=\"_blank\" rel=\"noreferrer noopener\">Facebook<\/a>, \u201cest\u00e1bamos conscientes de que emprender en el sector de los cuidados en Cuba no iba a ser tarea f\u00e1cil, pero trabajamos sin descanso cada d\u00eda, sorteamos \u2014y seguimos haci\u00e9ndolo\u2014 un mont\u00f3n de obst\u00e1culos, movidos por la certeza de lo necesario de nuestros servicios en un pa\u00eds que envejece aceleradamente\u201d.<\/p>\n\n\n\n<p class=\"wp-block-paragraph\"><strong>Caracter\u00edsticas del servicio<\/strong><\/p>\n\n\n\n<p class=\"wp-block-paragraph\">De acuerdo con informaciones divulgadas por la empresa, de reciente creaci\u00f3n, cuenta con un equipo de cuidadores con experiencia en el sector de la salud en su totalidad, que estar\u00e1 bajo el monitoreo de supervisores.<\/p>\n\n\n\n<p class=\"wp-block-paragraph\">Para garantizar la legalidad, ambas partes (empresa-cliente) firman un contrato que norma los requisitos fundamentales del servicio. Para cada caso, los cuidadores se seleccionar\u00e1n tras una valoraci\u00f3n sociosanitaria en el domicilio de la persona a cuidar, su estado de salud, necesidades y el tipo de cuidados que requiere.<\/p>\n\n\n\n<p class=\"wp-block-paragraph\">\u201cLas personas cuidadoras de @TaTaman\u00eda poseen experiencia en el \u00e1rea de la salud, pues este fue uno de los principales requisitos que tuvimos en cuenta a la hora de la contrataci\u00f3n\u201d, apunta la agencia en su perfil en FB.<\/p>\n\n\n\n<p class=\"wp-block-paragraph\">Entre las funciones de quienes cuida se citan: mantener limpia la habitaci\u00f3n o el \u00e1rea de cuidado, encargarse de la higiene de la persona a cuidar, ayudarla a vestir, lavado de su ropa personal y de cama, velar por su seguridad constante.<\/p>\n\n\n\n<p class=\"wp-block-paragraph\">Sus responsabilidades tambi\u00e9n incluyen controlar su medicaci\u00f3n y preparar las comidas siguiendo las pautas del m\u00e9dico, dar acompa\u00f1amiento y apoyo en caso de urgencias m\u00e9dicas y citas en instituciones hospitalarias y realizar gimnasias matutinas y ejercicios cognitivos para mantener activa a la persona que se cuida.<\/p>\n\n\n\n<p class=\"wp-block-paragraph\">El proceso de solicitud, mediante sus redes sociales o por el tel\u00e9fono 53576804, incluye una primera visita, libre de costo, para hacer la caracterizaci\u00f3n personalizada de lo que necesita el cliente, el horario y las tarifas, y de llegar a un acuerdo, firmar el contrato.<\/p>\n\n\n\n<p class=\"wp-block-paragraph\">Publicaciones de la empresa dan cuenta de la recepci\u00f3n de solicitudes de sus servicios desde varias provincias del pa\u00eds, pero \u201cpor el momento, #TaTaman\u00eda solo radica en La Habana, aunque con el tiempo, la agencia pretende expandirse a otros territorios cubanos\u201d.<\/p>\n\n\n\n<p class=\"wp-block-paragraph\"><strong>TaTaman\u00eda en acci\u00f3n<\/strong><\/p>\n\n\n\n<p class=\"wp-block-paragraph\">Desde su lanzamiento, la agencia desarrolla una intensa actividad de comunicaci\u00f3n mediante redes sociales como Facebook y WhatsApp.<\/p>\n\n\n\n<p class=\"wp-block-paragraph\">Entre las informaciones compartidas en sus redes, est\u00e1n las razones por las que resulta conveniente contratar a una persona cuidadora profesional a domicilio.<\/p>\n\n\n\n<p class=\"wp-block-paragraph\">Algunos posts se refieren a estudios que demuestran que el 85 por ciento de las personas adultas mayores prefieren ser cuidadas en su casa a ser trasladadas a otro lugar, toda vez que el cuidado domiciliario las hace sentirse m\u00e1s c\u00f3modas, felices y con la memoria activa, al reconocer el espacio.<\/p>\n\n\n\n<p class=\"wp-block-paragraph\">TaTaman\u00eda ofrece flexibilidad de horarios en el cuidado a domicilio, pues pueden contratarse servicios por horas, de noche o por 24 horas, lo que contribuye a la calidad de vida de la familia, al permitirles a sus integrantes gestionar su tiempo sabiendo que la persona necesitada de cuidados est\u00e1 en manos de alguien profesional.<\/p>\n\n\n\n<p class=\"wp-block-paragraph\"><strong>Idea oportuna y reacciones<\/strong><\/p>\n\n\n\n<p class=\"wp-block-paragraph\">La aparici\u00f3n de este tipo de emprendimiento es una necesidad para Cuba, donde el 21,6 por ciento de la poblaci\u00f3n tiene 60 a\u00f1os y m\u00e1s, el \u00edndice m\u00e1s elevado de la regi\u00f3n, y donde no son suficientes los hogares de ancianos y las casas de abuelos.<\/p>\n\n\n\n<p class=\"wp-block-paragraph\">En abril de 2022, seg\u00fan el Ministerio de Trabajo y Seguridad Social, el 17,4 por ciento de las personas mayores viv\u00edan solas, cifra que podr\u00eda estar incrementada con las salidas del pa\u00eds de m\u00e1s de 200 000 personas el pasado a\u00f1o.<\/p>\n\n\n\n<p class=\"wp-block-paragraph\">\u201cQue tengan muchos m\u00e1s, aportar\u00e1n mucha tranquilidad a los abuelitos y a su familia\u201d, poste\u00f3 en FB Rudy Colom\u00e9, que como otras personas elogi\u00f3 el nuevo servicio; en tanto, para Belkis Echemend\u00eda-Tocabens, \u201cel \u00e9xito est\u00e1 garantizado: la necesidad del servicio se combina con un proyecto hecho con amor\u201d.<\/p>\n\n\n\n<p class=\"wp-block-paragraph\">No pocos comentarios se refieren a la conveniencia de extender esta iniciativa a otras localidades del pa\u00eds.<\/p>\n\n\n\n<p class=\"wp-block-paragraph\">\u201cHar\u00eda falta saber los costos\u2026. &nbsp;porque tal vez en algunas familias exista la necesidad, pero no pueden costearse el servicio\u201d, opin\u00f3 Magalys G\u00f3mez, de 64 a\u00f1os. (2023)&nbsp;<\/p>\n","protected":false},"excerpt":{"rendered":"<p>El proyecto se propone crecer, extenderse en el pa\u00eds y darle un enfoque m\u00e1s social a su trabajo, en beneficio de las personas con menores ingresos.<\/p>\n","protected":false},"author":3,"featured_media":62025,"comment_status":"open","ping_status":"open","sticky":false,"template":"","format":"standard","meta":{"_monsterinsights_skip_tracking":false,"footnotes":""},"categories":[53],"tags":[],"class_list":["post-62024","post","type-post","status-publish","format-standard","has-post-thumbnail","category-internacional"],"_links":{"self":[{"href":"https:\/\/redsemlac.com\/semmexico\/wp-json\/wp\/v2\/posts\/62024","targetHints":{"allow":["GET"]}}],"collection":[{"href":"https:\/\/redsemlac.com\/semmexico\/wp-json\/wp\/v2\/posts"}],"about":[{"href":"https:\/\/redsemlac.com\/semmexico\/wp-json\/wp\/v2\/types\/post"}],"author":[{"embeddable":true,"href":"https:\/\/redsemlac.com\/semmexico\/wp-json\/wp\/v2\/users\/3"}],"replies":[{"embeddable":true,"href":"https:\/\/redsemlac.com\/semmexico\/wp-json\/wp\/v2\/comments?post=62024"}],"version-history":[{"count":0,"href":"https:\/\/redsemlac.com\/semmexico\/wp-json\/wp\/v2\/posts\/62024\/revisions"}],"wp:featuredmedia":[{"embeddable":true,"href":"https:\/\/redsemlac.com\/semmexico\/wp-json\/wp\/v2\/media\/62025"}],"wp:attachment":[{"href":"https:\/\/redsemlac.com\/semmexico\/wp-json\/wp\/v2\/media?parent=62024"}],"wp:term":[{"taxonomy":"category","embeddable":true,"href":"https:\/\/redsemlac.com\/semmexico\/wp-json\/wp\/v2\/categories?post=62024"},{"taxonomy":"post_tag","embeddable":true,"href":"https:\/\/redsemlac.com\/semmexico\/wp-json\/wp\/v2\/tags?post=62024"}],"curies":[{"name":"wp","href":"https:\/\/api.w.org\/{rel}","templated":true}]}}