{"id":62020,"date":"2023-01-28T11:46:29","date_gmt":"2023-01-28T17:46:29","guid":{"rendered":"https:\/\/redsemlac.com\/semmexico\/?p=62020"},"modified":"2023-01-28T11:46:32","modified_gmt":"2023-01-28T17:46:32","slug":"la-fundacion-greta-thunberg-dona-cerca-de-270-000-dolares-para-ayudar-a-los-desplazados-por-el-cambio-climatico","status":"publish","type":"post","link":"https:\/\/redsemlac.com\/semmexico\/la-fundacion-greta-thunberg-dona-cerca-de-270-000-dolares-para-ayudar-a-los-desplazados-por-el-cambio-climatico\/","title":{"rendered":"<strong>La Fundaci\u00f3n Greta Thunberg dona cerca de 270.000 d\u00f3lares para ayudar a los desplazados por el cambio clim\u00e1tico<\/strong>"},"content":{"rendered":"\n<p class=\"has-small-font-size wp-block-paragraph\"><strong>UNICEF\/Safidy Andriananten<\/strong><\/p>\n\n\n\n<p class=\"wp-block-paragraph\">El desecado r\u00edo Manambovo, en Madagascar, donde la comunidad utiliza el agua estancada que queda para hidratar su ganado, para lavar la ropa, para ducharse y para su hogar.<\/p>\n\n\n\n<p class=\"wp-block-paragraph\">Redacci\u00f3n<\/p>\n\n\n\n<p class=\"wp-block-paragraph\">SemM\u00e9xico\/Noticias ONU, Ciudad de M\u00e9xico, 28 de enero, 2023.- La agencia de la ONU para los migrantes apoyar\u00e1 con ese dinero a los desplazados y afectados por las hist\u00f3ricas inundaciones en Pakist\u00e1n y de la agobiante sequ\u00eda en Somalia.<\/p>\n\n\n\n<p class=\"wp-block-paragraph\">Greta Thunberg, destacada activista por la justicia clim\u00e1tica, ha donado a trav\u00e9s de su&nbsp;<a href=\"https:\/\/thegretathunbergfoundation.org\/\" target=\"_blank\" rel=\"noreferrer noopener\">fundaci\u00f3n<\/a>, 275.000 euros (unos 269.000 d\u00f3lares) a la&nbsp;<a href=\"http:\/\/www.iom.int\/es\" target=\"_blank\" rel=\"noreferrer noopener\">Organizaci\u00f3n Internacional para las Migraciones<\/a>&nbsp;OIM con el fin de apoyar la respuesta de emergencia a las hist\u00f3ricas inundaciones en Pakist\u00e1n y a la agobiante sequ\u00eda en Somalia.<\/p>\n\n\n\n<p class=\"wp-block-paragraph\">Thunberg, junto con el responsable de la OIM, Ant\u00f3nio Vitorino, han hecho un llamado el viernes para que se tomen medidas inmediatas que ayuden a afrontar a los efectos del cambio clim\u00e1tico sobre quienes se ven obligados a huir de sus hogares o parten en busca de una vida mejor.<\/p>\n\n\n\n<p class=\"wp-block-paragraph\">Vitorino y Thunberg dijeron que hab\u00edan \u00abencontrado muchos puntos en com\u00fan\u00bb durante una reciente conversaci\u00f3n sobre el impacto del cambio clim\u00e1tico global en la movilidad humana.<\/p>\n\n\n\n<p class=\"wp-block-paragraph\"><strong>Cadena de eventos<\/strong><\/p>\n\n\n\n<p class=\"wp-block-paragraph\">\u00abTenemos que apoyar a las personas antes de que se trasladen, mientras lo hacen y despu\u00e9s; es toda una cadena de acontecimientos\u00bb, dijo Thunberg, que a\u00f1adi\u00f3: \u00abTenemos que pensar de forma hol\u00edstica como en cualquier otra emergencia\u00bb.<\/p>\n\n\n\n<p class=\"wp-block-paragraph\">Vitorino dijo estar totalmente de acuerdo con la activista sueca, y a\u00f1adi\u00f3 que su generaci\u00f3n era \u00abuna fuente de inspiraci\u00f3n y de resistencia\u201d, al tiempo que ella es \u201cimplacable a la hora de abordar este enorme reto\u201d, contando con la experiencia de la ONU sobre el terreno.<\/p>\n\n\n\n<p class=\"wp-block-paragraph\">Con 20 millones de personas desplazadas cada a\u00f1o debido al cambio clim\u00e1tico, es urgente prevenir las crisis medioambientales mundiales y hacer frente a las repercusiones de la migraci\u00f3n clim\u00e1tica, afirma la OIM.<\/p>\n\n\n\n<figure class=\"wp-block-image size-full\"><a href=\"https:\/\/redsemlac.com\/semmexico\/wp-content\/uploads\/2023\/01\/fundacion-greta-02.jpg\"><img loading=\"lazy\" decoding=\"async\" width=\"1024\" height=\"682\" src=\"https:\/\/redsemlac.com\/semmexico\/wp-content\/uploads\/2023\/01\/fundacion-greta-02.jpg\" alt=\"\" class=\"wp-image-62021\"\/><\/a><\/figure>\n\n\n\n<p class=\"has-small-font-size wp-block-paragraph\"><strong>\u00a9 UNICEF\/Radhika Chalasani<\/strong><\/p>\n\n\n\n<p class=\"wp-block-paragraph\">La activista Greta Thunberg participa en una conferencia de UNICEF en Nueva York.<\/p>\n\n\n\n<p class=\"wp-block-paragraph\"><strong>Cuesti\u00f3n de vida o muerte<\/strong><\/p>\n\n\n\n<p class=\"wp-block-paragraph\">\u00abSe trata de una cuesti\u00f3n de vida o muerte para innumerables personas que tienen que huir a causa de la crisis clim\u00e1tica\u00bb, declar\u00f3 Thunberg.<\/p>\n\n\n\n<p class=\"wp-block-paragraph\">Ambos coincidieron en que la migraci\u00f3n clim\u00e1tica no puede olvidarse y en que es crucial encontrar soluciones para que la gente que se queda, para que la gente se desplaza y para que la gente desplazada.<\/p>\n\n\n\n<p class=\"wp-block-paragraph\">\u00abLos que se est\u00e1n viendo&nbsp;<strong>afectados gravemente por el cambio clim\u00e1tico son las poblaciones que menos han contribuido<\/strong>&nbsp;en el pasado a los problemas a los que nos enfrentamos\u00bb, afirm\u00f3 el director general de la OIM.<\/p>\n\n\n\n<p class=\"wp-block-paragraph\">\u00abY, por lo tanto, es necesaria la solidaridad y la corresponsabilidad por el destino de las poblaciones que hoy en d\u00eda experimentan en su vida cotidiana el sufrimiento humano debido al cambio clim\u00e1tico\u201d, a\u00f1adi\u00f3.<\/p>\n\n\n\n<p class=\"wp-block-paragraph\"><strong>M\u00e1s de 15 millones de personas s\u00f3lo en Somalia y Pakist\u00e1n necesitan ayuda humanitaria<\/strong>&nbsp;debido a los recientes fen\u00f3menos meteorol\u00f3gicos extremos, seg\u00fan estimaciones de la OIM.<\/p>\n\n\n\n<p class=\"wp-block-paragraph\">La donaci\u00f3n de la Fundaci\u00f3n Greta Thunberg ayuda a la agencia de la ONU a proseguir su respuesta de emergencia a las comunidades afectadas en ambos pa\u00edses.<\/p>\n\n\n\n<p class=\"wp-block-paragraph\"><strong>Actuaci\u00f3n complementaria<\/strong><\/p>\n\n\n\n<p class=\"wp-block-paragraph\">\u201cLa OIM agradece la generosa contribuci\u00f3n de la Fundaci\u00f3n y estamos orgullosos de cooperar con Greta para concienciar sobre el impacto del clima en la migraci\u00f3n\u201d dijo Vitorino.<\/p>\n\n\n\n<p class=\"wp-block-paragraph\">Thunberg destac\u00f3 las acciones complementarias de la OIM y de los j\u00f3venes activistas clim\u00e1ticos.<\/p>\n\n\n\n<p class=\"wp-block-paragraph\">\u201c<strong>Cada uno tiene un papel que desempe\u00f1ar<\/strong>. Las organizaciones como la OIM son vitales para apoyar a las personas afectadas por el cambio clim\u00e1tico y aquellos de nosotros que podamos ayudarles en su trabajo deber\u00edamos hacerlo. Y quienes podamos alzar la voz para defender la justicia de los migrantes y la justicia clim\u00e1tica deber\u00edamos hacerlo\u201d, afirm\u00f3 la activista sueca.<\/p>\n","protected":false},"excerpt":{"rendered":"<p>El desecado r\u00edo Manambovo, en Madagascar, donde la comunidad utiliza el agua estancada que queda para hidratar su ganado, para lavar la ropa, para ducharse y para su hogar.<\/p>\n","protected":false},"author":3,"featured_media":62022,"comment_status":"open","ping_status":"open","sticky":false,"template":"","format":"standard","meta":{"_monsterinsights_skip_tracking":false,"footnotes":""},"categories":[53],"tags":[],"class_list":["post-62020","post","type-post","status-publish","format-standard","has-post-thumbnail","category-internacional"],"_links":{"self":[{"href":"https:\/\/redsemlac.com\/semmexico\/wp-json\/wp\/v2\/posts\/62020","targetHints":{"allow":["GET"]}}],"collection":[{"href":"https:\/\/redsemlac.com\/semmexico\/wp-json\/wp\/v2\/posts"}],"about":[{"href":"https:\/\/redsemlac.com\/semmexico\/wp-json\/wp\/v2\/types\/post"}],"author":[{"embeddable":true,"href":"https:\/\/redsemlac.com\/semmexico\/wp-json\/wp\/v2\/users\/3"}],"replies":[{"embeddable":true,"href":"https:\/\/redsemlac.com\/semmexico\/wp-json\/wp\/v2\/comments?post=62020"}],"version-history":[{"count":0,"href":"https:\/\/redsemlac.com\/semmexico\/wp-json\/wp\/v2\/posts\/62020\/revisions"}],"wp:featuredmedia":[{"embeddable":true,"href":"https:\/\/redsemlac.com\/semmexico\/wp-json\/wp\/v2\/media\/62022"}],"wp:attachment":[{"href":"https:\/\/redsemlac.com\/semmexico\/wp-json\/wp\/v2\/media?parent=62020"}],"wp:term":[{"taxonomy":"category","embeddable":true,"href":"https:\/\/redsemlac.com\/semmexico\/wp-json\/wp\/v2\/categories?post=62020"},{"taxonomy":"post_tag","embeddable":true,"href":"https:\/\/redsemlac.com\/semmexico\/wp-json\/wp\/v2\/tags?post=62020"}],"curies":[{"name":"wp","href":"https:\/\/api.w.org\/{rel}","templated":true}]}}