{"id":62012,"date":"2023-01-27T17:11:46","date_gmt":"2023-01-27T23:11:46","guid":{"rendered":"https:\/\/redsemlac.com\/semmexico\/?p=62012"},"modified":"2023-01-27T17:11:48","modified_gmt":"2023-01-27T23:11:48","slug":"cada-dia-en-mexico-63-mujeres-son-violadas-y-91-abusadas-sexualmente-una-tortura-lorena-villavicencio-ayala","status":"publish","type":"post","link":"https:\/\/redsemlac.com\/semmexico\/cada-dia-en-mexico-63-mujeres-son-violadas-y-91-abusadas-sexualmente-una-tortura-lorena-villavicencio-ayala\/","title":{"rendered":"Cada d\u00eda en M\u00e9xico 63 mujeres son violadas y 91 abusadas sexualmente, una tortura: Lorena Villavicencio Ayala"},"content":{"rendered":"\n<ul class=\"wp-block-list\">\n<li>Mientras campea el populismo punitivo con datos fuera de la realidad.<\/li>\n\n\n\n<li> Foro Nacional en la C\u00e1mara, muestra que los datos oficiales nada que ver con la vida real.<\/li>\n<\/ul>\n\n\n\n<p class=\"wp-block-paragraph\">Sara Lovera<\/p>\n\n\n\n<p class=\"wp-block-paragraph\">SemM\u00e9xico, Ciudad de M\u00e9xico, 27 de enero del 2023.- En M\u00e9xico las mujeres son despojadas de su humanidad, parece que esperan la muerte en cada esquina, ante la mirada indiferente de muchos gobernantes y con la complicidad de quienes deber\u00edan hacer justicia.<\/p>\n\n\n\n<p class=\"wp-block-paragraph\">De 2018 a la fecha la violaci\u00f3n sexual creci\u00f3 26 por ciento; la violaci\u00f3n equiparada 151 por ciento y el abuso sexual un 77 por ciento, quienes la viven sienten que. \u201cnos ha arrebatado nuestra dignidad\u201d, por eso es una tortura, delito que, como tortura sexual contra mujeres y ni\u00f1as, debe ser incorporado a la ley.<\/p>\n\n\n\n<p class=\"wp-block-paragraph\">Los datos oficiales -no confiables- hablan de 15 mil 751 mujeres violadas en 2022 y 7 mil 461 ni\u00f1as y ni\u00f1os menores de quince a\u00f1os, y personas con alguna discapacidad, 63 todos los d\u00edas, en el 4\u00ba a\u00f1o de gobierno de esta administraci\u00f3n, donde campea el populismo punitivo y la prisa por mostrar que los delitos contra la vida de las mujeres van a la baja.<\/p>\n\n\n\n<p class=\"wp-block-paragraph\">Por eso Lorena Villavicencio Ayala, del grupo Rebeldes con Causa, exdiputada del partido Morena se pregunta \u201cpor qu\u00e9 no existe una pol\u00edtica integral para prevenir, atender, sancionar y erradicar un delito que es tan grave como la violaci\u00f3n sexual\u201d, porque el riesgo es permanente para las mexicanas, porque se sigue arrebatando nuestras vidas\u201d, para anunciar que ya existe una iniciativa que pronto ser\u00e1 presentada, para considerar a la violaci\u00f3n sexual y lo que de ella se deriva, como tortura.<\/p>\n\n\n\n<p class=\"wp-block-paragraph\">Vehemente, preocupada este mi\u00e9rcoles as\u00ed dijo en su participaci\u00f3n en el Foro Nacional Radiograf\u00eda de M\u00e9xico: Los datos oficiales y la realidad de la violencia contra las mujeres, que se llev\u00f3 a cabo en la C\u00e1mara de Diputados, una de las 9 expertas y activistas, que dijeron a las y los legisladores que se necesita actuar y reorientar la pol\u00edtica de g\u00e9nero en esta administraci\u00f3n.<\/p>\n\n\n\n<p class=\"wp-block-paragraph\">Dijo m\u00e1s: la violaci\u00f3n sexual despoja a las mujeres, las cosifica, las fractura e inhabilita para la vida. Eso lo saben bien los y las de este gobierno y tambi\u00e9n saben que el delito de violaci\u00f3n sexual, genera otras violencias como la denegaci\u00f3n de un aborto oportuno, seguro y gratuito, permita el embarazo forzado, los matrimonios infantiles forzados, la prostituci\u00f3n forzada, la explotaci\u00f3n sexual y el suicidio. \u201cEl da\u00f1o es tan profundo y puede tardar en sanar toda una vida\u201d.<\/p>\n\n\n\n<p class=\"wp-block-paragraph\">El azoro en el auditorio gener\u00f3, por instantes, un completo silencio, y pararon las fotograf\u00edas, en un foro que fue convocado por Nosotras Tenemos Otros Datos y Todas M\u00e9xico. Una vez m\u00e1s qued\u00f3 al descubierto c\u00f3mo el ejercicio de la justicia encubre este delito, reconocido en M\u00e9xico desde 1931 -aunque las penas eran risibles- y documentado profusamente en nuestro pa\u00eds y en el mundo.<\/p>\n\n\n\n<p class=\"wp-block-paragraph\">Por eso dijo, en el escenario de no contar s\u00f3lo los datos, o exponer casos emblem\u00e1ticos y medi\u00e1ticos, sino poner en el centro que las mujeres en M\u00e9xico \u201cestamos en riesgo permanente porque la violencia feminicida sigue\u201d, mientras la estad\u00edstica \u201csin ning\u00fan rubor\u201d se\u00f1ala que los feminicidios arrancan vidas diariamente, tanto que M\u00e9xico est\u00e1 colocado ya, en el panorama internacional, en los primeros lugares en el mundo.<br>Luego explic\u00f3, sobre la violaci\u00f3n sexual directa y equiparada est\u00e1 convirtiendo a las mexicanas \u201cen mercanc\u00edas para satisfacer deseos sexuales o para alimentar con nuestros cuerpos el siniestro placer de la dominaci\u00f3n. El machismo sabe que su supervivencia est\u00e1 anclada en el viejo mandato femenino, solo ah\u00ed recrea su potencia o su poder frente a otros\u201d.<\/p>\n\n\n\n<p class=\"wp-block-paragraph\">\u201cBajo esa amenaza que nos violenta y viola, vivimos las mujeres y las ni\u00f1as en este pa\u00eds, esperando la muerte en una esquina o en nuestros propios hogares, ante la mirada indiferente de muchos gobernantes y con la complicidad de quienes deber\u00edan hacer justicia\u201d.<\/p>\n\n\n\n<p class=\"wp-block-paragraph\">Exresponsable de la subcomisi\u00f3n del feminicidio en la pasada legislatura, la militante feminista y pol\u00edtica, mir\u00f3 al p\u00fablico le dijo: \u201cCualquiera podr\u00eda pensar que mis palabras son meras profec\u00edas o predicciones, pero la realidad es todav\u00eda m\u00e1s cruenta\u201d.<\/p>\n\n\n\n<p class=\"wp-block-paragraph\">Agregar lo que se vive, el miedo, la inseguridad a la estad\u00edstica que oficialmente reconoce que 63 mujeres o ni\u00f1as son violadas diariamente y 91 abusadas sexualmente. Y nada m\u00e1s hablan de que bajan o suben los asesinatos.<\/p>\n\n\n\n<p class=\"wp-block-paragraph\">Fue cuando dijo que los datos emanados de Secretariado Ejecutivo del Sistema Nacional Seguridad P\u00fablica s\u00f3lo muestran una porci\u00f3n del total de delitos que se cometen contra la libertad y seguridad sexual, y fr\u00edamente reconocen que estas conductas graves han venido aumentando desde el 2018 a la fecha.<\/p>\n\n\n\n<p class=\"wp-block-paragraph\"><strong>Manipulan lo que llaman consentimiento<\/strong><\/p>\n\n\n\n<p class=\"wp-block-paragraph\">La violaci\u00f3n es un delito, que quien lo comete lo hace por medio de la violencia f\u00edsica o moral y realice c\u00f3pula con persona de cualquier sexo, a quien se le imponen como pena de ocho a 20 a\u00f1os de prisi\u00f3n.<\/p>\n\n\n\n<p class=\"wp-block-paragraph\">La violaci\u00f3n equiparada sanciona con 8 a 30 a\u00f1os de prisi\u00f3n al sujeto que, sin violencia realice c\u00f3pula con persona menor de 15 a\u00f1os de edad; al que realice sin violencia c\u00f3pula con persona que no tenga capacidad de comprender el significado del hecho o por cualquier causa no pueda resistirlo.<\/p>\n\n\n\n<p class=\"wp-block-paragraph\">Entonces precis\u00f3, se trata de 15mil 751 mujeres violadas el a\u00f1o pasado, y 7mil 461 ni\u00f1as y ni\u00f1os menores de quince a\u00f1os, y personas con alguna discapacidad en el mismo periodo.<\/p>\n\n\n\n<p class=\"wp-block-paragraph\">La consecuencia de que no exista la pol\u00edtica de prevenci\u00f3n \u2013\u201cdebo decir que todas estas violaciones pueden prevenirse\u201d- es porque los gobiernos quieren generar percepci\u00f3n de cambio, r\u00e1pido \u2013 con eso de las cifras f\u00edas y que dicen hacia abajo- y sigui\u00f3 explicando: los programas de prevenci\u00f3n trabajan en las causas que originan la violencia como lo es la reproducci\u00f3n de la desigualdad entre hombres y mujeres, con grandes desventajas para nosotras, la pobreza que pone en condici\u00f3n de vulnerabilidad a mujeres y ni\u00f1as, convirti\u00e9ndolas en presas f\u00e1ciles para la trata o la prostituci\u00f3n forzada, entre otras, pero no hay eso. <\/p>\n\n\n\n<p class=\"wp-block-paragraph\">Por eso se hace indispensable invertir recursos p\u00fablicos en la promoci\u00f3n de la igualdad sustantiva y en el conocimiento y apropiaci\u00f3n de los derechos humanos.<\/p>\n\n\n\n<p class=\"wp-block-paragraph\">Pero no: \u201clos gobiernos prefieren programas de atenci\u00f3n como el 911, donde no se da una atenci\u00f3n personalizada y especializada a las mujeres violentadas\u201d, lo m\u00e1s grave, dijo que no se da seguimiento a estas llamadas.<\/p>\n\n\n\n<p class=\"wp-block-paragraph\">Para el gobierno la atenci\u00f3n y la sanci\u00f3n de las violencias es absolutamente marginal, porque las v\u00edctimas prefieren no denunciar antes cruzar el umbral del sistema de justicia, sabiendo que, quienes s\u00ed denuncian, son revictimizadas y al final el agresor es intocable.<\/p>\n\n\n\n<p class=\"wp-block-paragraph\">Se lament\u00f3 que vivamos en una sociedad que ha naturalizado la violencia sexual de las mujeres, a pesar de que las feministas \u201cestamos haciendo un esfuerzo permanente para deconstruir esa creencia\u201d.<\/p>\n\n\n\n<p class=\"wp-block-paragraph\">Luego critic\u00f3: hay quienes promueven el populismo punitivo como pol\u00edtica de disuasi\u00f3n o de prevenci\u00f3n del delito de feminicidio. El problema es que el castigo con penas severas no llega al feminicida por las grandes deficiencias del sistema de justicia, dijo.<\/p>\n\n\n\n<p class=\"wp-block-paragraph\">Obst\u00e1culos que los justifican:<\/p>\n\n\n\n<p class=\"wp-block-paragraph\">En el caso de la violaci\u00f3n sexual, las v\u00edctimas se enfrentan a problemas como la ausencia de pruebas, porque son delitos que se cometen en un espacio donde no hay testigos normalmente, m\u00e1s que el agresor o agresores y la v\u00edctima.<\/p>\n\n\n\n<p class=\"wp-block-paragraph\">Las v\u00edctimas se enfrentan a una autoridad que no cree en el testimonio de la v\u00edctima, aun cuando a nivel internacional, la declaraci\u00f3n de la v\u00edctima es la prueba fundamental para acreditar el delito de violaci\u00f3n.<\/p>\n\n\n\n<p class=\"wp-block-paragraph\">Por otra parte, a la v\u00edctima que no ofreci\u00f3 resistencia se le hace sentir responsable. \u201cPorque en este pa\u00eds se descarga en las mujeres la responsabilidad de establecer l\u00edmites a los hombres y sus inevitables impulsos tambi\u00e9n naturalizados. El hombre no responde por sus impulsos, ni por sus actos.<\/p>\n\n\n\n<p class=\"wp-block-paragraph\">Tambi\u00e9n explic\u00f3 la manipulaci\u00f3n del verbo \u201cconsentir\u201d, que parece como un verbo femenino inscrito en una l\u00f3gica en la cual, las mujeres son exigidas socialmente para resistir o conceder; los hombres, para buscar activamente el consentimiento femenino.<\/p>\n\n\n\n<p class=\"wp-block-paragraph\">Cuando fiscales y abogados alegan aceptaci\u00f3n en el marco de una denuncia por Violaci\u00f3n, la v\u00edctima se vuelve sospechosa de ser consintiente: activas sexualmente, participante voluntaria, culpable.<\/p>\n\n\n\n<p class=\"wp-block-paragraph\">La exdiputada morenista hizo propuestas<\/p>\n\n\n\n<ol class=\"wp-block-list\">\n<li>Necesitamos presupuesto para impulsar pol\u00edticas que promuevan la igualdad sustantiva para frenar la reproducci\u00f3n de relaciones desiguales entre hombres y mujeres.<\/li>\n\n\n\n<li>Recursos para promoci\u00f3n permanente de los derechos humanos y particularmente de las mujeres, impulsar programas para nuevas masculinidades y tambi\u00e9n feminidades.<\/li>\n\n\n\n<li>Requerimos un programa de educaci\u00f3n sexual integral en las escuelas, para que la ni\u00f1ez y los j\u00f3venes conozcan su cuerpo y se apropien de \u00e9l. Programas que no estigmaticen la sexualidad placentera y libre, pero responsable.<\/li>\n\n\n\n<li>Necesitamos un compromiso pol\u00edtico y econ\u00f3mico claro hacia el sistema de justicia de este pa\u00eds para dignificar su labor, d\u00e1ndoles condiciones materiales y econ\u00f3micas para realizar sus funciones cabalmente.<\/li>\n\n\n\n<li>Establecer mecanismos para verificar cumplimiento de responsabilidades de los ministerios p\u00fablicos y fiscales.<\/li>\n\n\n\n<li>Capacitaciones exhaustivas para juzgar en perspectiva de g\u00e9nero adaptando el principio de interseccionalidad.<\/li>\n\n\n\n<li>Revisar todos los delitos sexuales, homologando tipos penales, alcances y penalidades. As\u00ed como establecer la minor\u00eda de edad en los t\u00e9rminos que establece la Convenci\u00f3n del Ni\u00f1o, que se\u00f1ala que es menor de edad la persona menor de 18 a\u00f1os.<\/li>\n\n\n\n<li>Eliminar el delito de estupro, por tratarse de un salvoconducto para violar a menores de edad bajo el pretexto del convencimiento.<\/li>\n\n\n\n<li>Impulsar el C\u00f3digo Penal \u00danico.<\/li>\n\n\n\n<li>Establecer un padr\u00f3n de agresores sexuales y un apartado de agresores de violencia dom\u00e9stica.<\/li>\n\n\n\n<li>Establecer juzgados especializados en delitos sexuales.<\/li>\n\n\n\n<li>Establecer un protocolo para identificar posible violaci\u00f3n sexual para mujeres y ni\u00f1as desaparecidas y localizadas con vida.<\/li>\n\n\n\n<li>Impulsar iniciativas de hombres y j\u00f3venes sobre nuevas masculinidades.<\/li>\n<\/ol>\n\n\n\n<p class=\"wp-block-paragraph\">Lo m\u00e1s importante: \u201cReconocimiento del delito de tortura sexual contra mujeres y ni\u00f1as, que ser\u00e1 presentada iniciativa en pr\u00f3ximos d\u00edas\u201d<\/p>\n\n\n\n<p class=\"wp-block-paragraph\">SEM\/MG<\/p>\n","protected":false},"excerpt":{"rendered":"<p>En M\u00e9xico las mujeres son despojadas de su humanidad, parece que esperan la muerte en cada esquina, ante la mirada indiferente de muchos gobernantes y con la complicidad de quienes deber\u00edan hacer justicia.<\/p>\n","protected":false},"author":3,"featured_media":62013,"comment_status":"open","ping_status":"open","sticky":false,"template":"","format":"standard","meta":{"_monsterinsights_skip_tracking":false,"footnotes":""},"categories":[54],"tags":[],"class_list":["post-62012","post","type-post","status-publish","format-standard","has-post-thumbnail","category-mujeres"],"_links":{"self":[{"href":"https:\/\/redsemlac.com\/semmexico\/wp-json\/wp\/v2\/posts\/62012","targetHints":{"allow":["GET"]}}],"collection":[{"href":"https:\/\/redsemlac.com\/semmexico\/wp-json\/wp\/v2\/posts"}],"about":[{"href":"https:\/\/redsemlac.com\/semmexico\/wp-json\/wp\/v2\/types\/post"}],"author":[{"embeddable":true,"href":"https:\/\/redsemlac.com\/semmexico\/wp-json\/wp\/v2\/users\/3"}],"replies":[{"embeddable":true,"href":"https:\/\/redsemlac.com\/semmexico\/wp-json\/wp\/v2\/comments?post=62012"}],"version-history":[{"count":0,"href":"https:\/\/redsemlac.com\/semmexico\/wp-json\/wp\/v2\/posts\/62012\/revisions"}],"wp:featuredmedia":[{"embeddable":true,"href":"https:\/\/redsemlac.com\/semmexico\/wp-json\/wp\/v2\/media\/62013"}],"wp:attachment":[{"href":"https:\/\/redsemlac.com\/semmexico\/wp-json\/wp\/v2\/media?parent=62012"}],"wp:term":[{"taxonomy":"category","embeddable":true,"href":"https:\/\/redsemlac.com\/semmexico\/wp-json\/wp\/v2\/categories?post=62012"},{"taxonomy":"post_tag","embeddable":true,"href":"https:\/\/redsemlac.com\/semmexico\/wp-json\/wp\/v2\/tags?post=62012"}],"curies":[{"name":"wp","href":"https:\/\/api.w.org\/{rel}","templated":true}]}}