{"id":6200,"date":"2018-11-13T21:34:54","date_gmt":"2018-11-13T21:34:54","guid":{"rendered":"https:\/\/redsemlac.com\/semmexico\/?p=6200"},"modified":"2023-07-21T14:34:14","modified_gmt":"2023-07-21T19:34:14","slug":"la-oposicion-contraida-el-caso-del-pri","status":"publish","type":"post","link":"https:\/\/redsemlac.com\/semmexico\/la-oposicion-contraida-el-caso-del-pri\/","title":{"rendered":"La oposici\u00f3n contra\u00edda. El Caso del PRI"},"content":{"rendered":"\n<p class=\"wp-block-paragraph\">Palabra de Mujer<\/p>\n\n\n\n<h5 class=\"wp-block-heading\"> Sobre los ciclos de luces y sombras que ha transitado el PRI<\/h5>\n\n\n\n<p class=\"wp-block-paragraph\"><a href=\"https:\/\/semmexico.com\/gallery-post.php?id=6357#\">Billy Parker<\/a><\/p>\n\n\n\n<p class=\"wp-block-paragraph\">SemM\u00e9xico. Veracruz. 13 de noviembre de 2018.- \u201cEl PRI debe transformarse y ser contrapeso de lo que lastime el inter\u00e9s nacional, sentencia el Dr. Rub\u00e9n Pabello Rojas, figura con enorme&nbsp;<em>expertise<\/em>&nbsp;en la pol\u00edtica mexicana,&nbsp; quien accede a analizar la actual din\u00e1mica del PRI, que como toda la oposici\u00f3n ha sido borrada del mapa.<\/p>\n\n\n\n<p class=\"wp-block-paragraph\">Cuidadoso, como el hablante culto que es, no utiliza el registro formal sino que sabe que el tema es profundo y con su variado vocabulario -y sintaxis ordenada-, lo comenta con agudeza y precisi\u00f3n.<\/p>\n\n\n\n<p class=\"wp-block-paragraph\">Con m\u00e1s de 60 a\u00f1os inmerso en la pol\u00edtica ejercida por el PRI, echa la vista atr\u00e1s y repasa con sinceridad -y a ratos con mucha prudencia- los cap\u00edtulos m\u00e1s relevantes de la pr\u00e1ctica pol\u00edtica del tricolor, la ca\u00edda, sus causas y el inminente futuro del partido que encauz\u00f3 al pa\u00eds por casi 77 a\u00f1os.<\/p>\n\n\n\n<p class=\"wp-block-paragraph\"><strong>BP \u00bfAtestiguamos el regreso del PRI con su anunciada renovaci\u00f3n?<\/strong><\/p>\n\n\n\n<p class=\"wp-block-paragraph\">RBR: \u201cLos partidos viven otro pa\u00eds, otra sociedad. Algunos priistas -y hasta expriistas- los veo intentando rescatar algo que ya se agot\u00f3. Meterse en el esquema de \u201crenovaci\u00f3n\u201d no es congruente. No, no est\u00e1 de acuerdo con la realidad que vive el pa\u00eds, con un innovador contexto nacional, matizado con tantas corrientes ideol\u00f3gicas externas del pensamiento pol\u00edtico. No podemos pensar en revivir a un PRI de una \u00e9poca, cuando esa \u00e9poca ya se agot\u00f3. Creo que quienes apuestan a que regrese el mismo sistema, ese mismo mecanismo de ideas, se equivocan.<\/p>\n\n\n\n<p class=\"wp-block-paragraph\"><strong>Los partidos pol\u00edticos, inmersos en una inmovilidad pasmosa, contin\u00faan sin entender que su lucha intestina por el poder los est\u00e1 sepultando y por ello la pregunta es obligada. \u00bfEs el Fin del PRI?<\/strong><\/p>\n\n\n\n<p class=\"wp-block-paragraph\">RPR: No es el fin del PRI,&nbsp; pero tenemos que entender que estamos ante otra etapa del partido, en donde ya no tendr\u00e1 la fuerza, la hegemon\u00eda y lo que represent\u00f3 para la pol\u00edtica, la sociedad mexicana en general. Ya no podemos revivir, a la misma intensidad, potencia, proyecci\u00f3n o fuerza, lo que fue. Vendr\u00e1n otras condiciones, vendr\u00e1n otras figuras. Siempre se modifica la b\u00fasqueda de resoluciones para obtener el poder. Va variando, va siendo diferente. Ahora hay que entender que estamos frente a condiciones distintas, nuevas, conformadas por la misma evoluci\u00f3n de esta sociedad a la que pertenecemos.<\/p>\n\n\n\n<p class=\"wp-block-paragraph\"><strong>Rub\u00e9n Pabello Rojas es uno de los testigos vivos y cr\u00edticos del partido, donde \u00e9l por muchos a\u00f1os ejerci\u00f3 -y vio ejercer- el poder, &nbsp;recuerda que no hay cambios ni transformaciones, sin la influencia del PRI<\/strong><\/p>\n\n\n\n<p class=\"wp-block-paragraph\"><strong>BP \u00bfEl PRI ha sido el mentor de la pol\u00edtica mexicana, como el consejero de Tel\u00e9maco en la Odisea? &#8212;<\/strong><\/p>\n\n\n\n<p class=\"wp-block-paragraph\">\u201cPod\u00edamos hablar que si no el mentor, cuando menos, o en una gran parte, el tr\u00e1nsito sociopol\u00edtico de la naci\u00f3n mexicana fue cubierto y llenado por el esquema que caracteriz\u00f3, materializ\u00f3, dimension\u00f3 el PRI, cuando hablamos de aquellas d\u00e9cadas en que tuvo el gran poder\u201d.<\/p>\n\n\n\n<p class=\"wp-block-paragraph\">\u201cPero no fue desde el principio como se fueron generando sus momentos de fuerza, sino que fue caminando dentro de una evoluci\u00f3n que lo caracteriz\u00f3 y que le fue proveyendo esa gran potencia. Fundamentalmente hubo una ambivalencia, o una correspondencia, entre lo que era el ejercicio del poder p\u00fablico, a trav\u00e9s de los \u00f3rganos institucionales, apoyados siempre, por ese brazo pol\u00edtico partidista, que era la fuente de donde se nutr\u00eda de figuras,&nbsp; que a su vez estaba org\u00e1nicamente formado con los \u00f3rganos constitucionales. Hab\u00eda una gran interrelaci\u00f3n.<\/p>\n\n\n\n<p class=\"wp-block-paragraph\"><strong>Sobre los ciclos de luces y sombras que ha transitado el PRI, quien fuera Alcalde y Diputado por el tricolor, explica la era cuando el PRI desde\u00f1\u00f3 la representatividad social y cay\u00f3 en la corrupci\u00f3n.<\/strong><\/p>\n\n\n\n<p class=\"wp-block-paragraph\">\u201cAs\u00ed camin\u00f3&nbsp; el pa\u00eds durante mucho tiempo y mantuvo, adem\u00e1s de una gran hegemon\u00eda, una fuerza unilateral de ese ese ejercicio del poder. Mantuvo&nbsp; una evoluci\u00f3n&nbsp; que pod\u00edamos calificar de satisfactoria, de c\u00f3mo fue discurriendo el pa\u00eds durante&nbsp; todas esas d\u00e9cadas.<\/p>\n\n\n\n<p class=\"wp-block-paragraph\">No podemos dejar de advertir, ser\u00eda err\u00f3neo, grandes, fallas, y grandes vicios que al final, privaron y&nbsp; llevaron a un deterioro muy significativo. Los \u00faltimos tiempos (del PRI) fueron la consecuencia del mal ejercicio del poder y de&nbsp; pr\u00e1ctica pol\u00edtica, que fue desvirtu\u00e1ndose, degenerando.<\/p>\n\n\n\n<p class=\"wp-block-paragraph\"><strong>Sobre los pecados del PRI, no duda en enumerarlos el Dr. Rub\u00e9n Pabello Rojas. Est\u00e1 consciente y lamenta que su generaci\u00f3n no haya podido mantener ese estado de paz y bienestar con el que estaban comprometidos.<\/strong><\/p>\n\n\n\n<p class=\"wp-block-paragraph\">\u00a1\u201cEl Poder se corrompi\u00f3\u201d! La misma constituci\u00f3n del partido hegem\u00f3nico del PRI, en donde el corporativismo cumpli\u00f3, primero una funci\u00f3n importante pero despu\u00e9s fue desvirtuando el ejercicio de ese poder en beneficio de toda la poblaci\u00f3n del pa\u00eds. Fue prevaricando, corrompi\u00e9ndose. Empezaron a hacerse grandes negocios a la sombra del poder, negocios con empresarios, no solo nacionales sino extranjeros\u201d.<\/p>\n\n\n\n<p class=\"wp-block-paragraph\">\u201cPor otra parte el sindicalismo, que era uno de los sectores corporativistas de que el partido dominante estaba hecho, tambi\u00e9n formaba parte de una mentalidad en donde se beneficiaban,&nbsp; trav\u00e9s de un sindicalismo blanco, los&nbsp; empresarios. En el transcurso del tiempo, no permiti\u00f3, por ejemplo, que el salari\u00f3 m\u00ednimo creciera para favorecer a la clase trabajadora y el gobierno lo permit\u00eda.<\/p>\n\n\n\n<p class=\"wp-block-paragraph\">Est\u00e1 el sector campesino muy subsidiado, pero muy alimentado con d\u00e1divas y canonj\u00edas a los l\u00edderes agrarios de grandes corporaciones campesinas y ellos aprovechaban la fuerza de las masas para presionar con marchas a la autoridades encargadas de su sector . Todo eso fue pervirtiendo el gran aparato de gobierno y lleg\u00f3 el momento en que la condiciones se volvieron insostenibles.<\/p>\n\n\n\n<p class=\"wp-block-paragraph\">Otro gran factor, es que a partir de los a\u00f1os 70s se empez\u00f3 a gestar un movimiento pol\u00edtico para regenerar los aspectos de tipo democr\u00e1tico electoral. Ah\u00ed Don Jes\u00fas Reyes Heroles fue uno de los grandes visionarios que advirtieron que el pa\u00eds deber\u00eda democratizarse, y empez\u00f3 a trabajar en ese sentido haciendo estudios te\u00f3ricos y, desde la pr\u00e1ctica en el propio PRI, empez\u00f3 a instrumentar algunas acciones y figuras que fueron forjando ese producto final de la alternancia pol\u00edtica en el 2000.&nbsp;<\/p>\n\n\n\n<p class=\"wp-block-paragraph\"><strong>La fuerza del PRI fue domesticada por la tecnocracia, modelo econ\u00f3mico agotado y que envolvi\u00f3 a la pol\u00edtica mexicana.<\/strong><\/p>\n\n\n\n<p class=\"wp-block-paragraph\">\u201cLa tecnocracia en el PRI, tiene una causa y un origen. La tecnocracia est\u00e1 ligada fundamentalmente al neoliberalismo. Los famosos tecn\u00f3cratas mexicanos, que modifican el sentido del gobierno,- a partir de Carlos Salinas-, se conducen de acuerdo a una corriente que viene externa, del famoso libre comercio, donde nos insertamos como naci\u00f3n y en algunos momentos muy afortunadamente, pero que al final de ese ciclo global se empiezan a reflejar todos los vicios e incongruencias que estamos padeciendo\u201d.<\/p>\n\n\n\n<p class=\"wp-block-paragraph\"><strong>C\u00f3mo todos los partidos de oposici\u00f3n el PRI a\u00fan no responde a la urgente necesidad de recobrar la representatividad perdida, ante ello remata la charla con el reto del PRI frente a la cuarta transformaci\u00f3n.<\/strong><\/p>\n\n\n\n<p class=\"wp-block-paragraph\">\u201cEl desaf\u00edo del PRI es mantenerse como una entidad de oposici\u00f3n. Asumir su papel con seriedad, con una proyecci\u00f3n hist\u00f3rica bien entendida y hacer la oposici\u00f3n constructiva, equilibradora de corrientes que pretendan ser hegem\u00f3nicas, en beneficio de todo el pa\u00eds. Si el PRI quiere volver a tener la misma pr\u00e1ctica o mec\u00e1nica o funci\u00f3n que tuvo, andar\u00eda mal.<\/p>\n\n\n\n<p class=\"wp-block-paragraph\">El PRI debe constituirse en una verdadera oposici\u00f3n en donde con argumentos v\u00e1lidos -y que beneficien a la poblaci\u00f3n mexicana-&nbsp; contrabalanceen las iniciativas&nbsp; que pudieran tener propuestas impositivas que lastimen el inter\u00e9s nacional\u201d.<\/p>\n\n\n\n<p class=\"wp-block-paragraph\">El Dr. Rub\u00e9n Pabello Rojas, conf\u00eda en que tarde o temprano la oposici\u00f3n asuma su rol. Coincidimos en que tal postura ser\u00e1 fundamental para evitar el caos en el pa\u00eds, que desde el exterior advierten.&nbsp;&nbsp;&nbsp;<br><\/p>\n","protected":false},"excerpt":{"rendered":"<p>Palabra de Mujer Sobre los ciclos de luces y sombras que ha transitado el PRI Billy Parker SemM\u00e9xico. Veracruz. 13 de noviembre de 2018.- \u201cEl PRI debe transformarse y ser contrapeso de lo que lastime el inter\u00e9s nacional, sentencia el Dr. Rub\u00e9n Pabello Rojas, figura con enorme&nbsp;expertise&nbsp;en la pol\u00edtica mexicana,&nbsp; quien accede a analizar la [&hellip;]<\/p>\n","protected":false},"author":3,"featured_media":6161,"comment_status":"open","ping_status":"open","sticky":false,"template":"","format":"standard","meta":{"_monsterinsights_skip_tracking":false,"footnotes":""},"categories":[689,81,1],"tags":[],"class_list":["post-6200","post","type-post","status-publish","format-standard","has-post-thumbnail","category-689","category-billy-parker","category-uncategorized"],"_links":{"self":[{"href":"https:\/\/redsemlac.com\/semmexico\/wp-json\/wp\/v2\/posts\/6200","targetHints":{"allow":["GET"]}}],"collection":[{"href":"https:\/\/redsemlac.com\/semmexico\/wp-json\/wp\/v2\/posts"}],"about":[{"href":"https:\/\/redsemlac.com\/semmexico\/wp-json\/wp\/v2\/types\/post"}],"author":[{"embeddable":true,"href":"https:\/\/redsemlac.com\/semmexico\/wp-json\/wp\/v2\/users\/3"}],"replies":[{"embeddable":true,"href":"https:\/\/redsemlac.com\/semmexico\/wp-json\/wp\/v2\/comments?post=6200"}],"version-history":[{"count":0,"href":"https:\/\/redsemlac.com\/semmexico\/wp-json\/wp\/v2\/posts\/6200\/revisions"}],"wp:featuredmedia":[{"embeddable":true,"href":"https:\/\/redsemlac.com\/semmexico\/wp-json\/wp\/v2\/media\/6161"}],"wp:attachment":[{"href":"https:\/\/redsemlac.com\/semmexico\/wp-json\/wp\/v2\/media?parent=6200"}],"wp:term":[{"taxonomy":"category","embeddable":true,"href":"https:\/\/redsemlac.com\/semmexico\/wp-json\/wp\/v2\/categories?post=6200"},{"taxonomy":"post_tag","embeddable":true,"href":"https:\/\/redsemlac.com\/semmexico\/wp-json\/wp\/v2\/tags?post=6200"}],"curies":[{"name":"wp","href":"https:\/\/api.w.org\/{rel}","templated":true}]}}