{"id":61992,"date":"2023-01-27T08:54:42","date_gmt":"2023-01-27T14:54:42","guid":{"rendered":"https:\/\/redsemlac.com\/semmexico\/?p=61992"},"modified":"2023-01-27T08:54:45","modified_gmt":"2023-01-27T14:54:45","slug":"juego-de-palabras-un-estado-sin-seguridad-para-las-mujeres-2","status":"publish","type":"post","link":"https:\/\/redsemlac.com\/semmexico\/juego-de-palabras-un-estado-sin-seguridad-para-las-mujeres-2\/","title":{"rendered":"Juego de Palabras| Un Estado sin seguridad para las mujeres"},"content":{"rendered":"\n<p class=\"wp-block-paragraph\"><strong>Yaneth Tamayo Avalos<\/strong><\/p>\n\n\n\n<p class=\"wp-block-paragraph\">SemM\u00e9xico, Quer\u00e9taro, 27 de enero del 2023.- El Banco Nacional de Datos e Informaci\u00f3n sobre Casos de Violencia contra las Mujeres (BANAVIM), suma a la fecha 1, 425,062 casos de agresi\u00f3n contra mujeres. *<\/p>\n\n\n\n<p class=\"wp-block-paragraph\">As\u00ed mismo, la Fiscal\u00eda General de la Rep\u00fablica, reporta que del 1 de febrero del 2008 al 30 de abril del 2022, a nivel nacional se tienen registradas 3, 865 carpetas de investigaci\u00f3n por delitos de violencia contra las mujeres. **<\/p>\n\n\n\n<p class=\"wp-block-paragraph\">Estad\u00edsticas que no contemplan la cifra negra -el 99.7 % de los cr\u00edmenes sexuales contra las mujeres no se denuncia o no se inician carpetas de investigaci\u00f3n-, pese a que han sido reconocidas por las autoridades.<\/p>\n\n\n\n<p class=\"wp-block-paragraph\">Estas circunstancias forman parte del principal problema que el Estado tiene con las mujeres. Su incumplimiento con el deber de investigar y garantizar el derecho de estas al acceso de justicia y a una vida libre de violencia, ha generado un ambiente de impunidad.<\/p>\n\n\n\n<p class=\"wp-block-paragraph\">Lo cual ha provocado que las mujeres vivan en constante miedo e incertidumbre, ante la amenaza que sienten y perciben en sus entornos privados y p\u00fablicos.<\/p>\n\n\n\n<p class=\"wp-block-paragraph\">Estos obst\u00e1culos limitan a las mujeres, en su forma de interactuar, percibir, imaginar y disfrutar del espacio privado y p\u00fablico. Como resultado, el miedo se ha vuelto una forma de control que se deriva de la desigualdad de las relaciones de poder, que construye a la mujer como un territorio que puede ser invadido y ultrajado.<\/p>\n\n\n\n<p class=\"wp-block-paragraph\">La falta de pol\u00edticas p\u00fablicas coherentes y de utilidad para las mujeres ha generado que, no se materialice en lo sustantivo el derecho que se tiene a una vida libre de violencia.<\/p>\n\n\n\n<p class=\"wp-block-paragraph\">Pero tambi\u00e9n, el sistema de justicia ha contribuido, en parte, a poner en riesgo a las mujeres que visibilizan las atrocidades de las que son v\u00edctimas y de aquellas que ejercen la defensa y promoci\u00f3n a sus derechos humanos.<\/p>\n\n\n\n<p class=\"wp-block-paragraph\">Al ser compelidas por la propia autoridad quien, en vez de protegerlas y escucharlas, las ha agredido, estigmatizado y descalificado, en busca de silenciar e inhibir las acciones que ellas hacen en la b\u00fasqueda de obtener justicia por violaciones a sus derechos.<\/p>\n\n\n\n<p class=\"wp-block-paragraph\">Estas acciones han tenido un alto impacto para la sociedad, al enviar el mensaje simb\u00f3lico de que la violencia institucional se encuentra normalizada, pero sobre todo que, la violencia contra las mujeres en cualquiera de sus modalidades y espacios es aceptada y tolerada.<\/p>\n\n\n\n<p class=\"wp-block-paragraph\">Las autoridades no han entendido que las mujeres no quieren ser reducidas a v\u00edctimas, que antes bien, ellas buscan visibilizar sus problemas y obtener justicia.<\/p>\n\n\n\n<p class=\"wp-block-paragraph\">A modo de reflexi\u00f3n, valdr\u00eda la pena cuestionarnos.<\/p>\n\n\n\n<p class=\"wp-block-paragraph\">\u00bfDe qu\u00e9 sirve la igualdad formal si carecemos de igualdad sustantiva?<\/p>\n\n\n\n<p class=\"wp-block-paragraph\">En definitiva, es fundamental que se visibilice y reconozca que, la violencia institucional contra las mujeres es un asunto serio que debe ser atendido por el Estado.<\/p>\n\n\n\n<p class=\"wp-block-paragraph\">Ya que, si no se cumple con la misi\u00f3n de brindar seguridad, se perder\u00e1 legitimidad y se tornar\u00e1 ineficaz. Negarse a reconocer y reparar las consecuencias de un ejercicio deficiente, inadecuado o arbitrario del poder, solo seguir\u00e1 provocando violaciones masivas a los derechos humanos de las mujeres.<\/p>\n\n\n\n<p class=\"has-small-font-size wp-block-paragraph\"><a href=\"https:\/\/banavim.segob.gob.mx\/Banavim\/Informacion_Publica\/Informacion_Publica.aspx\" target=\"_blank\" rel=\"noreferrer noopener\">https:\/\/banavim.segob.gob.mx\/Banavim\/Informacion_Publica\/Informacion_Publica.aspx<\/a><\/p>\n\n\n\n<p class=\"has-small-font-size wp-block-paragraph\"><a href=\"https:\/\/stastdgv2portfgr032.blob.core.windows.net\/fgr\/Fiscalias\/FEVIMTRA\/Estadistica\/INICIOS-VCM-2022-04%20CDRO-MAP.pdf\">https:\/\/stastdgv2portfgr032.blob.core.windows.net\/fgr\/Fiscalias\/FEVIMTRA\/Estadistica\/INICIOS-VCM-2022-04%20CDRO-MAP.pdf<\/a><\/p>\n","protected":false},"excerpt":{"rendered":"<p>&#8211; El Banco Nacional de Datos e Informaci\u00f3n sobre Casos de Violencia contra las Mujeres (BANAVIM), suma a la fecha 1, 425,062 casos de agresi\u00f3n contra mujeres. *<\/p>\n","protected":false},"author":3,"featured_media":38546,"comment_status":"open","ping_status":"open","sticky":false,"template":"","format":"standard","meta":{"_monsterinsights_skip_tracking":false,"footnotes":""},"categories":[103,35,93],"tags":[],"class_list":["post-61992","post","type-post","status-publish","format-standard","has-post-thumbnail","category-juego-de-palabras","category-opinion","category-yaneth-tamayo-avalos"],"_links":{"self":[{"href":"https:\/\/redsemlac.com\/semmexico\/wp-json\/wp\/v2\/posts\/61992","targetHints":{"allow":["GET"]}}],"collection":[{"href":"https:\/\/redsemlac.com\/semmexico\/wp-json\/wp\/v2\/posts"}],"about":[{"href":"https:\/\/redsemlac.com\/semmexico\/wp-json\/wp\/v2\/types\/post"}],"author":[{"embeddable":true,"href":"https:\/\/redsemlac.com\/semmexico\/wp-json\/wp\/v2\/users\/3"}],"replies":[{"embeddable":true,"href":"https:\/\/redsemlac.com\/semmexico\/wp-json\/wp\/v2\/comments?post=61992"}],"version-history":[{"count":0,"href":"https:\/\/redsemlac.com\/semmexico\/wp-json\/wp\/v2\/posts\/61992\/revisions"}],"wp:featuredmedia":[{"embeddable":true,"href":"https:\/\/redsemlac.com\/semmexico\/wp-json\/wp\/v2\/media\/38546"}],"wp:attachment":[{"href":"https:\/\/redsemlac.com\/semmexico\/wp-json\/wp\/v2\/media?parent=61992"}],"wp:term":[{"taxonomy":"category","embeddable":true,"href":"https:\/\/redsemlac.com\/semmexico\/wp-json\/wp\/v2\/categories?post=61992"},{"taxonomy":"post_tag","embeddable":true,"href":"https:\/\/redsemlac.com\/semmexico\/wp-json\/wp\/v2\/tags?post=61992"}],"curies":[{"name":"wp","href":"https:\/\/api.w.org\/{rel}","templated":true}]}}