{"id":61983,"date":"2023-01-26T18:36:03","date_gmt":"2023-01-27T00:36:03","guid":{"rendered":"https:\/\/redsemlac.com\/semmexico\/?p=61983"},"modified":"2023-01-26T18:36:05","modified_gmt":"2023-01-27T00:36:05","slug":"pide-agente-de-la-feri-justicia-ante-nuevo-fiscal-de-oaxaca-tres-anos-sin-justicia","status":"publish","type":"post","link":"https:\/\/redsemlac.com\/semmexico\/pide-agente-de-la-feri-justicia-ante-nuevo-fiscal-de-oaxaca-tres-anos-sin-justicia\/","title":{"rendered":"<strong>Pide agente de la FERI justicia ante nuevo fiscal de Oaxaca, tres a\u00f1os sin justicia<\/strong>"},"content":{"rendered":"\n<ul class=\"wp-block-list\">\n<li><strong>El tercer fiscal que conoce del caso, Bernardo Rodr\u00edguez Alamilla promete agendar una cita y resolver.<\/strong><\/li>\n\n\n\n<li><strong>Te\u00f3filo Ruiz Carmona, entonces su jefe, sigue en su mismo trabajo; la carpeta de investigaci\u00f3n no avanza.<\/strong><\/li>\n<\/ul>\n\n\n\n<p class=\"wp-block-paragraph\"><strong>Soledad Jarqu\u00edn Edgar<\/strong><\/p>\n\n\n\n<p class=\"wp-block-paragraph\">SemM\u00e9xico, Oaxaca, 26 de enero del 2023.- Hace m\u00e1s de tres a\u00f1os, dos integrantes de la Fuerza Especial de Reacci\u00f3n Inmediata (FERI) denunciaron agresi\u00f3n sexual por parte del quien en ese momento era su jefe, el comandante subdirector de ese grupo, Te\u00f3filo Ruiz Carmona, hasta ahora no han tenido justicia, por eso una de ellas record\u00f3 ese pendiente hoy en la primera visita que el nuevo fiscal de Oaxaca, Bernardo Rodr\u00edguez Alamilla, hizo a las oficinas ubicadas en la exhacienda de San Antonio de la Cal.<\/p>\n\n\n\n<p class=\"wp-block-paragraph\">Alfonsa Mart\u00ednez explica a SemM\u00e9xico que hace tres a\u00f1os iniciaron dos carpetas de investigaci\u00f3n por los hechos &#8211; 11972\/FMUJ\/USEX\/2019 y 17697\/\/FMUJ\/USEX\/2019- pero esta no ha progresado, \u201cest\u00e1 llena de irregularidades\u201d para favorecer a quien se\u00f1ala como su agresor sexual.<\/p>\n\n\n\n<p class=\"wp-block-paragraph\">Con su intervenci\u00f3n de hoy, Mart\u00ednez integrante de la Fuerza Especial de Reacci\u00f3n Inmediata, logr\u00f3 ser escuchada por el nuevo fiscal, quien se\u00f1al\u00f3 que le \u201cagendar\u00e1 una cita\u201d.<\/p>\n\n\n\n<p class=\"wp-block-paragraph\">Sin embargo, la historia de Alfonsa Mart\u00ednez y su compa\u00f1era agredida por el mismo sujeto -y quien termin\u00f3 por renunciar a su trabajo- se\u00f1ala a las agentes del Ministerio P\u00fablico que favorecieron la no acci\u00f3n de la justicia: Adriana Santiago Boh\u00f3rquez y Sonia V\u00e1squez Maya, en tiempos distintos.<\/p>\n\n\n\n<p class=\"wp-block-paragraph\">A esta historia se a\u00f1ade la actuaci\u00f3n omisa de la Agencia Estatal de Investigaciones de la Comandancia de la Fiscal\u00eda de la Mujer, donde asegura han sido revictimizadas, violentadas y castigadas injustificadamente por algunos de los mandos que ha seguido teniendo en su trabajo.<\/p>\n\n\n\n<p class=\"wp-block-paragraph\">Este, explican, es el tercer fiscal que conoce de los hechos ocurridos en 2019, el primero Rub\u00e9n Vasconcelos M\u00e9ndez nunca accedi\u00f3 a recibirlas, pese a ser trabajadoras de la Fiscal\u00eda General del Estado de Oaxaca y v\u00edctimas de agresi\u00f3n sexual de un mando superior a ellas.<\/p>\n\n\n\n<p class=\"wp-block-paragraph\">Arturo Peimbert Calvo, quien renunci\u00f3 al cargo en diciembre pasado las atendi\u00f3, pero no pudo hacer nada para que las dos j\u00f3venes agredidas recibieran justicia.<\/p>\n\n\n\n<p class=\"wp-block-paragraph\">Ni Vasconcelos M\u00e9ndez ni Peimbert Calvo, incluso, se atrevieron a remover de su cargo al presunto agresor sexual Te\u00f3filo Ruiz Carmona, quien de acuerdo con declaraci\u00f3n hecha a SemM\u00e9xico por Peimbert Calvo \u201cRuiz Carmona era el \u00fanico que le entraba a los trancazos y le daba resultados\u201d, justificando el no ejercicio penal en contra del agresor.<\/p>\n\n\n\n<p class=\"wp-block-paragraph\">La acci\u00f3n de hoy, explica fue para que el nuevo fiscal conozca del caso, aunque como Defensor del Pueblo de Oaxaca tuvo conocimiento, explica Alfonsa Mart\u00ednez, quien en medio de la ceremonia de reconocimiento a los Agentes Especiales de Investigaci\u00f3n, se par\u00f3 frente a todos con su pancarta en la que le dec\u00eda: \u201cSr. Fiscal soy v\u00edctima, mi agresor Te\u00f3filo del grupo FERI sigue en su mismo cargo, 3 a\u00f1os de impunidad\u201d.<\/p>\n\n\n\n<p class=\"wp-block-paragraph\">Este es otro intento m\u00e1s por obtener justicia, dice Alfonsa Mart\u00ednez Valdivieso.<\/p>\n\n\n\n<p class=\"wp-block-paragraph\">SEM\/sj\/MG<\/p>\n\n\n<div class=\"wp-block-image\">\n<figure class=\"aligncenter size-full\"><a href=\"https:\/\/redsemlac.com\/semmexico\/wp-content\/uploads\/2023\/01\/feri01.jpg\"><img loading=\"lazy\" decoding=\"async\" width=\"496\" height=\"496\" src=\"https:\/\/redsemlac.com\/semmexico\/wp-content\/uploads\/2023\/01\/feri01.jpg\" alt=\"\" class=\"wp-image-61986\"\/><\/a><\/figure>\n<\/div>\n\n\n<figure class=\"wp-block-gallery has-nested-images columns-default is-cropped wp-block-gallery-1 is-layout-flex wp-block-gallery-is-layout-flex\">\n<figure class=\"wp-block-image size-large\"><a href=\"https:\/\/redsemlac.com\/semmexico\/wp-content\/uploads\/2023\/01\/feri02.jpg\"><img loading=\"lazy\" decoding=\"async\" width=\"279\" height=\"502\" data-id=\"61987\" src=\"https:\/\/redsemlac.com\/semmexico\/wp-content\/uploads\/2023\/01\/feri02.jpg\" alt=\"\" class=\"wp-image-61987\"\/><\/a><\/figure>\n\n\n\n<figure class=\"wp-block-image size-large\"><a href=\"https:\/\/redsemlac.com\/semmexico\/wp-content\/uploads\/2023\/01\/feri04.jpg\"><img loading=\"lazy\" decoding=\"async\" width=\"284\" height=\"504\" data-id=\"61985\" src=\"https:\/\/redsemlac.com\/semmexico\/wp-content\/uploads\/2023\/01\/feri04.jpg\" alt=\"\" class=\"wp-image-61985\"\/><\/a><\/figure>\n<\/figure>\n","protected":false},"excerpt":{"rendered":"<p>Hace m\u00e1s de tres a\u00f1os, dos integrantes de la Fuerza Especial de Reacci\u00f3n Inmediata (FERI) denunciaron agresi\u00f3n sexual por parte del quien en ese momento era su jefe, el comandante subdirector de ese grupo, Te\u00f3filo Ruiz Carmona, hasta ahora no han tenido justicia<\/p>\n","protected":false},"author":3,"featured_media":61984,"comment_status":"open","ping_status":"open","sticky":false,"template":"","format":"standard","meta":{"_monsterinsights_skip_tracking":false,"footnotes":""},"categories":[47,48],"tags":[],"class_list":["post-61983","post","type-post","status-publish","format-standard","has-post-thumbnail","category-no-mas-impunidad","category-no-mas-impunidad-no-mas-impunidad"],"_links":{"self":[{"href":"https:\/\/redsemlac.com\/semmexico\/wp-json\/wp\/v2\/posts\/61983","targetHints":{"allow":["GET"]}}],"collection":[{"href":"https:\/\/redsemlac.com\/semmexico\/wp-json\/wp\/v2\/posts"}],"about":[{"href":"https:\/\/redsemlac.com\/semmexico\/wp-json\/wp\/v2\/types\/post"}],"author":[{"embeddable":true,"href":"https:\/\/redsemlac.com\/semmexico\/wp-json\/wp\/v2\/users\/3"}],"replies":[{"embeddable":true,"href":"https:\/\/redsemlac.com\/semmexico\/wp-json\/wp\/v2\/comments?post=61983"}],"version-history":[{"count":0,"href":"https:\/\/redsemlac.com\/semmexico\/wp-json\/wp\/v2\/posts\/61983\/revisions"}],"wp:featuredmedia":[{"embeddable":true,"href":"https:\/\/redsemlac.com\/semmexico\/wp-json\/wp\/v2\/media\/61984"}],"wp:attachment":[{"href":"https:\/\/redsemlac.com\/semmexico\/wp-json\/wp\/v2\/media?parent=61983"}],"wp:term":[{"taxonomy":"category","embeddable":true,"href":"https:\/\/redsemlac.com\/semmexico\/wp-json\/wp\/v2\/categories?post=61983"},{"taxonomy":"post_tag","embeddable":true,"href":"https:\/\/redsemlac.com\/semmexico\/wp-json\/wp\/v2\/tags?post=61983"}],"curies":[{"name":"wp","href":"https:\/\/api.w.org\/{rel}","templated":true}]}}