{"id":61979,"date":"2023-01-26T17:36:54","date_gmt":"2023-01-26T23:36:54","guid":{"rendered":"https:\/\/redsemlac.com\/semmexico\/?p=61979"},"modified":"2023-01-26T17:36:56","modified_gmt":"2023-01-26T23:36:56","slug":"viviana-salgado-mujer-inocente-detenida-por-sabotear-las-vias-del-metro","status":"publish","type":"post","link":"https:\/\/redsemlac.com\/semmexico\/viviana-salgado-mujer-inocente-detenida-por-sabotear-las-vias-del-metro\/","title":{"rendered":"<strong>Viviana Salgado, mujer inocente detenida por \u201csabotear\u201d las v\u00edas del metro<\/strong>"},"content":{"rendered":"\n<ul class=\"wp-block-list\">\n<li><strong>El pasado 12 de enero, Viviana Salgado sali\u00f3 de su domicilio en Ixtapaluca, Estado de M\u00e9xico, en compa\u00f1\u00eda de su hijo para comprar unas aspas nuevas para su lavadora.<\/strong><\/li>\n<\/ul>\n\n\n\n<p class=\"wp-block-paragraph\"><strong>Mabel Danae Salas Miguel*<\/strong><\/p>\n\n\n\n<p class=\"wp-block-paragraph\">SemM\u00e9xico, Ciudad de M\u00e9xico, 26 de enero del 2023.- El pasado 12 de enero, Viviana Salgado sali\u00f3 de su domicilio en Ixtapaluca, Estado de M\u00e9xico, en compa\u00f1\u00eda de su hijo para comprar unas aspas nuevas para su lavadora.<\/p>\n\n\n\n<p class=\"wp-block-paragraph\">Viviana se encontraba en la estaci\u00f3n <em>Centro M\u00e9dico<\/em> de la l\u00ednea 9 del Sistema de Transporte Colectivo (STC) (el metro de la Ciudad de M\u00e9xico), cuando se le cayeron unas aspas de pl\u00e1stico para reparar su lavadora al piso, posteriormente, las aspas rodaron hasta las v\u00edas del metro.<\/p>\n\n\n\n<p class=\"wp-block-paragraph\">Viviana dio aviso a miembros de la Guardia Nacional y le comentaron que ten\u00edan que trasladarla al Ministerio P\u00fablico de la Fiscal\u00eda de Investigaci\u00f3n Territorial en la alcald\u00eda Cuauht\u00e9moc de la Ciudad de M\u00e9xico. Quer\u00edan esposarla. Ella respondi\u00f3 que no dejar\u00eda que lo hicieran porque ella no era una delincuente. Estuvo 48 horas en el Penal de Santa Martha, Acatitla.<\/p>\n\n\n\n<p class=\"wp-block-paragraph\">El 17 de enero Viviana Salgado hab\u00eda sido vinculada a proceso sin tener una orden de prisi\u00f3n preventiva por un juez que determin\u00f3 que pudo haber contribuido en el delito de ataques a las v\u00edas de comunicaci\u00f3n. Esto quiere decir que Viviana pasar\u00eda su proceso en libertad.<\/p>\n\n\n\n<p class=\"wp-block-paragraph\">A pesar de tener el comprobante de compra de sus aspas nuevas, no fueron suficientes para comprobar su inocencia. Viviana hab\u00eda pedido revisar las c\u00e1maras de la estaci\u00f3n del metro para verificar que hab\u00eda sido un accidente, sin embargo, le dijeron que las c\u00e1maras del metro no serv\u00edan.<\/p>\n\n\n\n<p class=\"wp-block-paragraph\">Viridiana tiene estr\u00e9s derivado de su detenci\u00f3n, siente que le hormiguea su cuerpo y entumecimiento en su cara.<\/p>\n\n\n\n<p class=\"wp-block-paragraph\">El secretario de Gobierno de la Ciudad de M\u00e9xico, Mart\u00ed Batres asegur\u00f3 que no hab\u00eda elementos suficientes para continuar con el proceso penal contra Viviana. A pesar de que se han detenido a m\u00e1s personas por el mismo caso, est\u00e1s han sido liberadas al momento.<\/p>\n\n\n\n<p class=\"wp-block-paragraph\">Viridiana Salgado fue criminalizada durante todo su proceso y no ha recibido una disculpa p\u00fablica por parte de las autoridades capitalinas \u00bfEn qu\u00e9 pa\u00eds vivimos cuando se mete a prisi\u00f3n a una mujer por tener un accidente como cualquier otra persona y no a los verdaderos delincuentes, agresores, pederastas, proxenetas o violadores?<\/p>\n\n\n\n<figure class=\"wp-block-image size-full\"><a href=\"https:\/\/redsemlac.com\/semmexico\/wp-content\/uploads\/2023\/01\/viviana-salgado-02.png\"><img loading=\"lazy\" decoding=\"async\" width=\"509\" height=\"339\" src=\"https:\/\/redsemlac.com\/semmexico\/wp-content\/uploads\/2023\/01\/viviana-salgado-02.png\" alt=\"\" class=\"wp-image-61981\"\/><\/a><\/figure>\n\n\n\n<p class=\"has-small-font-size wp-block-paragraph\">Captura de pantalla del Twitter de la Fiscal\u00eda de la Ciudad de M\u00e9xico<\/p>\n\n\n\n<p class=\"has-small-font-size wp-block-paragraph\">*Texto publicado originalmente en La Costilla Rota.<\/p>\n\n\n\n<p class=\"wp-block-paragraph\">SEM\/MG<\/p>\n","protected":false},"excerpt":{"rendered":"<p>El pasado 12 de enero, Viviana Salgado sali\u00f3 de su domicilio en Ixtapaluca, Estado de M\u00e9xico, en compa\u00f1\u00eda de su hijo para comprar unas aspas nuevas para su lavadora.<\/p>\n","protected":false},"author":3,"featured_media":61980,"comment_status":"open","ping_status":"open","sticky":false,"template":"","format":"standard","meta":{"_monsterinsights_skip_tracking":false,"footnotes":""},"categories":[54],"tags":[],"class_list":["post-61979","post","type-post","status-publish","format-standard","has-post-thumbnail","category-mujeres"],"_links":{"self":[{"href":"https:\/\/redsemlac.com\/semmexico\/wp-json\/wp\/v2\/posts\/61979","targetHints":{"allow":["GET"]}}],"collection":[{"href":"https:\/\/redsemlac.com\/semmexico\/wp-json\/wp\/v2\/posts"}],"about":[{"href":"https:\/\/redsemlac.com\/semmexico\/wp-json\/wp\/v2\/types\/post"}],"author":[{"embeddable":true,"href":"https:\/\/redsemlac.com\/semmexico\/wp-json\/wp\/v2\/users\/3"}],"replies":[{"embeddable":true,"href":"https:\/\/redsemlac.com\/semmexico\/wp-json\/wp\/v2\/comments?post=61979"}],"version-history":[{"count":0,"href":"https:\/\/redsemlac.com\/semmexico\/wp-json\/wp\/v2\/posts\/61979\/revisions"}],"wp:featuredmedia":[{"embeddable":true,"href":"https:\/\/redsemlac.com\/semmexico\/wp-json\/wp\/v2\/media\/61980"}],"wp:attachment":[{"href":"https:\/\/redsemlac.com\/semmexico\/wp-json\/wp\/v2\/media?parent=61979"}],"wp:term":[{"taxonomy":"category","embeddable":true,"href":"https:\/\/redsemlac.com\/semmexico\/wp-json\/wp\/v2\/categories?post=61979"},{"taxonomy":"post_tag","embeddable":true,"href":"https:\/\/redsemlac.com\/semmexico\/wp-json\/wp\/v2\/tags?post=61979"}],"curies":[{"name":"wp","href":"https:\/\/api.w.org\/{rel}","templated":true}]}}