{"id":61970,"date":"2023-01-26T17:16:10","date_gmt":"2023-01-26T23:16:10","guid":{"rendered":"https:\/\/redsemlac.com\/semmexico\/?p=61970"},"modified":"2023-01-26T17:16:12","modified_gmt":"2023-01-26T23:16:12","slug":"desde-la-mano-izquierda-el-sepasevm-en-san-luis-potosi-impunidad-buscada","status":"publish","type":"post","link":"https:\/\/redsemlac.com\/semmexico\/desde-la-mano-izquierda-el-sepasevm-en-san-luis-potosi-impunidad-buscada\/","title":{"rendered":"<strong>Desde la Mano Izquierda| El SEPASEVM en San Luis Potos\u00ed, impunidad buscada<\/strong>"},"content":{"rendered":"\n<p class=\"wp-block-paragraph\"><strong>Claudia Espinosa Almaguer*<\/strong><\/p>\n\n\n\n<p class=\"wp-block-paragraph\">SemM\u00e9xico, San Luis Potos\u00ed, 26 de enero del 2023.- En la \u00faltima semana de diciembre tuvo lugar <strong>un acto de violencia en San Luis Potos\u00ed<\/strong> cuya repercusi\u00f3n permite ponerlo de ejemplo a nivel nacional a fin de que la ciudadan\u00eda, las mujeres principalmente, se hagan una idea de lo que les importan a sus gobiernos y a qu\u00e9 se dedican cuando no cumplen con sus obligaciones.<\/p>\n\n\n\n<p class=\"wp-block-paragraph\">La v\u00edctima de este incidente es la abogada Olga Regina Garc\u00eda L\u00f3pez presidenta del Supremo Tribunal de Justicia, a quien se le mand\u00f3 un mensaje grabado en vivo por el titular de la Secretar\u00eda de Comunicaciones y Transportes de Gobierno del Estado en los siguientes t\u00e9rminos:<\/p>\n\n\n\n<p class=\"wp-block-paragraph\"><em>\u201cYa sali\u00f3 Olga Regina, que solo Dios sabe c\u00f3mo fue a dar a la presidencia del tribunal. Olga Regina, buena para las fiestas y banquetes, inauguraciones y andar ah\u00ed pegada del se\u00f1or gobernador. Ya se va, ojal\u00e1 regrese a su puesto y trabaje mucho, mucho. Hay que adelgazar Olga Regina\u201d<\/em><\/p>\n\n\n\n<p class=\"wp-block-paragraph\">Al cabo de unos d\u00edas y debido a la presi\u00f3n de mujeres feministas surgi\u00f3 la promesa de \u201crevisar\u201d si iba a ser sujeto de alguna reprimenda y posteriormente <strong>la directora del Instituto de las Mujeres<\/strong> Gloria Serrato S\u00e1nchez, hizo saber a la ciudadan\u00eda que el Sistema Estatal para la Prevenci\u00f3n, Atenci\u00f3n, Sanci\u00f3n y Erradicaci\u00f3n de la Violencia contra las Mujeres (<strong>SEPASEVM<\/strong>) iba a sesionar por primera vez en el a\u00f1o <strong>para decidir qu\u00e9 hacer con su hermano<\/strong>, el funcionario.<\/p>\n\n\n\n<p class=\"wp-block-paragraph\">El viernes 13 de enero en sesi\u00f3n formal cerrada con fotograf\u00eda y firmas correspondientes, el Sistema acord\u00f3 que el agresor de Olga Regina deb\u00eda tomar otro curso m\u00e1s de sensibilizaci\u00f3n y capacitaci\u00f3n sobre los derechos humanos de las mujeres.<\/p>\n\n\n\n<p class=\"wp-block-paragraph\">Nadie suele ocuparse de saber para qu\u00e9 sirve el <strong>SEPASEVM<\/strong>, que tiene el deber de reunirse por lo menos cuatro veces al a\u00f1o, pero no para eso. En este caso, <strong>esas firmas constituyen una victimizaci\u00f3n secundaria y una ofensa a una comunidad con declaraci\u00f3n de violencia feminicida desde 2017.<\/strong><\/p>\n\n\n\n<p class=\"wp-block-paragraph\"><strong>Me explico, los Sistemas se originan de cada una de las Leyes de Acceso de las Mujeres a una Vida Libre de Violencia,<\/strong> as\u00ed, en M\u00e9xico tendr\u00eda que haber 33, en la Ley General se regula en el T\u00edtulo II Cap\u00edtulo I a partir del art\u00edculo 35 y <strong>lo integran diversas \u00e1reas del Poder Ejecutivo con la finalidad de coordinar instrumentos, pol\u00edticas, servicios y acciones<\/strong> interinstitucionales para evitar que se violente a las mujeres, para que sean bien atendidas, para minimizar riesgos, acceder adecuadamente a la justicia, concientizar a la sociedad, vigilar a los medios, promover la investigaci\u00f3n con perspectiva de g\u00e9nero, publicar informaci\u00f3n confiable sobre el problema, en resumen, <strong>crear e implementar lo que se conoce como el Programa Integral para Prevenir, Atender, Sancionar y Erradicar la Violencia contra las Mujeres.<\/strong><\/p>\n\n\n\n<p class=\"wp-block-paragraph\">Es decir, la obligaci\u00f3n esencial y el sentido de su existencia es crear una pol\u00edtica del Estado para evitar el feminicidio, pero en ning\u00fan caso, <strong>los SEPASEVM en el pa\u00eds han tenido facultades para decidir sobre el comportamiento de alguien en particular, no son Contralor\u00edas<\/strong> ni autoridades con poder de sanci\u00f3n y no pueden instruir a nadie a tomar absolutamente nada.<\/p>\n\n\n\n<p class=\"wp-block-paragraph\">Luego entonces, intentar controlar la reacci\u00f3n a una conducta de violencia, falta a la verdad y por encima de la agresi\u00f3n particular a la v\u00edctima, genera un agravio social, siendo que hasta este momento <strong>San Luis Potos\u00ed no tiene un programa<\/strong> para abordar la violencia contra las mujeres.<\/p>\n\n\n\n<p class=\"wp-block-paragraph\">De algo debe jactarse el funcionario que profiri\u00f3 estos insultos, <strong>el Sistema no se re\u00fane a trabajar porque le preocupen las cifras que hacen que siga vigente la Alerta de Violencia de G\u00e9nero<\/strong> desde hace 6 a\u00f1os, por ejemplo, el dato nacional que indica que hasta el 30 de noviembre de 2022 se registraron en el Estado <strong>83 homicidios contra mujeres, 1770 lesiones, 8223 carpetas de investigaci\u00f3n por violencia familiar, 606 violaciones y 15, 278 llamadas al 911 por agresiones contra mujeres.<\/strong><\/p>\n\n\n\n<p class=\"wp-block-paragraph\">En lugar de ello, <strong>se han reunido para simular una sanci\u00f3n que el funcionario \u201ccastigado\u201d no tiene por qu\u00e9 cumplir<\/strong>, si hubiese otra v\u00edctima suya o escalase el nivel de violencia ejercida en agravio de m\u00e1s mujeres, el <strong>SEPASEVM<\/strong> potosino ya ser\u00eda c\u00f3mplice.<\/p>\n\n\n\n<p class=\"wp-block-paragraph\">Tampoco es inusual, en todo nivel miles de hombres mis\u00f3ginos sobreviven en el \u00e1mbito p\u00fablico justo porque promueven la violencia, ah\u00ed tiene el ataque de <strong>Andrew Tate<\/strong> a Greta Thunberg desde Twitter que acab\u00f3 con su detenci\u00f3n en Rumania, el se\u00f1or ten\u00eda a las marcas de autos a su favor y miles de j\u00f3venes de acuerdo con promover la violaci\u00f3n y el abuso a sus parejas y no fue la trata de personas lo que le hizo perder fans sino que fuese vinculado a la <strong>\u201cS<em>mall Dick Energy<\/em><\/strong>\u201d como respuesta de la ofendida. <strong>El mis\u00f3gino es gracioso, tiene amigos y colegas que lo sostienen y lo apoyan, es \u201cirremediable\u201d y cae bien, hasta que mata a una mujer y todos hacen como que no lo conocen.<\/strong><\/p>\n\n\n\n<p class=\"wp-block-paragraph\">En este caso local, donde <strong>la v\u00edctima es Olga, nadie ha preguntado <\/strong>c\u00f3mo se encuentra al cabo de existir una agresi\u00f3n p\u00fablica <strong>por el hecho de ser mujer<\/strong>, pero adem\u00e1s porque un grupo de funcionarios han decidido por ella lo que se hace o se deja de hacer ante un agravio que atent\u00f3 contra su dignidad y busc\u00f3 minimizar la autoridad del cargo que ostentaba.<\/p>\n\n\n\n<p class=\"wp-block-paragraph\">Lo que si queda en su decisi\u00f3n es denunciar, porque en eso consiste <strong>el delito de discriminaci\u00f3n del art\u00edculo 186 del C\u00f3digo Penal en el Estado<\/strong>, cometido por quien, en raz\u00f3n a varias categor\u00edas de vulnerabilidad, <strong>veje a una persona siendo servidor p\u00fablico<\/strong>, lo que da con una pena <strong>de seis meses a tres a\u00f1os de prisi\u00f3n<\/strong>, y ojal\u00e1 lo haga, no todas vamos a responder como Greta, pero <strong>debemos exigir resarcimiento a las ofensas usando el Derecho en nuestro favor.<\/strong><\/p>\n\n\n\n<p class=\"wp-block-paragraph\">Finalmente, si esta gente nos representa \u00bfQu\u00e9 tipo de funcionarios y funcionarias quiere usted en el gobierno del lugar en donde vive?<strong> \u00bfQu\u00e9 calidad podemos recibir de la pol\u00edtica gestionada por deudores alimenticios, acosadores sexuales y agresores de mujeres en un pa\u00eds feminicida?<\/strong><\/p>\n\n\n\n<p class=\"wp-block-paragraph\">Asuntos como este demuestran el logro enorme de que avancen las propuestas de la <strong>iniciativa 3 de 3 contra la violencia <\/strong>aplicado a todos los espacios de decisi\u00f3n. Si la pol\u00edtica machista se ejecuta desde la ofensa es porque no hay capacidad, ni nada.<\/p>\n\n\n\n<p class=\"wp-block-paragraph\">A m\u00e1s ver.<\/p>\n\n\n\n<p class=\"wp-block-paragraph\">*Abogada Feminista, Maestra en Pol\u00edtica Criminal por la UASLP y en Derecho Procesal Penal<\/p>\n\n\n\n<p class=\"wp-block-paragraph\">Acusatorio por el CEAD Quer\u00e9taro,&nbsp; Consejera Suplente de la Comisi\u00f3n Estatal de Derechos Humanos de San Luis Potos\u00ed. Experta en atenci\u00f3n a delitos de violencia contra las mujeres y grupos en situaci\u00f3n de discriminaci\u00f3n en M\u00e9xico. Formadora en Derechos Humanos, Igualdad y no discriminaci\u00f3n. Columnista.<\/p>\n","protected":false},"excerpt":{"rendered":"<p>En la \u00faltima semana de diciembre tuvo lugar un acto de violencia en San Luis Potos\u00ed cuya repercusi\u00f3n permite ponerlo de ejemplo a nivel nacional a fin de que la ciudadan\u00eda, las mujeres principalmente, se hagan una idea de lo que les importan a sus gobiernos y a qu\u00e9 se dedican cuando no cumplen con sus obligaciones.<\/p>\n","protected":false},"author":3,"featured_media":60255,"comment_status":"open","ping_status":"open","sticky":false,"template":"","format":"standard","meta":{"_monsterinsights_skip_tracking":false,"footnotes":""},"categories":[131,35],"tags":[],"class_list":["post-61970","post","type-post","status-publish","format-standard","has-post-thumbnail","category-claudia-almaguer","category-opinion"],"_links":{"self":[{"href":"https:\/\/redsemlac.com\/semmexico\/wp-json\/wp\/v2\/posts\/61970","targetHints":{"allow":["GET"]}}],"collection":[{"href":"https:\/\/redsemlac.com\/semmexico\/wp-json\/wp\/v2\/posts"}],"about":[{"href":"https:\/\/redsemlac.com\/semmexico\/wp-json\/wp\/v2\/types\/post"}],"author":[{"embeddable":true,"href":"https:\/\/redsemlac.com\/semmexico\/wp-json\/wp\/v2\/users\/3"}],"replies":[{"embeddable":true,"href":"https:\/\/redsemlac.com\/semmexico\/wp-json\/wp\/v2\/comments?post=61970"}],"version-history":[{"count":0,"href":"https:\/\/redsemlac.com\/semmexico\/wp-json\/wp\/v2\/posts\/61970\/revisions"}],"wp:featuredmedia":[{"embeddable":true,"href":"https:\/\/redsemlac.com\/semmexico\/wp-json\/wp\/v2\/media\/60255"}],"wp:attachment":[{"href":"https:\/\/redsemlac.com\/semmexico\/wp-json\/wp\/v2\/media?parent=61970"}],"wp:term":[{"taxonomy":"category","embeddable":true,"href":"https:\/\/redsemlac.com\/semmexico\/wp-json\/wp\/v2\/categories?post=61970"},{"taxonomy":"post_tag","embeddable":true,"href":"https:\/\/redsemlac.com\/semmexico\/wp-json\/wp\/v2\/tags?post=61970"}],"curies":[{"name":"wp","href":"https:\/\/api.w.org\/{rel}","templated":true}]}}