{"id":61956,"date":"2023-01-26T16:48:12","date_gmt":"2023-01-26T22:48:12","guid":{"rendered":"https:\/\/redsemlac.com\/semmexico\/?p=61956"},"modified":"2023-01-26T16:48:14","modified_gmt":"2023-01-26T22:48:14","slug":"bernardo-rodriguez-calificado-como-no-apto-para-ser-el-nuevo-fiscal-de-oaxaca","status":"publish","type":"post","link":"https:\/\/redsemlac.com\/semmexico\/bernardo-rodriguez-calificado-como-no-apto-para-ser-el-nuevo-fiscal-de-oaxaca\/","title":{"rendered":"<strong>Bernardo Rodr\u00edguez calificado como no apto para ser el nuevo fiscal de Oaxaca<\/strong>"},"content":{"rendered":"\n<ul class=\"wp-block-list\">\n<li><strong>El Congreso local actu\u00f3 como una \u201caplanadora\u201d y \u201csigui\u00f3 instrucciones\u201d, dicen feministas.<\/strong><\/li>\n<\/ul>\n\n\n\n<ul class=\"wp-block-list\">\n<li><strong>Los desaf\u00edos son grandes frente a la violencia feminicida y el feminicidio, exigiremos respuestas.<\/strong><\/li>\n<\/ul>\n\n\n\n<p class=\"wp-block-paragraph\"><strong>Soledad Jarqu\u00edn Edgar<\/strong><\/p>\n\n\n\n<p class=\"wp-block-paragraph\">SemM\u00e9xico, Oaxaca, 26 de enero del 2023.- Preocupaci\u00f3n deja a las directivas de las organizaciones no gubernamentales de Consorcio Oaxaca y GES Mujer, la designaci\u00f3n de Bernardo Rodr\u00edguez Alamilla al frente de la Fiscal\u00eda General del Estado de Oaxaca, calificado como incapaz para desarrollar ese cargo.<\/p>\n\n\n\n<p class=\"wp-block-paragraph\">Tanto Y\u00e9sica S\u00e1nchez Maya como Ang\u00e9lica Ayala Ortiz cuestionan la actuaci\u00f3n de los y las integrantes de la LXV Legislatura. Mientras S\u00e1nchez Maya sostiene que ser\u00e1 muy alto el costo para el gobernador Salom\u00f3n Jara la actuaci\u00f3n \u201ccomo una aplanadora\u201d y siguiendo instrucciones de la diputaci\u00f3n; Ayala Ortiz plantea que evidentemente esta designaci\u00f3n no garantiza la autonom\u00eda e independencia entre el ejecutivo y la Fiscal\u00eda.<\/p>\n\n\n\n<p class=\"wp-block-paragraph\">En entrevista, S\u00e1nchez Maya, integrante del equipo directivo de Consorcio para el Di\u00e1logo Parlamentario y la Equidad Oaxaca -Consorcio Oaxaca- dijo que, tras la elecci\u00f3n con 38 votos a favor en el Congreso local de Rodr\u00edguez Alamilla, \u201cno hubo ninguna sorpresa, ya se dibujaba\u201d.<\/p>\n\n\n\n<p class=\"wp-block-paragraph\">\u201cComo sociedad civil hicimos lo que correspond\u00eda, planear el desaf\u00edo que tiene Oaxaca, la impunidad lacerante y la violencia feminicida que ha fracturado el tejido social, parte grande de esa responsabilidad corresponde al \u00f3rgano procurador de justicia\u201d, dice en entrevista a SemM\u00e9xico.<\/p>\n\n\n\n<p class=\"wp-block-paragraph\">Frente a esa realidad, sostiene que esperaban \u201cun perfil de acuerdo a las circunstancias que vive Oaxaca, pero lamentablemente pusieron a alguien no apto para este cargo\u201d. La prueba de esa ineptitud es lo sucedido en la Defensor\u00eda de Derechos Humanos del Pueblo de Oaxaca, donde no se pronunci\u00f3 por casos como por los que hoy se pronuncian. Dice la activista y defensora de derechos humanos en torno a la reciente declaraci\u00f3n de Rodr\u00edguez Alamilla con respecto a proceso judicial que enfrenta la saxofonista Mar\u00eda Elena R\u00edos.<\/p>\n\n\n\n<p class=\"wp-block-paragraph\"><strong>Mujeres en estado de indefensi\u00f3n frente a la aplanadora legislativa<\/strong><\/p>\n\n\n\n<p class=\"wp-block-paragraph\"><br>\u201cLos colectivos feministas planeamos que (Bernardo Rodr\u00edguez Alamilla) era la peor propuesta, pero la cantidad de votos, en aplanadora da cuenta que llevaba consigna, no hay un solo voto de cuestionamiento a su perfil por parte de las y los diputados, no hay una voz cr\u00edtica y eso nos deja en estado de indefensi\u00f3n a las mujeres\u201d.<\/p>\n\n\n\n<p class=\"wp-block-paragraph\">S\u00e1nchez Maya plantea que a diferencia de muchas y muchos de las legisladoras que ayer votaron para elegir al nuevo fiscal de Oaxaca, conoce las capacidades de Rodr\u00edguez Alamilla, de ah\u00ed que haya pocas expectativas de la sociedad civil. Luego apunta que no es un abogado litigante ni ha sido funcionario del sistema de procuraci\u00f3n de justicia, \u201centonces su curva de aprendizaje no impactar\u00e1 en su curr\u00edculo, nos va a costar vidas\u201d.<\/p>\n\n\n\n<p class=\"wp-block-paragraph\"><strong>Descompuesta acci\u00f3n pol\u00edtica del Congreso de Oaxaca<\/strong><\/p>\n\n\n\n<p class=\"wp-block-paragraph\">La tambi\u00e9n abogada y reconocida con la menci\u00f3n honor\u00edfica del Premio Franco-Alem\u00e1n \u201cGilberto Bosques\u201d en el 2021, cuestiona la actuaci\u00f3n del Legislativo:<\/p>\n\n\n\n<p class=\"wp-block-paragraph\">\u201cMe parece que se descompuso la acci\u00f3n pol\u00edtica del congreso y lamento mucho que quien asesora al gobernador Salom\u00f3n Jara no haya tenido el tino suficiente para elegir un mejor perfil en la terna y se hayan simulado un proceso en el que hab\u00eda expectativas desde la sociedad\u201d.<\/p>\n\n\n\n<p class=\"wp-block-paragraph\">Por eso sostiene que la sociedad civil ser\u00e1 exigente con la actuaci\u00f3n de Bernardo Rodr\u00edguez Alamilla. Plantearemos que haya mesas de trabajo \u201cporque el nuevo fiscal tiene que dar resultados, remitiremos todas las inconsistencias e inacciones de Bernardo Rodr\u00edguez al Congreso\u201d.<\/p>\n\n\n\n<p class=\"wp-block-paragraph\"><strong>No hay diferencia en el modo de hacer gobierno<\/strong><\/p>\n\n\n\n<p class=\"wp-block-paragraph\">S\u00e1nchez Maya no quita del dedo del rengl\u00f3n y reitera que lo que vive Oaxaca es un momento grave en violencia generalizada y en espec\u00edfico para las mujeres, de ah\u00ed que -reitera- es sumamente grave que haya asignado a un fiscal sin experiencia ni alcances.<\/p>\n\n\n\n<p class=\"wp-block-paragraph\">Por ello cuestiona: \u00bfDonde est\u00e1 la diferencia de este momento pol\u00edtico en Oaxaca, donde hay un gobierno de izquierda?&nbsp;<\/p>\n\n\n\n<p class=\"wp-block-paragraph\">\u00abSe habla de una primavera oaxaque\u00f1a, pero al mismo tiempo ponen como fiscal a un inepto absoluto e incapaz, creo que fue muy alta la factura que pag\u00f3 el gobernador para poner un fiscal sin perfil, a modo probablemente, no sabemos qui\u00e9nes son los padrinos de Bernardo, ni su equipo\u201d.<\/p>\n\n\n\n<p class=\"wp-block-paragraph\">Record\u00f3 que Rodr\u00edguez Alamilla lleg\u00f3 a la Defensor\u00eda por el ahora exfiscal Arturo Peimbert Calvo y una \u201cola priista que oper\u00f3 a favor de ambos\u201d.<\/p>\n\n\n\n<p class=\"wp-block-paragraph\">\u201cCreo que somos rehenes de poderes facticos que no quieren que Oaxaca salga del hoyo en el que se encuentra y, lamentablemente, hoy tenemos un fiscal que pinta para el fracaso\u201d, sentenci\u00f3 la activista de Consorcio Oaxaca quien afirm\u00f3 que se necesitan acciones duras en materia de justicia para las mujeres.<\/p>\n\n\n\n<p class=\"wp-block-paragraph\">Esperamos \u201cse\u00f1ales pronto\u201d, pero ante todo que Bernardo (Rodr\u00edguez) \u201cno y no se ponga a inventar una fiscal\u00eda de defensor\u00eda, como dijo a las y los legisladores, porque entonces tendremos un nuevo cad\u00e1ver como el que dej\u00f3 a su salida ayer mismo de la Defensor\u00eda de Oaxaca\u201d.<\/p>\n\n\n\n<p class=\"wp-block-paragraph\">Frente a ese vaticinio, dijo que ojal\u00e1 las y los diputados asuman un nivel realmente de fiscalizador \u201cpor este cheque en blanco que le dan a alguien con una ineptitud absolutamente probada con su papel y rol en la Defensor\u00eda, como acompa\u00f1ante del gobernador en los actos\u201d.<\/p>\n\n\n\n<p class=\"wp-block-paragraph\"><strong>Nuevamente frente a la simulaci\u00f3n<\/strong><\/p>\n\n\n\n<p class=\"wp-block-paragraph\">La presidenta del Grupo de Estudios de la Mujer \u201cRosario Castellanos\u201d (GESMujer), Ang\u00e9lica Ayala Ortiz, sostiene que la elecci\u00f3n de Rodr\u00edguez Alamilla al frente de la Fiscal\u00eda General del Estado de Oaxaca, es un mensaje claro de que la administraci\u00f3n del gobernador Salom\u00f3n Jara ser\u00e1 nuevamente de simulaci\u00f3n.<\/p>\n\n\n\n<p class=\"wp-block-paragraph\">Tambi\u00e9n apunta que el resultado del proceso de \u201celecci\u00f3n\u201d y determinaci\u00f3n de la terna por parte del gobernador, \u201cse anticipaba, la determinaci\u00f3n del gobernador simplemente fue avalada por un Congreso que asumi\u00f3 las instrucciones, teniendo como objetivo colocar un fiscal que no garantizar\u00e1 la independencia y autonom\u00edaque demandamos como sociedad\u201d.<\/p>\n\n\n\n<p class=\"wp-block-paragraph\">En Oaxaca, explica Ortiz Ayala los altos \u00edndices de violencia feminicida y feminicidios revelan una problem\u00e1tica grave de violencia contra las mujeres, que exige justicia para ellas, pero es evidente \u201cen lugar de optar por capacidad, experiencia y profesionalismo, prevalecieron los pactos pol\u00edticos y su m\u00e1xima expresi\u00f3n el pacto patriarcal\u201d.<\/p>\n\n\n\n<p class=\"wp-block-paragraph\">\u201cLos desaf\u00edos que tiene frente a s\u00ed Bernardo Rodr\u00edguez son grandes, por ello nos preocupa profundamente esta designaci\u00f3n, pero ser\u00e1n los hechos los que evidencien si hay la voluntad pol\u00edtica y la capacidad para atender las demandas expresadas, lamentablemente el riesgo de no atenderlas tendr\u00e1 un costo demasiado alto, negar el derecho a la justicia de las ni\u00f1as y mujeres oaxaque\u00f1as que viven violencia y su expresi\u00f3n m\u00e1s dolorosa el feminicidio\u201d.<\/p>\n\n\n\n<p class=\"wp-block-paragraph\"><strong>Sociedad civil no fue escuchada<\/strong><\/p>\n\n\n\n<p class=\"wp-block-paragraph\">Ang\u00e9lica Ayala defensora de los derechos humanos de las mujeres desde hace varias d\u00e9cadas apunta que la sociedad civil \u201cha exigido la transformaci\u00f3n de fondo en una Fiscal\u00eda que se ha caracterizado por ineficiencias, omisiones, negligencias y falta de aplicaci\u00f3n de un modelo de atenci\u00f3n que no revictimice a las mujeres que enfrentan todas las formas de violencias y las colocan en riesgo de feminicidio\u201d.<\/p>\n\n\n\n<p class=\"wp-block-paragraph\">Una exigencia que comprende&nbsp; \u201cla aplicaci\u00f3n de un protocolo de investigaci\u00f3n con perspectiva de g\u00e9nero que permita reconocer la violencia feminicida e integre las carpetas adecuadamente para acceder a la justicia, hacer una revisi\u00f3n profunda a las recomendaciones de una Alerta por Violencia de G\u00e9nero que no ha impactado en la protecci\u00f3n de la integridad, la libertad y la vida de las ni\u00f1as y las mujeres, un trabajo profesional que sancione ante los indignantes niveles de impunidad que prevalecen en Oaxaca\u201d.<\/p>\n\n\n\n<p class=\"wp-block-paragraph\">Como S\u00e1nchez Maya, la presidenta del GESMujer record\u00f3 que el movimiento feminista \u201calert\u00f3 de los riesgos que representaba la designaci\u00f3n de Bernardo Rodr\u00edguez y no fuimos escuchadas, esa es otra se\u00f1al de insensibilidad de la actual administraci\u00f3n ante quienes d\u00eda a d\u00eda trabajamos a favor de los derechos de las mujeres\u201d.&nbsp;<\/p>\n\n\n\n<p class=\"wp-block-paragraph\">SEM\/sj\/MG<\/p>\n\n\n\n<figure class=\"wp-block-gallery has-nested-images columns-default is-cropped wp-block-gallery-1 is-layout-flex wp-block-gallery-is-layout-flex\">\n<figure class=\"wp-block-image size-large\"><a href=\"https:\/\/redsemlac.com\/semmexico\/wp-content\/uploads\/2023\/01\/fiscal-oaxaca02.jpg\"><img loading=\"lazy\" decoding=\"async\" width=\"577\" height=\"381\" data-id=\"61959\" src=\"https:\/\/redsemlac.com\/semmexico\/wp-content\/uploads\/2023\/01\/fiscal-oaxaca02.jpg\" alt=\"\" class=\"wp-image-61959\"\/><\/a><\/figure>\n\n\n\n<figure class=\"wp-block-image size-large\"><a href=\"https:\/\/redsemlac.com\/semmexico\/wp-content\/uploads\/2023\/01\/fiscal-oaxaca03.jpg\"><img loading=\"lazy\" decoding=\"async\" width=\"673\" height=\"406\" data-id=\"61958\" src=\"https:\/\/redsemlac.com\/semmexico\/wp-content\/uploads\/2023\/01\/fiscal-oaxaca03.jpg\" alt=\"\" class=\"wp-image-61958\"\/><\/a><\/figure>\n<\/figure>\n","protected":false},"excerpt":{"rendered":"<p>El Congreso local actu\u00f3 como una \u201caplanadora\u201d y \u201csigui\u00f3 instrucciones\u201d, dicen feministas.<\/p>\n","protected":false},"author":3,"featured_media":61957,"comment_status":"open","ping_status":"open","sticky":false,"template":"","format":"standard","meta":{"_monsterinsights_skip_tracking":false,"footnotes":""},"categories":[50],"tags":[],"class_list":["post-61956","post","type-post","status-publish","format-standard","has-post-thumbnail","category-congreso"],"_links":{"self":[{"href":"https:\/\/redsemlac.com\/semmexico\/wp-json\/wp\/v2\/posts\/61956","targetHints":{"allow":["GET"]}}],"collection":[{"href":"https:\/\/redsemlac.com\/semmexico\/wp-json\/wp\/v2\/posts"}],"about":[{"href":"https:\/\/redsemlac.com\/semmexico\/wp-json\/wp\/v2\/types\/post"}],"author":[{"embeddable":true,"href":"https:\/\/redsemlac.com\/semmexico\/wp-json\/wp\/v2\/users\/3"}],"replies":[{"embeddable":true,"href":"https:\/\/redsemlac.com\/semmexico\/wp-json\/wp\/v2\/comments?post=61956"}],"version-history":[{"count":0,"href":"https:\/\/redsemlac.com\/semmexico\/wp-json\/wp\/v2\/posts\/61956\/revisions"}],"wp:featuredmedia":[{"embeddable":true,"href":"https:\/\/redsemlac.com\/semmexico\/wp-json\/wp\/v2\/media\/61957"}],"wp:attachment":[{"href":"https:\/\/redsemlac.com\/semmexico\/wp-json\/wp\/v2\/media?parent=61956"}],"wp:term":[{"taxonomy":"category","embeddable":true,"href":"https:\/\/redsemlac.com\/semmexico\/wp-json\/wp\/v2\/categories?post=61956"},{"taxonomy":"post_tag","embeddable":true,"href":"https:\/\/redsemlac.com\/semmexico\/wp-json\/wp\/v2\/tags?post=61956"}],"curies":[{"name":"wp","href":"https:\/\/api.w.org\/{rel}","templated":true}]}}