{"id":6191,"date":"2019-01-10T21:25:56","date_gmt":"2019-01-10T21:25:56","guid":{"rendered":"https:\/\/redsemlac.com\/semmexico\/?p=6191"},"modified":"2023-07-21T14:43:22","modified_gmt":"2023-07-21T19:43:22","slug":"palabra-de-mujer-6","status":"publish","type":"post","link":"https:\/\/redsemlac.com\/semmexico\/palabra-de-mujer-6\/","title":{"rendered":"Palabra de Mujer"},"content":{"rendered":"\n<p class=\"wp-block-paragraph\">\u2022 Nos refundamos, reiventamos y construimos nuestra propia historia-ficci\u00f3n para trascender<\/p>\n\n\n\n<h5 class=\"wp-block-heading\"> Construyendo el Mito de la 4T<\/h5>\n\n\n\n<p class=\"wp-block-paragraph\"><a href=\"https:\/\/semmexico.com\/gallery-post.php?id=6791#\">Billy Parker<\/a><\/p>\n\n\n\n<p class=\"wp-block-paragraph\">SemM\u00e9xico, 10 enero 2019.- Al despuntar el 2019 continuamos atestiguando la construcci\u00f3n del mito de Andr\u00e9s Manuel L\u00f3pez Obrador. No hay mejor proceso de construcci\u00f3n que la de nuestra propia leyenda y el l\u00edder de la cuarta transformaci\u00f3n no est\u00e1 al margen de este ejercicio.<\/p>\n\n\n\n<p class=\"wp-block-paragraph\">Todos los d\u00edas los humanos nos refundamos, reiventamos y construimos nuestra propia historia-ficci\u00f3n para trascender, no es de extra\u00f1arse que un proyecto como la 4T no est\u00e9 erigiendo su mito fundacional como una estructura simb\u00f3lica que tiene la funci\u00f3n de dar sentido y de explicarse a las instituciones nacientes, remitiendo su historia a los \u00abtiempos originales\u00bb.<\/p>\n\n\n\n<p class=\"wp-block-paragraph\">Fuimos testigos de diversos s\u00edmbolos en la investidura de Andr\u00e9s Manuel L\u00f3pez Obrador como Presidente Constitucional de la rep\u00fablica mexicana, que van m\u00e1s all\u00e1 de una expresi\u00f3n populista o de campa\u00f1a como se ha interpretado. Se trata de la construcci\u00f3n del discurso fundacional e incluso algunos observan una edificaci\u00f3n ideol\u00f3gica base, tal como ocurri\u00f3 con el villismo que luchaba contra el latifundio y el autoritarismo del porfiriato. El repudio al modelo neoliberal y a los fif\u00eds, expresado en los discursos del 1 de diciembre, as\u00ed lo exhiben.<\/p>\n\n\n\n<p class=\"wp-block-paragraph\">Los mitos fundacionales son los que nos explican los surgimientos de las ciudades o de los estados, pero tambi\u00e9n se podr\u00eda aplicar a personas ya que etimol\u00f3gicamente viene de la palabra griega \u201caition\u201d que significa causa. En lo personal considero que la estructura discursiva de AMLO es la construcci\u00f3n del l\u00edder que el pa\u00eds, por ahora, necesita para llevar a cabo la ansiada e ineludible transformaci\u00f3n de M\u00e9xico.<\/p>\n\n\n\n<p class=\"wp-block-paragraph\">El mito fundacional como el resto tipo de mitos sigue las caracter\u00edsticas principales de estos, siempre destaca el h\u00e9roe que se convierte en el salvador de la ciudad o la naci\u00f3n, pero que todo lo ha conseguido gracias tambi\u00e9n a la ayuda de un Dios, fuerzas espirituales (como Francisco I Madero), en el caso de M\u00e9xico, se vinculan a la causa ind\u00edgena y su cosmovisi\u00f3n. Ya prob\u00f3 el zapatismo que es redituable.<\/p>\n\n\n\n<p class=\"wp-block-paragraph\">Para entender el comportamiento de Andr\u00e9s Manuel L\u00f3pez Obrador y algunos cercanos, no el de su equipo advenedizo -esa es otra historia-, hay que recurrir a Antonio Gramsci y otros autores del pensamiento marxista, que reflejan la Cuarta Transformaci\u00f3n pac\u00edfica: \u201clas clases que impon\u00edan su dominio social lo hac\u00edan no solo por medio de la fuerza (coerci\u00f3n), sino que necesitaban constituir una hegemon\u00eda \u00e9tica y cultural, es decir, forjar un consenso en torno a ideolog\u00edas y valores. Esta hegemon\u00eda era la tarea del \u00abintelectual org\u00e1nico\u201d. En la 4T lo intentan con el proyecto de la Constituci\u00f3n Moral y la pedagog\u00eda pol\u00edtica ma\u00f1anera donde \u201cla verdad os har\u00e1 libres\u201d.<\/p>\n\n\n\n<p class=\"wp-block-paragraph\">No sabemos si calculado o no L\u00f3pez Obrador realiza actos, como la ceremonia ind\u00edgena del z\u00f3calo, -que la posmodernidad no acepta y hasta repudia-, para preservar su postura de l\u00edderazgo opositor al estatus quo. No obstante, pierde de vista que los verdaderos \u201ctatas\u201d, no est\u00e1n de acuerdo que se le ofrezca el conocimiento y el poder de la \u201ctinta roja y negra\u201d en un acto multitudinario -al estilo hollywoodense- en el pleno coraz\u00f3n de Tenochtitl\u00e1n.<\/p>\n\n\n\n<p class=\"wp-block-paragraph\">En Veracruz por ejemplo esos rituales, entre otros, es efect\u00faan en el Kantiyan Totonaca, resguardados, con unos cuantos invitados, por la solemnidad que implica para su cultura el conocimiento oculto. En Malinalco, a los guerreros \u00c1guila y Ocelote se les invest\u00edan en centros ceremoniales donde solo los sacerdotes entraban, lejos de las miradas del que desconoce. El ritual es un transitar entre energ\u00edas sutiles que la mayor\u00eda no comprende y hay que evitar las burlas que generan por ignorancia.<\/p>\n\n\n\n<p class=\"wp-block-paragraph\">El zapatismo del sub Marcos logr\u00f3 un impact\u00f3 que ha perdurado un cuarto de siglo por un contexto mundial d\u00f3nde se requer\u00edan l\u00edderes emergentes que abonaron por a\u00f1os su nicho; y eso es lo que pasan de largo los asesores del presidente L\u00f3pez Obrador. \u00c9l es el poder, ya perdi\u00f3 la figura del opositor al sistema, tampoco se le ve como un candidato violentado institucionalmente. Ya no puede fungir como un intelectual org\u00e1nico que abandera las causas sociales ante \u201cla mafia de poder\u201d, sin embargo, contin\u00faa la construcci\u00f3n del mito entre discrepancias y afectaciones a los que dice defender.<\/p>\n\n\n\n<p class=\"wp-block-paragraph\">Estamos ante una crisis de legitimaci\u00f3n y la p\u00e9rdida del potencial justificativo disponible para sostener las pretensiones de legitimidad, y como asevera el fil\u00f3sofo Jos\u00e9 Antonio P\u00e9rez Tapias, la crisis actual se caracteriza por ser tambi\u00e9n trances de las ideolog\u00edas del pasado reciente, incluida la burguesa-liberal.<\/p>\n\n\n\n<p class=\"wp-block-paragraph\">La conciencia tecnocr\u00e1tica gan\u00f3 terreno entre la alta burocracia, implic\u00f3 una visi\u00f3n de conjunto, por m\u00e1s que \u00e9sta fuera distorsionada y distorsionante de la realidad. Despoj\u00f3 a las nuevas generaciones de referencias a la tradici\u00f3n ancestral, que es necesario recuperar con los rituales, pero que instaur\u00e1ndolas desde el poder, ser\u00e1 complicado recobrarlas, sobre todo cuando hay un doble discurso.<\/p>\n\n\n\n<p class=\"wp-block-paragraph\">No son gratuitos los rituales que articula el poder para lograr una utop\u00eda, bajo un liderazgo distinto. El problema es la incongruencia de lo que el Presidente de M\u00e9xico dice y lo que se hace en su gobierno. Despojar del empleo a miles, simular, la vigencia de la corrupci\u00f3n, discursos de odio contra la prensa, fomentar el resentimiento social, el perd\u00f3n a la mafia del poder, etc. Es decir, la distancia entre el discurso y la realidad indica que hay poca importancia en sanar la fatal herida de la credibilidad y eso implica un riesgo que tarde o temprano est\u00e1 destinado a implotar.<\/p>\n\n\n\n<p class=\"wp-block-paragraph\"><em>*Directora de BillieParkerNoticias.com<\/em><\/p>\n","protected":false},"excerpt":{"rendered":"<p>\u2022 Nos refundamos, reiventamos y construimos nuestra propia historia-ficci\u00f3n para trascender Construyendo el Mito de la 4T Billy Parker SemM\u00e9xico, 10 enero 2019.- Al despuntar el 2019 continuamos atestiguando la construcci\u00f3n del mito de Andr\u00e9s Manuel L\u00f3pez Obrador. No hay mejor proceso de construcci\u00f3n que la de nuestra propia leyenda y el l\u00edder de la [&hellip;]<\/p>\n","protected":false},"author":3,"featured_media":6161,"comment_status":"open","ping_status":"open","sticky":false,"template":"","format":"standard","meta":{"_monsterinsights_skip_tracking":false,"footnotes":""},"categories":[690,81,108],"tags":[],"class_list":["post-6191","post","type-post","status-publish","format-standard","has-post-thumbnail","category-690","category-billy-parker","category-palabra-de-mujer"],"_links":{"self":[{"href":"https:\/\/redsemlac.com\/semmexico\/wp-json\/wp\/v2\/posts\/6191","targetHints":{"allow":["GET"]}}],"collection":[{"href":"https:\/\/redsemlac.com\/semmexico\/wp-json\/wp\/v2\/posts"}],"about":[{"href":"https:\/\/redsemlac.com\/semmexico\/wp-json\/wp\/v2\/types\/post"}],"author":[{"embeddable":true,"href":"https:\/\/redsemlac.com\/semmexico\/wp-json\/wp\/v2\/users\/3"}],"replies":[{"embeddable":true,"href":"https:\/\/redsemlac.com\/semmexico\/wp-json\/wp\/v2\/comments?post=6191"}],"version-history":[{"count":0,"href":"https:\/\/redsemlac.com\/semmexico\/wp-json\/wp\/v2\/posts\/6191\/revisions"}],"wp:featuredmedia":[{"embeddable":true,"href":"https:\/\/redsemlac.com\/semmexico\/wp-json\/wp\/v2\/media\/6161"}],"wp:attachment":[{"href":"https:\/\/redsemlac.com\/semmexico\/wp-json\/wp\/v2\/media?parent=6191"}],"wp:term":[{"taxonomy":"category","embeddable":true,"href":"https:\/\/redsemlac.com\/semmexico\/wp-json\/wp\/v2\/categories?post=6191"},{"taxonomy":"post_tag","embeddable":true,"href":"https:\/\/redsemlac.com\/semmexico\/wp-json\/wp\/v2\/tags?post=6191"}],"curies":[{"name":"wp","href":"https:\/\/api.w.org\/{rel}","templated":true}]}}