{"id":61835,"date":"2023-01-23T16:46:25","date_gmt":"2023-01-23T22:46:25","guid":{"rendered":"https:\/\/redsemlac.com\/semmexico\/?p=61835"},"modified":"2023-01-23T16:46:27","modified_gmt":"2023-01-23T22:46:27","slug":"rocian-con-solvente-a-funcionaria-municipal-de-salina-cruz","status":"publish","type":"post","link":"https:\/\/redsemlac.com\/semmexico\/rocian-con-solvente-a-funcionaria-municipal-de-salina-cruz\/","title":{"rendered":"Roc\u00edan con solvente a funcionaria municipal de Salina Cruz"},"content":{"rendered":"\n<ul class=\"wp-block-list\">\n<li><strong>El agresor fue inmovilizado lo que evit\u00f3 que le arrojar\u00e1 un cerillo.<\/strong><\/li>\n\n\n\n<li><strong>Un juez desestim\u00f3 un v\u00eddeo de prueba sobre el momento de la agresi\u00f3n.<\/strong><\/li>\n<\/ul>\n\n\n\n<p class=\"wp-block-paragraph\"><strong>Patricia Brise\u00f1o<\/strong><\/p>\n\n\n\n<p class=\"wp-block-paragraph\">SemM\u00e9xico, Oaxaca, 23 de enero del 2023.- La directora de Ecolog\u00eda de Salina Cruz, Roc\u00edo G\u00f3mez Ortega, fue rociada con un solvente inflamable, por un supuesto comerciante quien intent\u00f3 prenderle fuego esta ma\u00f1ana en una colonia de la zona porte\u00f1a, de la regi\u00f3n del Istmo de Tehuantepec.<\/p>\n\n\n\n<p class=\"wp-block-paragraph\">El ataque sucedi\u00f3 durante un operativo encabezado por la funcionaria municipal para el retiro del comercio semifijo en parques y jardines del municipio, como parte de su trabajo cotidiano.<\/p>\n\n\n\n<figure class=\"wp-block-video alignleft\"><video height=\"426\" style=\"aspect-ratio: 334 \/ 426;\" width=\"334\" controls src=\"https:\/\/redsemlac.com\/semmexico\/wp-content\/uploads\/2023\/01\/Video-de-WhatsApp-2023-01-23-a-las-16.34.16-1.mp4\"><\/video><\/figure>\n\n\n\n<p class=\"wp-block-paragraph\">El sujeto se abri\u00f3 paso entre el equipo de log\u00edstica de G\u00f3mez Ortega para arrojarle la sustancia corrosiva (thinner), pero fue inmovilizado al pretender lanzar un cerillo, posteriormente, la Polic\u00eda Municipal lo detuvo y remiti\u00f3 a los separos de la corporaci\u00f3n local.<\/p>\n\n\n\n<p class=\"wp-block-paragraph\">La directora de Ecolog\u00eda se\u00f1al\u00f3 al due\u00f1o de una carpinter\u00eda, Jos\u00e9 Ceferino, como el responsable de la agresi\u00f3n quien ampli\u00f3 su negocio al parque de la colonia Cuauht\u00e9moc Jos\u00e9 Ceferino.<\/p>\n\n\n\n<p class=\"wp-block-paragraph\">En declaraciones a la prensa precis\u00f3 que el ciudadano fue requerido -unas cinco ocasiones- para retirarse de la v\u00eda p\u00fablica y \u00e1rea verde, por lo que este lunes habr\u00eda de proceder el desalojo.<\/p>\n\n\n\n<p class=\"wp-block-paragraph\">\u201cLa verdad es que este se\u00f1or pr\u00e1cticamente ten\u00eda secuestrado este parque invadi\u00e9ndolo con todos sus muebles; hoy, nos presentamos varias direcciones, y desde el momento en que me present\u00e9 el se\u00f1or empez\u00f3 a insultarme y amenazarme\u201d, sostuvo.<\/p>\n\n\n\n<p class=\"wp-block-paragraph\">Despu\u00e9s del mediod\u00eda, el juez calificador determin\u00f3 dejar en libertad al presunto infractor, para despu\u00e9s ser citado.<\/p>\n\n\n\n<p class=\"wp-block-paragraph\">G\u00f3mez Ortega lament\u00f3 que el juez desestimara el video que exhibe la agresi\u00f3n, aunque, present\u00f3 la denuncia ante la vicefiscal\u00eda regional donde entreg\u00f3 la ropa impregnada de la sustancia corrosiva.<\/p>\n\n\n\n<p class=\"wp-block-paragraph\">SEM\/pb\/sj\/MG<\/p>\n","protected":false},"excerpt":{"rendered":"<p>El agresor fue inmovilizado lo que evit\u00f3 que le arrojar\u00e1 un cerillo.<\/p>\n","protected":false},"author":3,"featured_media":61838,"comment_status":"open","ping_status":"open","sticky":false,"template":"","format":"standard","meta":{"_monsterinsights_skip_tracking":false,"footnotes":""},"categories":[47,48],"tags":[],"class_list":["post-61835","post","type-post","status-publish","format-standard","has-post-thumbnail","category-no-mas-impunidad","category-no-mas-impunidad-no-mas-impunidad"],"_links":{"self":[{"href":"https:\/\/redsemlac.com\/semmexico\/wp-json\/wp\/v2\/posts\/61835","targetHints":{"allow":["GET"]}}],"collection":[{"href":"https:\/\/redsemlac.com\/semmexico\/wp-json\/wp\/v2\/posts"}],"about":[{"href":"https:\/\/redsemlac.com\/semmexico\/wp-json\/wp\/v2\/types\/post"}],"author":[{"embeddable":true,"href":"https:\/\/redsemlac.com\/semmexico\/wp-json\/wp\/v2\/users\/3"}],"replies":[{"embeddable":true,"href":"https:\/\/redsemlac.com\/semmexico\/wp-json\/wp\/v2\/comments?post=61835"}],"version-history":[{"count":0,"href":"https:\/\/redsemlac.com\/semmexico\/wp-json\/wp\/v2\/posts\/61835\/revisions"}],"wp:featuredmedia":[{"embeddable":true,"href":"https:\/\/redsemlac.com\/semmexico\/wp-json\/wp\/v2\/media\/61838"}],"wp:attachment":[{"href":"https:\/\/redsemlac.com\/semmexico\/wp-json\/wp\/v2\/media?parent=61835"}],"wp:term":[{"taxonomy":"category","embeddable":true,"href":"https:\/\/redsemlac.com\/semmexico\/wp-json\/wp\/v2\/categories?post=61835"},{"taxonomy":"post_tag","embeddable":true,"href":"https:\/\/redsemlac.com\/semmexico\/wp-json\/wp\/v2\/tags?post=61835"}],"curies":[{"name":"wp","href":"https:\/\/api.w.org\/{rel}","templated":true}]}}