{"id":61832,"date":"2023-01-23T16:01:46","date_gmt":"2023-01-23T22:01:46","guid":{"rendered":"https:\/\/redsemlac.com\/semmexico\/?p=61832"},"modified":"2023-01-23T16:01:48","modified_gmt":"2023-01-23T22:01:48","slug":"aborto-en-tamaulipas-lleva-a-241-mujeres-ante-tribunales","status":"publish","type":"post","link":"https:\/\/redsemlac.com\/semmexico\/aborto-en-tamaulipas-lleva-a-241-mujeres-ante-tribunales\/","title":{"rendered":"Aborto en Tamaulipas, lleva a 241 mujeres ante tribunales"},"content":{"rendered":"\n<ul class=\"wp-block-list\">\n<li><strong>La persona que provoque el aborto, adem\u00e1s de la pena privativa de libertad, tendr\u00e1 la obligaci\u00f3n de reparar los da\u00f1os y perjuicios ocasionados.<\/strong><strong><\/strong><\/li>\n<\/ul>\n\n\n\n<p class=\"wp-block-paragraph\"><strong>Benny Cruz Zapata<\/strong><\/p>\n\n\n\n<p class=\"wp-block-paragraph\">SemM\u00e9xico, Ciudad Victoria, Tamaulipas, 23 de enero del 2023.- Un total de 241 mujeres han enfrentado procesos penales en Tamaulipas por el delito de aborto; tan solo en el 2022, 40 de ellas llegaron ante tribunales, la cifra es similar en a\u00f1os anteriores, de acuerdo al conteo estad\u00edstico que da a conocer el Secretariado Ejecutivo Nacional de Seguridad P\u00fablica.<\/p>\n\n\n\n<p class=\"wp-block-paragraph\">Se precisa que en el 2017 fueron 32 procesos penales por el citado delito, 46 en el 2018, 45 en el 2019, 34 en el 2020, 44 en el 2021 y 40 en el 2022.<\/p>\n\n\n\n<p class=\"wp-block-paragraph\">Es de mencionar que de acuerdo al C\u00f3digo Penal, en su art\u00edculo 356. Comete el delito de aborto el que priva de la vida al producto de la concepci\u00f3n en cualquier momento del embarazo.<\/p>\n\n\n\n<p class=\"wp-block-paragraph\">Art\u00edculo 357. A la mujer que voluntariamente procure su aborto o consienta en que otro la haga abortar, se le impondr\u00e1 una sanci\u00f3n de uno a cinco a\u00f1os de prisi\u00f3n, quedando facultado el juez para sustituirla por tratamiento m\u00e9dico integral, para lo cual s\u00f3lo bastar\u00e1 que lo solicite y ratifique la responsable.<\/p>\n\n\n\n<p class=\"wp-block-paragraph\">El tratamiento referido en este precepto ser\u00e1 provisto por las Instituciones de Salud del Estado y tendr\u00e1 como objeto apoyar a las mujeres a superar los efectos causados como consecuencia del aborto provocado, as\u00ed como reafirmar los valores humanos por la maternidad ayudando al fortalecimiento de la familia.<\/p>\n\n\n\n<p class=\"wp-block-paragraph\">No se conceder\u00e1 el beneficio de sustituir la sanci\u00f3n privativa de libertad por el de tratamiento m\u00e9dico integral, a la mujer que reincida en la comisi\u00f3n del delito de aborto.<\/p>\n\n\n\n<p class=\"wp-block-paragraph\">Art\u00edculo 358. A la persona que provoque la muerte del producto de la concepci\u00f3n de una mujer embarazada, se le impondr\u00e1n:<\/p>\n\n\n\n<p class=\"wp-block-paragraph\">I.- De cuatro a seis a\u00f1os de prisi\u00f3n, cuando provoque el aborto a solicitud o ruego de la mujer embarazada y sea mayor de edad;<\/p>\n\n\n\n<p class=\"wp-block-paragraph\">II.- De cuatro a ocho a\u00f1os de prisi\u00f3n, cuando provoque el aborto a solicitud o ruego de la mujer embarazada y \u00e9sta sea menor de edad o incapaz;<\/p>\n\n\n\n<p class=\"wp-block-paragraph\">III.- De cinco a siete a\u00f1os de prisi\u00f3n, cuando provoque el aborto sin el consentimiento expreso de la mujer embarazada y \u00e9sta sea mayor de edad;<\/p>\n\n\n\n<p class=\"wp-block-paragraph\">IV.- De seis a nueve a\u00f1os de prisi\u00f3n, cuando provoque el aborto sin el consentimiento de la mujer embarazada cuando sea menor de edad o incapaz;<\/p>\n\n\n\n<p class=\"wp-block-paragraph\">La persona que provoque el aborto, adem\u00e1s de la pena privativa de libertad, tendr\u00e1 la obligaci\u00f3n de reparar los da\u00f1os y perjuicios ocasionados, que incluyen la imposici\u00f3n espec\u00edfica de pagar los tratamientos curativos que, como consecuencia del delito, sean necesarios para la recuperaci\u00f3n de la salud f\u00edsica, ps\u00edquica y emocional de la mujer embarazada a la que se haya provocado el aborto.<\/p>\n\n\n\n<p class=\"wp-block-paragraph\">SEM\/MG<\/p>\n","protected":false},"excerpt":{"rendered":"<p>La persona que provoque el aborto, adem\u00e1s de la pena privativa de libertad, tendr\u00e1 la obligaci\u00f3n de reparar los da\u00f1os y perjuicios ocasionados.<\/p>\n","protected":false},"author":3,"featured_media":61833,"comment_status":"open","ping_status":"open","sticky":false,"template":"","format":"standard","meta":{"_monsterinsights_skip_tracking":false,"footnotes":""},"categories":[47,48],"tags":[],"class_list":["post-61832","post","type-post","status-publish","format-standard","has-post-thumbnail","category-no-mas-impunidad","category-no-mas-impunidad-no-mas-impunidad"],"_links":{"self":[{"href":"https:\/\/redsemlac.com\/semmexico\/wp-json\/wp\/v2\/posts\/61832","targetHints":{"allow":["GET"]}}],"collection":[{"href":"https:\/\/redsemlac.com\/semmexico\/wp-json\/wp\/v2\/posts"}],"about":[{"href":"https:\/\/redsemlac.com\/semmexico\/wp-json\/wp\/v2\/types\/post"}],"author":[{"embeddable":true,"href":"https:\/\/redsemlac.com\/semmexico\/wp-json\/wp\/v2\/users\/3"}],"replies":[{"embeddable":true,"href":"https:\/\/redsemlac.com\/semmexico\/wp-json\/wp\/v2\/comments?post=61832"}],"version-history":[{"count":0,"href":"https:\/\/redsemlac.com\/semmexico\/wp-json\/wp\/v2\/posts\/61832\/revisions"}],"wp:featuredmedia":[{"embeddable":true,"href":"https:\/\/redsemlac.com\/semmexico\/wp-json\/wp\/v2\/media\/61833"}],"wp:attachment":[{"href":"https:\/\/redsemlac.com\/semmexico\/wp-json\/wp\/v2\/media?parent=61832"}],"wp:term":[{"taxonomy":"category","embeddable":true,"href":"https:\/\/redsemlac.com\/semmexico\/wp-json\/wp\/v2\/categories?post=61832"},{"taxonomy":"post_tag","embeddable":true,"href":"https:\/\/redsemlac.com\/semmexico\/wp-json\/wp\/v2\/tags?post=61832"}],"curies":[{"name":"wp","href":"https:\/\/api.w.org\/{rel}","templated":true}]}}