{"id":61827,"date":"2023-01-23T14:39:35","date_gmt":"2023-01-23T20:39:35","guid":{"rendered":"https:\/\/redsemlac.com\/semmexico\/?p=61827"},"modified":"2023-01-23T17:40:08","modified_gmt":"2023-01-23T23:40:08","slug":"mujeres-y-politica-maria-elena-rios","status":"publish","type":"post","link":"https:\/\/redsemlac.com\/semmexico\/mujeres-y-politica-maria-elena-rios\/","title":{"rendered":"Mujeres y Pol\u00edtica| *Mar\u00eda Elena R\u00edos"},"content":{"rendered":"\n<p class=\"wp-block-paragraph\"><strong>Soledad Jarqu\u00edn Edgar<\/strong><\/p>\n\n\n\n<p class=\"wp-block-paragraph\">SemM\u00e9xico, Oaxaca, 23 de enero del 2023.- Palo dado ni Dios lo quita. Eso ha sucedido en Oaxaca. Mar\u00eda Elena R\u00edos Ortiz v\u00edctima de un ataque con \u00e1cido en septiembre de 2019, enfrent\u00f3 durante seis d\u00edas una audiencia de revisi\u00f3n de medida cautelar a favor del presunto autor intelectual, Juan Antonio V.C., conocido empresario gasolinero (poder econ\u00f3mico) y exdiputado local (poder pol\u00edtico).<\/p>\n\n\n\n<p class=\"wp-block-paragraph\">Cada d\u00eda, Mar\u00eda Elena R\u00edos fue informando sobre el \u201ctortuoso\u201d desarrollo de este procedimiento judicial solicitado por la defensa del inculpado; narr\u00f3 y plante\u00f3 sus temores por lo que podr\u00eda suceder, as\u00ed que miles de personas leyeron y compartieron, en una especie de acompa\u00f1amiento medi\u00e1tico, pretendiendo con ello que \u201cun ser superior\u201d pudiera al menos hacer algo. Hoy m\u00e1s que nunca su vida corre un latente peligro.<\/p>\n\n\n\n<p class=\"wp-block-paragraph\">Adem\u00e1s, como ella misma lo dice en su twitter a Salom\u00f3n Jara Cruz, gobernador de Oaxaca, y al secretario de Gobierno, Jes\u00fas Romero, les llam\u00f3 sin tener respuesta alguna, simplemente ignoraron sus llamadas que buscaban su intervenci\u00f3n a tiempo y en forma.<\/p>\n\n\n\n<p class=\"wp-block-paragraph\">Habr\u00eda que agregar que adem\u00e1s de no atender los llamados de una ciudadana que s\u00ed previ\u00f3 que estaba en riesgo, por esa falta de perspicacia para advertir que algo se estaba \u201csaliendo de control\u201d, cometieron otras pifias a trav\u00e9s de boletines de prensa y este lunes desde muy temprano hicieron m\u00e1s evidente que se hab\u00edan equivocado, una y otra vez, dejando m\u00e1s enredos, porque efectivamente se equivocaron en el tratamiento inicial que le dieron al caso.<\/p>\n\n\n\n<p class=\"wp-block-paragraph\">Por eso digo, palo dado ni Dios lo quita. Sin embargo, tan pronto como el juez de control, Te\u00f3dulo Pacheco Pacheco, emiti\u00f3 la resoluci\u00f3n, que permiti\u00f3 cambiar la medida cautelar del inculpado de prisi\u00f3n preventiva en el centro penitenciario varonil de Tanivet a sujeci\u00f3n domiciliaria, empezaron a llegar las respuestas, con tonito de \u201cindignaci\u00f3n\u201d.<\/p>\n\n\n\n<p class=\"wp-block-paragraph\">El gobernador Jara Cruz, en su cuenta de twitter (@salomonj) dijo: \u201cAunque soy respetuoso de las decisiones del Poder Judicial, no estoy de acuerdo con la resoluci\u00f3n del juez en el caso de Juan Antonio Vera Carrizal. Deber\u00eda mantenerse en prisi\u00f3n hasta que se haga justicia para Mar\u00eda Elena\u201d. (Alguien deber\u00eda decirle que al poner el nombre completo del inculpado viol\u00f3 sus derechos, como luego el personal de abogac\u00eda que lo defiende aclara, reprimiendo a la prensa).<\/p>\n\n\n\n<p class=\"wp-block-paragraph\">Hoy lo dijo, en videomensaje de poco m\u00e1s de cuatro minutos algo que es para el an\u00e1lisis: 1) cuestiona algo que ya sabemos que pasa cada tercer d\u00eda en Oaxaca, las decisiones tanto de Fiscal\u00eda como del Poder Judicial carecen de perspectiva de g\u00e9nero, pero est\u00e1 bien dicho por \u00e9l, no cuando los reclamos vienen de las v\u00edctimas y menos de las feministas o de las organizaciones; 2) reiter\u00f3 que Oaxaca tiene altos \u00edndices de violencia feminicida, \u00a1bien dicho por \u00e9l! no por las feministas; 3) acepta la falta de capacidad del Estado para garantizar que el inculpado no se evadir\u00e1, algo que Mar\u00eda Elena R\u00edos y en otros casos se ha dicho en repetidas ocasiones, pero no cuenta cuando quien lo manifiesta no es gobernador de Oaxaca; 4) ordena que \u201cJuan Antonio Vera Carrizal (nombre completo de un no sentenciado) seguir\u00e1 privado de su libertad en Tanivet\u201d, dice sin tapujos el mandatario oaxaque\u00f1o; 5) luego, explica: \u201chemos solicitado a trav\u00e9s de la Secretar\u00eda de Seguridad P\u00fablica (no de la Fiscal\u00eda) que se reevalu\u00e9 el cambio de la medida cuatelar\u201d.<\/p>\n\n\n\n<p class=\"wp-block-paragraph\">El resto del mensaje es m\u00e1s de lo mismo: algunas promesas, desde no tolerar actos de corrupci\u00f3n, investigaci\u00f3n al juez y la actuaci\u00f3n del Ministerio P\u00fablico y una reforma de fondo al Poder Judicial. Como les digo, lo mismo que antes hab\u00edamos escuchado de \u201clos malos gobiernos que hemos tenido\u201d, como llama el gobernador a sus antecesores, ahora s\u00ed con valor probatorio porque lo dijo \u00e9l y no las feministas, no el pueblo, no la gente com\u00fan.<\/p>\n\n\n\n<p class=\"wp-block-paragraph\">Tras las acusaciones de Mar\u00eda Elena R\u00edos de desatenci\u00f3n a sus llamados y las pifias del fin de semana las que lo llevaron a salir muy temprano este d\u00eda. De ingenuos pensar que un gobernador no interviene ni puede intervenir en las decisiones de los otros poderes. En poco tiempo ha sido claro que a su nombre algunos funcionarios han cambiado la historia de algunas decisiones judiciales, de tan burda manera que son dignos de una investigaci\u00f3n judicial federal, pensando claro, que eso fuera posible en M\u00e9xico. Yo dir\u00eda que cero y van dos (sin contar el de este fin de semana) todos muy evidentes y muy medi\u00e1ticos.<\/p>\n\n\n\n<p class=\"wp-block-paragraph\">Pero hay m\u00e1s. El gobernador confirma, de acuerdo con un comunicado de prensa emitido en tarde del pasado s\u00e1bado por la oficina respectiva, que no est\u00e1 de acuerdo con la decisi\u00f3n del juez (Te\u00f3dulo Pacheco Pacheco) y dice en otro p\u00e1rrafo que \u201cla violencia en contra de las mujeres requiere el compromiso de los tres Poderes del Estado, por lo que no se puede ser indiferente ante esta determinaci\u00f3n\u201d. Una confusi\u00f3n tras otra: la violencia, refiere, y no a la eliminaci\u00f3n de la violencia. Sin duda es importante decir y escribir las cosas de manera correcta, para que el personal entienda correctamente.<\/p>\n\n\n\n<p class=\"wp-block-paragraph\">Y s\u00ed, el gobernador dice que no puede interferir, pero sus hacedores de comunicados, incluyendo \u201casesores internacionales\u201d, terminan por hacerlo intervenir-aclarar-participar al realizar la tarea que el Poder Judicial omiti\u00f3, es decir, tomarse la molestia de informar lo que estaba pasando, pese a lo medi\u00e1tico del caso Mar\u00eda Elena R\u00edos contra Juan Antonio V.C.-juez Te\u00f3dulo Pacheco Pacheco-, el poder judicial permaneci\u00f3 como si nada estuviera pasando, un h\u00e1bito del poder judicial donde lo que si hay es mucha opacidad informativa.<\/p>\n\n\n\n<p class=\"wp-block-paragraph\">En una especie de aclaraci\u00f3n no pedida y culpa manifiesta, el bolet\u00edn de prensa del Ejecutivo se mete a lo Judicial para \u201cexplicar\u201d lo sucedido durante los seis d\u00edas de audiencias. Es claro, s\u00ed hubo injerencia de un poder a otro. Y es tan expl\u00edcito en detalles que bueno -una mal pensada como siempre- especular\u00eda que el comunicado tambi\u00e9n habla bien de un inculpado enfermo y a quien se le violar\u00edan sus derechos de no haber sido por la atinada (es sarcasmo) actuaci\u00f3n del juez de control, a quien se justifica con el C\u00f3digo en mano.<\/p>\n\n\n\n<p class=\"wp-block-paragraph\">En el comunicado, donde \u201cno quieren intervenir\u201d explican a toro pasado, de qu\u00e9 se trat\u00f3 la audiencia, qu\u00e9 tipo de recurso present\u00f3 la defensa del imputado de acuerdo a sus derechos, citan, incluso, el art\u00edculo 161 del C\u00f3digo Nacional de Procedimientos Penales.<\/p>\n\n\n\n<p class=\"wp-block-paragraph\">Tambi\u00e9n informan, entre otros detalles, \u201cque la v\u00edctima promovi\u00f3 un amparo en contra de un supuesto no tr\u00e1mite de una recusaci\u00f3n, la cual se resolvi\u00f3 con todas las formalidades de ley\u201d (esto no lo entendi\u00f3 ni quien lo escribi\u00f3). Y \u201caclaran\u201d, que en ning\u00fan momento el Juez Federal orden\u00f3 al Juez de Control suspender la audiencia \u201ccomo fue informado\u201d, es decir, como lo dijo R\u00edos Ortiz en uno de sus tuits.<\/p>\n\n\n\n<p class=\"wp-block-paragraph\">As\u00ed que el buen Pacheco Pacheco decidi\u00f3 que por estar enfermo el inculpado tom\u00f3 la decisi\u00f3n de excarcelarlo e imponerle \u201cla medida cautelar de sujeci\u00f3n domiciliaria\u201d (prisi\u00f3n domiciliaria), con polic\u00edas estatales afuera de su casa, as\u00ed como un brazalete electr\u00f3nico -menos mal-. Al menos hoy, Jara Cruz ya acept\u00f3 que eso es simplemente imposible y que Juan Antonio el poderoso se\u00f1or, puede evadir la justicia en un tris.<\/p>\n\n\n\n<p class=\"wp-block-paragraph\">En este bolet\u00edn explicativo, que con tiempo debi\u00f3 emitir el Poder Judicial, no el Ejecutivo, se cometi\u00f3 otro error de fondo. La carpeta de investigaci\u00f3n, la causa penal contra Juan Antonio V.C. es por TENTATIVA DE FEMINICIDIO no por tentativa de homicidio, como dice el bolet\u00edn del s\u00e1bado. Al menos le hubieran preguntado al fiscal encargado.<\/p>\n\n\n\n<p class=\"wp-block-paragraph\">Mar\u00eda Elena R\u00edos Ortiz tambi\u00e9n puso pinto y parejo al secretario de Gobierno, Jes\u00fas Romero, quien al ver burro se le ofreci\u00f3 carga, para seguir el ejemplo de su jefe, ni tardo ni perezoso tuite\u00f3, pero el tiro le sali\u00f3 por la culata. Como su jefe, Chucho Romero tambi\u00e9n escribi\u00f3:<\/p>\n\n\n\n<p class=\"wp-block-paragraph\">\u201cRechazo completamente cualquier conducta que lastime a las mujeres, de la misma forma en que desapruebo la resoluci\u00f3n que el juez ha emitido en relaci\u00f3n al caso de <a href=\"https:\/\/twitter.com\/_ElenaRios\">@_ElenaRios<\/a> El mensaje del gobernador <a href=\"https:\/\/twitter.com\/salomonj\">@salomonj<\/a> es tajante, cero tolerancia a la violencia contra las mujeres (sic)\u201d.<\/p>\n\n\n\n<p class=\"wp-block-paragraph\">Entonces la respuesta fue simple por parte de R\u00edos Ortiz, porque simple y sencillamente no atendieron ni las llamadas telef\u00f3nicas ni los llamados en redes sociales ni medi\u00e1ticos. En el primer caso, dijo la v\u00edctima del atentado con \u00e1cido, \u201cles estuve llamando tres veces y nunca me contestaron. UNA SEMANA PIDIENDO AYUDA\u201d. Digo para que poner m\u00e1s, para que salir despu\u00e9s de ni\u00f1a ahogada a tapar el pozo. Ya, \u00bfc\u00f3mo para qu\u00e9? Ah, s\u00ed, para exhibir su inoperancia.<\/p>\n\n\n\n<p class=\"wp-block-paragraph\">Actitud que claro asumieron alguna que otra diputada, regidoras, funcionarias de esas que se meten en otras broncas, pero en esta decidieron salir hasta el final, cuando ya nada se pod\u00eda hacer, excepto colgarse literalmente de los alcances medi\u00e1ticos y que en redes sociales tiene Mar\u00eda Elena R\u00edos.<\/p>\n\n\n\n<p class=\"wp-block-paragraph\">En cambio, hay que decirlo tambi\u00e9n hubo silencios de quienes debieron estar al pie del ca\u00f1\u00f3n desde la primera exclamaci\u00f3n de ayuda. Mucho tendr\u00e1 que pensar el gober de la 4T frente a la ineficiencia de sus operadores pol\u00edticos, su gabinete y tendr\u00e1 que mandar a m\u00e1s de uno o una a su casa. Era obvio que tanto silencio, gener\u00f3 entre las mujeres impotencia, indignaci\u00f3n, pero tambi\u00e9n miedo. Porque como dec\u00edan algunas voces \u00bfsi esto pasa con Mar\u00eda Elena, que pasar\u00e1 a otras mujeres que no tienen el foco medi\u00e1tico encima? Y es cierto, hay una realidad, en Oaxaca hay cansancio frente a la creciente violencia contra las mujeres, la falta de justicia, la enorme impunidad. La misma triste historia de siempre.<\/p>\n\n\n\n<p class=\"wp-block-paragraph\">Que sirva la injusta, a todas luces, decisi\u00f3n de un juez, derivada de las omisiones de la Fiscal\u00eda, y que hoy ponen en vilo la justicia real y efectiva para la saxofonista, empresaria y comunic\u00f3loga Mar\u00eda Elena R\u00edos Ortiz, incluso que ponen en riesgo su seguridad y vida, para que Salom\u00f3n Jara Cruz abra bien sus ojos y tom\u00e9 una decisi\u00f3n lejos de componendas, compromisos y dedazos para el futuro de la Fiscal\u00eda, donde se requiere no una transformaci\u00f3n sino una refundaci\u00f3n. De lo contrario, insisto, estaremos frente a m\u00e1s de lo mismo. Porque lo que mal empieza mal acaba. Un ejemplo claro y concreto es el caso que no ocupa, que no es cualquier inculpado, es un poderoso se\u00f1or pol\u00edtico-priista con hart\u00edsimo dinero, al que curiosamente no salvaron de la prisi\u00f3n preventiva en tiempos del priismo sino precisamente ahora. \u00bfQu\u00e9 cosas verdad?<\/p>\n","protected":false},"excerpt":{"rendered":"<p>Palo dado ni Dios lo quita. Eso ha sucedido en Oaxaca. Mar\u00eda Elena R\u00edos Ortiz v\u00edctima de un ataque con \u00e1cido en septiembre de 2019, enfrent\u00f3 durante seis d\u00edas una audiencia de revisi\u00f3n de medida cautelar a favor del presunto autor intelectual<\/p>\n","protected":false},"author":3,"featured_media":8460,"comment_status":"open","ping_status":"open","sticky":false,"template":"","format":"standard","meta":{"_monsterinsights_skip_tracking":false,"footnotes":""},"categories":[96,35,75],"tags":[],"class_list":["post-61827","post","type-post","status-publish","format-standard","has-post-thumbnail","category-mujeres-y-politica","category-opinion","category-soledad-jarquin-edgar"],"_links":{"self":[{"href":"https:\/\/redsemlac.com\/semmexico\/wp-json\/wp\/v2\/posts\/61827","targetHints":{"allow":["GET"]}}],"collection":[{"href":"https:\/\/redsemlac.com\/semmexico\/wp-json\/wp\/v2\/posts"}],"about":[{"href":"https:\/\/redsemlac.com\/semmexico\/wp-json\/wp\/v2\/types\/post"}],"author":[{"embeddable":true,"href":"https:\/\/redsemlac.com\/semmexico\/wp-json\/wp\/v2\/users\/3"}],"replies":[{"embeddable":true,"href":"https:\/\/redsemlac.com\/semmexico\/wp-json\/wp\/v2\/comments?post=61827"}],"version-history":[{"count":0,"href":"https:\/\/redsemlac.com\/semmexico\/wp-json\/wp\/v2\/posts\/61827\/revisions"}],"wp:featuredmedia":[{"embeddable":true,"href":"https:\/\/redsemlac.com\/semmexico\/wp-json\/wp\/v2\/media\/8460"}],"wp:attachment":[{"href":"https:\/\/redsemlac.com\/semmexico\/wp-json\/wp\/v2\/media?parent=61827"}],"wp:term":[{"taxonomy":"category","embeddable":true,"href":"https:\/\/redsemlac.com\/semmexico\/wp-json\/wp\/v2\/categories?post=61827"},{"taxonomy":"post_tag","embeddable":true,"href":"https:\/\/redsemlac.com\/semmexico\/wp-json\/wp\/v2\/tags?post=61827"}],"curies":[{"name":"wp","href":"https:\/\/api.w.org\/{rel}","templated":true}]}}