{"id":61813,"date":"2023-01-23T13:31:01","date_gmt":"2023-01-23T19:31:01","guid":{"rendered":"https:\/\/redsemlac.com\/semmexico\/?p=61813"},"modified":"2023-01-23T13:31:03","modified_gmt":"2023-01-23T19:31:03","slug":"cuba-un-hasta-pronto-a-la-maestra-de-las-estadisticas-de-genero","status":"publish","type":"post","link":"https:\/\/redsemlac.com\/semmexico\/cuba-un-hasta-pronto-a-la-maestra-de-las-estadisticas-de-genero\/","title":{"rendered":"Cuba: Un hasta pronto a la maestra de las estad\u00edsticas de g\u00e9nero"},"content":{"rendered":"\n<p class=\"wp-block-paragraph\"><strong>Redacci\u00f3n<\/strong><\/p>\n\n\n\n<p class=\"wp-block-paragraph\">SemM\u00e9xico\/SEMlac, La Habana, Cuba, 23 de enero del 2023.- \u00bfCu\u00e1nto trabaja realmente una mujer? \u00bfQu\u00e9 aporte hacen a la econom\u00eda de un pa\u00eds aquellas que se dedican a las tareas de casa? \u00bfCrece la proporci\u00f3n de jefas de hogares? \u00bfPor qu\u00e9?<\/p>\n\n\n\n<p class=\"wp-block-paragraph\">Esas y much\u00edsimas otras preguntas han estado durante a\u00f1os en el foco acad\u00e9mico e investigativo de la economista y feminista Teresa Lara Junco, quien acaba de fallecer en La Habana v\u00edctima de c\u00e1ncer.<\/p>\n\n\n\n<p class=\"wp-block-paragraph\">Pionera en la producci\u00f3n de estad\u00edsticas de g\u00e9nero en el pa\u00eds, Lara Junco -o Tere, como la llamaban colegas y amigas- entendi\u00f3 muy bien la necesidad de contabilizar la participaci\u00f3n y problem\u00e1ticas de las mujeres.<\/p>\n\n\n\n<p class=\"wp-block-paragraph\">\u00abMe atrajo la posibilidad de reflejar, a trav\u00e9s de los n\u00fameros, realidades de la cotidianidad de las mujeres cubanas que no siempre eran visibles\u00bb, dijo a SEMlac en una entrevista en 2010.<\/p>\n\n\n\n<p class=\"wp-block-paragraph\">Nacida en 1953, fue vicejefa de la Oficina Nacional de Estad\u00edsticas de Cuba, asesora de varios organismos internacionales como la Organizaci\u00f3n de las Naciones Unidas para la Alimentaci\u00f3n (FAO), UNIFEM y ONU Mujeres. Ha coordinado investigaciones sobre el uso del tiempo, los cuidados como derecho humano y la medici\u00f3n estad\u00edstica del trabajo no remunerado en Cuba, por solo citar algunos ejemplos.<\/p>\n\n\n\n<p class=\"wp-block-paragraph\">\u00abEsas tres o cuatro jornadas de trabajo que puede tener una mujer no se entienden hasta que no se realizan. No se entiende incluso hasta por las mismas mujeres\u00bb, confes\u00f3 Lara en el di\u00e1logo de 2010.<\/p>\n\n\n\n<p class=\"wp-block-paragraph\">Adentrada ya en la b\u00fasqueda de indicadores que permitieran evaluar toda esa problem\u00e1tica, la economista confirm\u00f3 la necesidad de metodolog\u00edas comparables, que ubicaran a las mujeres en el contexto social de sus pa\u00edses y regiones.<\/p>\n\n\n\n<p class=\"wp-block-paragraph\">Estudiosas, investigadoras, instituciones y lugares con los que colabor\u00f3 a lo largo de su vida han expresado en redes sociales el profundo impacto que deja su partida f\u00edsica, no solo en el plano personal, sino por sus aportes esenciales a la ciencia de datos en el pa\u00eds.<\/p>\n\n\n\n<p class=\"wp-block-paragraph\">\u00abHay p\u00e9rdidas que son irreparables, hay personas que marcan tu historia, la laboral y la personal. Hay maestras que llegan y quedan por siempre, hay quienes, con su obra, definen el camino de un movimiento, de una pol\u00edtica, de un pa\u00eds\u00bb, escribi\u00f3 la soci\u00f3loga Magela Romero Amod\u00f3var, coordinadora de la Red Cubana de Estudios sobre Cuidados, en su perfil de Facebook.<\/p>\n\n\n\n<p class=\"wp-block-paragraph\">Por su parte, la joven periodista Arlette Vasallo Garc\u00eda, del Sistema Informativo de la Televisi\u00f3n Cubana, agradeci\u00f3 el apoyo brindado por Lara Junco para un encargo profesional reciente.<\/p>\n\n\n\n<p class=\"wp-block-paragraph\">\u00abAcabo de conocer del fallecimiento de la investigadora y economista Teresa Lara. Siempre agradecer\u00e9 el apoyo que me brind\u00f3 para este trabajo period\u00edstico hace unos meses sobre las vulnerabilidades de las mujeres rurales en Cuba. Las feministas y la ciencia cubana le deben connotados estudios en beneficio de la sociedad cubana desde la perspectiva de g\u00e9nero\u00bb, dijo Vasallo en su perfil de la ya citada red social, donde dej\u00f3 constancia del material.<\/p>\n\n\n\n<h2 class=\"wp-block-heading\"><strong>Una vida dedicada a los n\u00fameros inclusivos<\/strong><\/h2>\n\n\n\n<p class=\"wp-block-paragraph\">Lara Junco no solo dedic\u00f3 la mayor parte de su carrera profesional a construir estad\u00edsticas e indicadores que permitieran medir los cambios en materia de g\u00e9nero y a la investigaci\u00f3n de la econom\u00eda feminista, sino tambi\u00e9n a vencer resistencias para su generaci\u00f3n, uso y divulgaci\u00f3n.<\/p>\n\n\n\n<p class=\"wp-block-paragraph\">\u00abLos datos son uno de los instrumentos m\u00e1s poderosos para destruir mitos, revelar sesgos desconocidos y poner de relieve desigualdades por motivos de raza, sexo, orientaci\u00f3n sexual e identidad de g\u00e9nero, lo que ha creado m\u00e1s conciencia sobre su uso a nivel nacional\u00bb, reconoci\u00f3 a fines de 2022, durante el coloquio \u00abCuidados y violencias de g\u00e9nero\u00bb, convocado por la Sociedad Cubana Multidisciplinaria para el Estudio de la Sexualidad (SOCUMES) y el Centro Oscar Arnulfo Romero (OAR).<\/p>\n\n\n\n<p class=\"wp-block-paragraph\">Graduada de Econom\u00eda por la Universidad de La Habana, particip\u00f3 como consultora en el dise\u00f1o y evaluaci\u00f3n de proyectos con instituciones nacionales y organismos internacionales en los temas relacionados con las estad\u00edsticas e indicadores de g\u00e9nero.<\/p>\n\n\n\n<p class=\"wp-block-paragraph\">En el a\u00f1o 2001 trabaj\u00f3 en la metodolog\u00eda, aplicaci\u00f3n y an\u00e1lisis de los resultados de la Encuesta sobre el Uso del Tiempo, desarrollada a nivel local en cinco municipios de Cuba, y form\u00f3 parte del grupo de expertas de Encuestas de Uso del Tiempo de UNIFEM para Centro Am\u00e9rica, Cuba y Rep\u00fablica Dominicana.<\/p>\n\n\n\n<p class=\"wp-block-paragraph\">Imparti\u00f3 conferencias en Universidades de Iberoam\u00e9rica y Am\u00e9rica Latina. Entre sus publicaciones se destacan Mujeres en Tr\u00e1nsito (2011) y art\u00edculos recogidos en los libros Miradas a la econom\u00eda cubana: el proceso de actualizaci\u00f3n (2012), y Econom\u00eda Cubana. Ensayos para una reestructuraci\u00f3n necesaria (2013), este \u00faltimo merecedor de un Premio de la Academia de Ciencias de Cuba.<\/p>\n\n\n\n<p class=\"wp-block-paragraph\">Recientemente, en 2019, coordin\u00f3 el cap\u00edtulo de g\u00e9nero del informe Ascenso a la ra\u00edz. La perspectiva local del Desarrollo Humano en Cuba 2019, elaborado por el Centro de Investigaciones de la Econom\u00eda Mundial (CIEM) y el Programa de las Naciones Unidas para el Desarrollo (PNUD), en articulaci\u00f3n con otras muchas instituciones cubanas.<\/p>\n\n\n\n<p class=\"wp-block-paragraph\">Colaboradora de SEMlac durante muchos a\u00f1os, hoy perdemos a una maestra y a una amiga. Quedan sus aportes como testimonio de lo que nos falta por hacer y las luces que nos dej\u00f3 en ese camino.<\/p>\n\n\n\n<p class=\"wp-block-paragraph\"><a href=\"mailto:semlaccu@enet.cu\">semlaccu@enet.cu<\/a><\/p>\n","protected":false},"excerpt":{"rendered":"<p>\u00bfCu\u00e1nto trabaja realmente una mujer? \u00bfQu\u00e9 aporte hacen a la econom\u00eda de un pa\u00eds aquellas que se dedican a las tareas de casa? \u00bfCrece la proporci\u00f3n de jefas de hogares? \u00bfPor qu\u00e9?<\/p>\n","protected":false},"author":3,"featured_media":61814,"comment_status":"open","ping_status":"open","sticky":false,"template":"","format":"standard","meta":{"_monsterinsights_skip_tracking":false,"footnotes":""},"categories":[53],"tags":[],"class_list":["post-61813","post","type-post","status-publish","format-standard","has-post-thumbnail","category-internacional"],"_links":{"self":[{"href":"https:\/\/redsemlac.com\/semmexico\/wp-json\/wp\/v2\/posts\/61813","targetHints":{"allow":["GET"]}}],"collection":[{"href":"https:\/\/redsemlac.com\/semmexico\/wp-json\/wp\/v2\/posts"}],"about":[{"href":"https:\/\/redsemlac.com\/semmexico\/wp-json\/wp\/v2\/types\/post"}],"author":[{"embeddable":true,"href":"https:\/\/redsemlac.com\/semmexico\/wp-json\/wp\/v2\/users\/3"}],"replies":[{"embeddable":true,"href":"https:\/\/redsemlac.com\/semmexico\/wp-json\/wp\/v2\/comments?post=61813"}],"version-history":[{"count":0,"href":"https:\/\/redsemlac.com\/semmexico\/wp-json\/wp\/v2\/posts\/61813\/revisions"}],"wp:featuredmedia":[{"embeddable":true,"href":"https:\/\/redsemlac.com\/semmexico\/wp-json\/wp\/v2\/media\/61814"}],"wp:attachment":[{"href":"https:\/\/redsemlac.com\/semmexico\/wp-json\/wp\/v2\/media?parent=61813"}],"wp:term":[{"taxonomy":"category","embeddable":true,"href":"https:\/\/redsemlac.com\/semmexico\/wp-json\/wp\/v2\/categories?post=61813"},{"taxonomy":"post_tag","embeddable":true,"href":"https:\/\/redsemlac.com\/semmexico\/wp-json\/wp\/v2\/tags?post=61813"}],"curies":[{"name":"wp","href":"https:\/\/api.w.org\/{rel}","templated":true}]}}