{"id":61810,"date":"2023-01-23T13:07:32","date_gmt":"2023-01-23T19:07:32","guid":{"rendered":"https:\/\/redsemlac.com\/semmexico\/?p=61810"},"modified":"2023-01-23T13:07:34","modified_gmt":"2023-01-23T19:07:34","slug":"paola-longoria-asciende-a-teniente-en-el-ejercito-nacional","status":"publish","type":"post","link":"https:\/\/redsemlac.com\/semmexico\/paola-longoria-asciende-a-teniente-en-el-ejercito-nacional\/","title":{"rendered":"Paola Longoria asciende a teniente en el Ej\u00e9rcito Nacional"},"content":{"rendered":"\n<ul class=\"wp-block-list\">\n<li><strong>La mexicana contin\u00faa como la n\u00famero 1 del mundo del ranking de la LPRT.<\/strong><strong><\/strong><\/li>\n<\/ul>\n\n\n\n<p class=\"wp-block-paragraph\"><strong>Lizbeth \u00c1lvarez Mart\u00ednez<\/strong><\/p>\n\n\n\n<p class=\"wp-block-paragraph\">SemM\u00e9xico, Ciudad de M\u00e9xico, 23 de enero del 2023.- La campeona mundial por la Federaci\u00f3n Internacional de Racquetball, Paola Longoria, recibi\u00f3 un ascenso al grado de Teniente en el Ej\u00e9rcito Nacional, en una ceremonia en donde le entregaron la medalla de honor Fray Servando Teresa de Mier.<\/p>\n\n\n\n<p class=\"wp-block-paragraph\">Para la originaria del estado de San Luis Potos\u00ed, no hay excusas para ascender en el deporte y en su formaci\u00f3n profesional en la SEDENA desde 2012, la cual ingres\u00f3 como soldado auxiliar oficinista y tras varios a\u00f1os de esfuerzo, ha logrado ascender hasta llegar al grado de teniente.<\/p>\n\n\n\n<p class=\"wp-block-paragraph\">Para obtener dicho grado, primero tuvo que ascender a cabo profesor de Educaci\u00f3n F\u00edsica, en 2014; mientras que en 2018 recibi\u00f3 de manos del entonces presidente de M\u00e9xico, Enrique Pe\u00f1a Nieto, la medalla al m\u00e9rito deportivo, con la que obtuvo el grado de subteniente.<\/p>\n\n\n\n<p class=\"wp-block-paragraph\">En cuanto al deporte que practica la raquetbolista mexicana contin\u00faa como la n\u00famero 1 del mundo del ranking de la LPRT con 2 mil 337.50 puntos.<\/p>\n\n\n\n<p class=\"wp-block-paragraph\">SEM\/MG<\/p>\n","protected":false},"excerpt":{"rendered":"<p>La mexicana contin\u00faa como la n\u00famero 1 del mundo del ranking de la LPRT.<\/p>\n","protected":false},"author":3,"featured_media":61811,"comment_status":"open","ping_status":"open","sticky":false,"template":"","format":"standard","meta":{"_monsterinsights_skip_tracking":false,"footnotes":""},"categories":[54],"tags":[],"class_list":["post-61810","post","type-post","status-publish","format-standard","has-post-thumbnail","category-mujeres"],"_links":{"self":[{"href":"https:\/\/redsemlac.com\/semmexico\/wp-json\/wp\/v2\/posts\/61810","targetHints":{"allow":["GET"]}}],"collection":[{"href":"https:\/\/redsemlac.com\/semmexico\/wp-json\/wp\/v2\/posts"}],"about":[{"href":"https:\/\/redsemlac.com\/semmexico\/wp-json\/wp\/v2\/types\/post"}],"author":[{"embeddable":true,"href":"https:\/\/redsemlac.com\/semmexico\/wp-json\/wp\/v2\/users\/3"}],"replies":[{"embeddable":true,"href":"https:\/\/redsemlac.com\/semmexico\/wp-json\/wp\/v2\/comments?post=61810"}],"version-history":[{"count":0,"href":"https:\/\/redsemlac.com\/semmexico\/wp-json\/wp\/v2\/posts\/61810\/revisions"}],"wp:featuredmedia":[{"embeddable":true,"href":"https:\/\/redsemlac.com\/semmexico\/wp-json\/wp\/v2\/media\/61811"}],"wp:attachment":[{"href":"https:\/\/redsemlac.com\/semmexico\/wp-json\/wp\/v2\/media?parent=61810"}],"wp:term":[{"taxonomy":"category","embeddable":true,"href":"https:\/\/redsemlac.com\/semmexico\/wp-json\/wp\/v2\/categories?post=61810"},{"taxonomy":"post_tag","embeddable":true,"href":"https:\/\/redsemlac.com\/semmexico\/wp-json\/wp\/v2\/tags?post=61810"}],"curies":[{"name":"wp","href":"https:\/\/api.w.org\/{rel}","templated":true}]}}