{"id":61804,"date":"2023-01-23T12:45:07","date_gmt":"2023-01-23T18:45:07","guid":{"rendered":"https:\/\/redsemlac.com\/semmexico\/?p=61804"},"modified":"2023-01-23T12:45:09","modified_gmt":"2023-01-23T18:45:09","slug":"pedira-jara-cruz-a-poder-judicial-que-cambie-la-medida-cautelar-a-juan-antonio-v-c","status":"publish","type":"post","link":"https:\/\/redsemlac.com\/semmexico\/pedira-jara-cruz-a-poder-judicial-que-cambie-la-medida-cautelar-a-juan-antonio-v-c\/","title":{"rendered":"Pedir\u00e1 Jara Cruz a Poder Judicial que cambie la medida cautelar a Juan Antonio V.C."},"content":{"rendered":"\n<ul class=\"wp-block-list\">\n<li><strong>En desacuerdo, dice Jara Cruz; Mecanismo: se eleva la vulnerabilidad de Mar\u00eda Elena R\u00edos.<\/strong><\/li>\n<\/ul>\n\n\n\n<ul class=\"wp-block-list\">\n<li><strong>La defensa arguy\u00f3 que la Fiscal\u00eda no acredit\u00f3 la raz\u00f3n para que el inculpado siguiera en prisi\u00f3n preventiva.<\/strong><\/li>\n<\/ul>\n\n\n\n<p class=\"wp-block-paragraph\"><strong>Patricia Brise\u00f1o<\/strong><\/p>\n\n\n\n<p class=\"wp-block-paragraph\">SemM\u00e9xico, Oaxaca, 23 de enero del 2023.- El gobernador del Estado, Salom\u00f3n Jara Cruz anunci\u00f3 que solicitar\u00e1 al Poder Judicial del Estado de Oaxaca el cambio de medida cautelar de Juan. Antonio V.C., para que permanezca en prisi\u00f3n preventiva en el penal de Tanivet, asegur\u00f3 que la audiencia se realiz\u00f3 sin perspectiva de g\u00e9nero y se\u00f1al\u00f3 que \u201cconsidero que, el mensaje enviado por el Poder Judicial es muy peligroso y alienta la impunidad en una entidad que hist\u00f3ricamente ha presentado altos \u00edndices de violencia feminicida\u201d.<\/p>\n\n\n\n<p class=\"wp-block-paragraph\">En el mensaje que se emiti\u00f3 esta ma\u00f1ana se\u00f1al\u00f3 que \u201cen Oaxaca no vamos a tolerar ning\u00fan tipo de corrupci\u00f3n, ni jueces por consigna. Es momento de promover una reforma y una transformaci\u00f3n profunda del Poder Judicial en nuestro estado\u201d, sentenci\u00f3.<\/p>\n\n\n\n<p class=\"wp-block-paragraph\">\u201cComo titular del Poder Ejecutivo instru\u00ed a la Secretar\u00eda de Seguridad y Protecci\u00f3n Ciudadana realizar un diagn\u00f3stico espec\u00edfico en el caso, y la conclusi\u00f3n es que no existen las condiciones materiales para dar cumplimiento al cambio de medida cautelar que el juez dict\u00f3\u201d, dijo.<\/p>\n\n\n\n<p class=\"wp-block-paragraph\">Explic\u00f3 que, el domicilio en el cual se pretende llevar a cabo la prisi\u00f3n domiciliaria no cuenta con las condiciones m\u00ednimas de seguridad, y el Gobierno del Estado no cuenta con el personal necesario para garantizar que el procesado no evadir\u00e1 la acci\u00f3n de la justicia.<\/p>\n\n\n\n<p class=\"wp-block-paragraph\">Desde el pasado s\u00e1bado, el gobernador Jara Cruz hab\u00eda emitido otro comunicado, en el que se\u00f1al\u00f3 estar en desacuerdo con la resoluci\u00f3n del juez de la causa en el caso de Mar\u00eda Elena R\u00edos Ortiz, quien este fin de semana cambi\u00f3 la medida cautelar al presunto autor intelectual del ataque con \u00e1cido que sufri\u00f3 en septiembre de 2019. Delito que en el comunicado de prensa es mencionado como \u201ctentativa de homicidio\u201d y no como est\u00e1 abierta la causa: tentativa de feminicidio.<\/p>\n\n\n\n<p class=\"wp-block-paragraph\">Tambi\u00e9n este fin de semana, la Coordinaci\u00f3n Ejecutiva Nacional del Mecanismo de Protecci\u00f3n Federal para Personas Defensoras de Derechos Humanos y Periodistas, manifest\u00f3 su preocupaci\u00f3n por la decisi\u00f3n del juez de control, Te\u00f3dulo Pacheco Pacheco. En otro documento, la defensa del inculpado Juan Antonio V.C. se\u00f1al\u00f3 que solicitaron la revisi\u00f3n de la libertad caucional, por haber excedido el plazo legal de dos a\u00f1os que la ley contempla, dado que la Fiscal\u00eda estatal no acredit\u00f3 la raz\u00f3n por la cual deber\u00eda continuar en reclusi\u00f3n en el penal de Tanivet.<\/p>\n\n\n\n<figure class=\"wp-block-embed alignleft is-type-rich is-provider-twitter wp-block-embed-twitter\"><div class=\"wp-block-embed__wrapper\">\n<blockquote class=\"twitter-tweet\" data-width=\"550\" data-dnt=\"true\"><p lang=\"es\" dir=\"ltr\">Posicionamiento del gobernador <a href=\"https:\/\/twitter.com\/salomonj?ref_src=twsrc%5Etfw\">@salomonj<\/a> en torno al caso de Mar\u00eda Elena R\u00edos. <a href=\"https:\/\/t.co\/lGqbpIh0ve\">pic.twitter.com\/lGqbpIh0ve<\/a><\/p>&mdash; Gobierno de Oaxaca (@GobOax) <a href=\"https:\/\/twitter.com\/GobOax\/status\/1617556650386391049?ref_src=twsrc%5Etfw\">January 23, 2023<\/a><\/blockquote><script async src=\"https:\/\/platform.twitter.com\/widgets.js\" charset=\"utf-8\"><\/script>\n<\/div><\/figure>\n\n\n\n<p class=\"wp-block-paragraph\">Este s\u00e1bado por la tarde, el juez tras seis d\u00edas de audiencia, resolvi\u00f3 que Juan Antonio V. C. pudiera llevar el proceso judicial en su contra \u201cen prisi\u00f3n domiciliaria\u201d por lo que orden\u00f3 su excarcelaci\u00f3n, ante ello Jara Cruz dijo que es respetuoso de las decisiones del Poder Judicial, pero indic\u00f3 que el exdiputado local del PRI y empresario gasolinero debi\u00f3 haber sido mantenido en prisi\u00f3n preventiva hasta hacer justicia a la joven saxofonista.<\/p>\n\n\n\n<p class=\"wp-block-paragraph\">De acuerdo con el comunicado de prensa, emitido la tarde noche del s\u00e1bado 21, el gobernador oaxaque\u00f1o afirma que \u201cla violencia en contra de las mujeres requiere el compromiso de los tres Poderes del Estado, por lo que no se puede ser indiferente ante esta determinaci\u00f3n\u201d.<\/p>\n\n\n\n<p class=\"wp-block-paragraph\">El texto explica en qu\u00e9 consisti\u00f3 la audiencia de revisi\u00f3n de medida cautelar \u201ca que tiene derecho el imputado\u201d con motivo de la promoci\u00f3n presentada por su abogado defensor conforme al art\u00edculo 161 del C\u00f3digo Nacional de Procedimientos Penales (CNPP) y derivado de una enfermedad que presenta, excusa el comunicado.<\/p>\n\n\n\n<p class=\"wp-block-paragraph\">Por ello se\u00f1ala que \u201cel imputado demostr\u00f3 estar enfermo. Por esta raz\u00f3n, el Juez le impuso como medida cautelar la consistente en la sujeci\u00f3n domiciliaria, con guardia y vigilancia de la Polic\u00eda Estatal las 24 horas del d\u00eda, adem\u00e1s de colocaci\u00f3n de brazalete electr\u00f3nico\u201d.<\/p>\n\n\n\n<h2 class=\"wp-block-heading\"><strong>La Defensa<\/strong><\/h2>\n\n\n\n<p class=\"wp-block-paragraph\">Por su parte, la defensa del imputado inform\u00f3 que el cambio de la medida caucional a su representado, Juan Antonio V., de prisi\u00f3n preventiva a arraigo domiciliario \u201cse debi\u00f3 a que excedi\u00f3 el plazo legal de dos a\u00f1os que la ley contempla para tales efectos\u00bb.<\/p>\n\n\n\n<p class=\"wp-block-paragraph\">\u201cLa Fiscal\u00eda General del Estado no acredit\u00f3 en ese plazo legal, la raz\u00f3n por la cual deber\u00eda continuar en reclusi\u00f3n en el penal estatal de San Francisco Tanivet, Oaxaca\u201d, asent\u00f3.<\/p>\n\n\n\n<p class=\"wp-block-paragraph\">\u201cCreemos firmemente en el trabajo que realizan las instituciones de procuraci\u00f3n de justicia, y reiteramos la postura que asumimos desde el principio respetando sus determinaciones a pesar del linchamiento y la presi\u00f3n medi\u00e1tica que se ha ejercido en nuestra contra en todo momento\u201d.<\/p>\n\n\n\n<h2 class=\"wp-block-heading\"><strong>El Mecanismo<\/strong><\/h2>\n\n\n\n<p class=\"wp-block-paragraph\">Por otra parte, la Coordinaci\u00f3n Ejecutiva Nacional del Mecanismo de Protecci\u00f3n Federal para Personas Defensoras de Derechos Humanos y Periodistas, manifest\u00f3 su preocupaci\u00f3n por la decisi\u00f3n del juez de control Pacheco Pacheco, al dictar un cambio en la medida cautelar a favor del presunto autor intelectual del ataque con \u00e1cido a la saxofonista oaxaque\u00f1a, Mar\u00eda Elena R\u00edos.&nbsp;<\/p>\n\n\n\n<p class=\"wp-block-paragraph\">\u201cEsta resoluci\u00f3n alienta la situaci\u00f3n de vulnerabilidad y latente riesgo en que se encuentra Mar\u00eda Elena R\u00edos y su familia, y en ese sentido, env\u00eda un mensaje de impunidad y revictimizaci\u00f3n\u201d, expuso.<\/p>\n\n\n\n<p class=\"wp-block-paragraph\">A trav\u00e9s de una comunicaci\u00f3n, el \u00e1rea de la Secretar\u00eda de Gobernaci\u00f3n reiter\u00f3 su compromiso para seguir asumiendo el esquema de protecci\u00f3n que sea necesario tanto para la v\u00edctima directa e indirectas, ante este nuevo contexto.<\/p>\n\n\n\n<p class=\"wp-block-paragraph\">Se refiri\u00f3 tambi\u00e9n a que este caso \u201cha cimbrado a la sociedad mexicana al visibilizar, una vez m\u00e1s, las condiciones de discriminaci\u00f3n estructural a la que se enfrentan las mujeres que buscan justicia en nuestro pa\u00eds\u201d.<\/p>\n\n\n\n<p class=\"wp-block-paragraph\">Ante la importancia del caso llam\u00f3 a las autoridades ministeriales y judiciales de Oaxaca, para que \u201cen el \u00e1mbito de su competencia garanticen la seguridad de R\u00edos Ortiz y familia a trav\u00e9s de los procedimientos previstos en el C\u00f3digo Nacional de Procedimientos Penales\u201d.<\/p>\n\n\n\n<p class=\"wp-block-paragraph\">De igual forma exhort\u00f3 que, a trav\u00e9s de los mecanismos procesales de la misma legislaci\u00f3n nacional, \u201cse impulse una revisi\u00f3n exhaustiva de la decisi\u00f3n dada a conocer en el presente caso, lo anterior, en apego al mandato constitucional que obliga a todas las autoridades a proteger el derecho a defender derechos humanos\u201d.<\/p>\n\n\n\n<p class=\"wp-block-paragraph\">SEM\/pb\/sj\/MG<\/p>\n","protected":false},"excerpt":{"rendered":"<p>En desacuerdo, dice Jara Cruz; Mecanismo: se eleva la vulnerabilidad de Mar\u00eda Elena R\u00edos.<\/p>\n","protected":false},"author":3,"featured_media":61805,"comment_status":"open","ping_status":"open","sticky":false,"template":"","format":"standard","meta":{"_monsterinsights_skip_tracking":false,"footnotes":""},"categories":[51],"tags":[],"class_list":["post-61804","post","type-post","status-publish","format-standard","has-post-thumbnail","category-ejecutivo"],"_links":{"self":[{"href":"https:\/\/redsemlac.com\/semmexico\/wp-json\/wp\/v2\/posts\/61804","targetHints":{"allow":["GET"]}}],"collection":[{"href":"https:\/\/redsemlac.com\/semmexico\/wp-json\/wp\/v2\/posts"}],"about":[{"href":"https:\/\/redsemlac.com\/semmexico\/wp-json\/wp\/v2\/types\/post"}],"author":[{"embeddable":true,"href":"https:\/\/redsemlac.com\/semmexico\/wp-json\/wp\/v2\/users\/3"}],"replies":[{"embeddable":true,"href":"https:\/\/redsemlac.com\/semmexico\/wp-json\/wp\/v2\/comments?post=61804"}],"version-history":[{"count":0,"href":"https:\/\/redsemlac.com\/semmexico\/wp-json\/wp\/v2\/posts\/61804\/revisions"}],"wp:featuredmedia":[{"embeddable":true,"href":"https:\/\/redsemlac.com\/semmexico\/wp-json\/wp\/v2\/media\/61805"}],"wp:attachment":[{"href":"https:\/\/redsemlac.com\/semmexico\/wp-json\/wp\/v2\/media?parent=61804"}],"wp:term":[{"taxonomy":"category","embeddable":true,"href":"https:\/\/redsemlac.com\/semmexico\/wp-json\/wp\/v2\/categories?post=61804"},{"taxonomy":"post_tag","embeddable":true,"href":"https:\/\/redsemlac.com\/semmexico\/wp-json\/wp\/v2\/tags?post=61804"}],"curies":[{"name":"wp","href":"https:\/\/api.w.org\/{rel}","templated":true}]}}