{"id":61779,"date":"2023-01-23T12:08:46","date_gmt":"2023-01-23T18:08:46","guid":{"rendered":"https:\/\/redsemlac.com\/semmexico\/?p=61779"},"modified":"2023-01-23T12:08:48","modified_gmt":"2023-01-23T18:08:48","slug":"miradas-de-reportero-exiliado-en-suecia-pide-ayuda-alberto-escorcia-el-periodista-de-lo-digital","status":"publish","type":"post","link":"https:\/\/redsemlac.com\/semmexico\/miradas-de-reportero-exiliado-en-suecia-pide-ayuda-alberto-escorcia-el-periodista-de-lo-digital\/","title":{"rendered":"Miradas de Reportero| Exiliado en Suecia, pide ayuda Alberto Escorcia, el periodista de lo digital"},"content":{"rendered":"\n<p class=\"wp-block-paragraph\"><strong>Rogelio Hern\u00e1ndez L\u00f3pez<\/strong><\/p>\n\n\n\n<p class=\"wp-block-paragraph\">SemM\u00e9xico, Ciudad de M\u00e9xico, 23 de enero del 2023.- Fue estremecedor saber que, por miedo extremo, se hab\u00eda exiliado por sexta vez Alberto Escorcia, ese reportero mexicano que transit\u00f3 acelerada y extraordinariamente al manejo digital de la informaci\u00f3n hasta convertirse, probablemente en el primero de su tipo. En esta ocasi\u00f3n tramita su asilo en Suecia por altos riesgos contra su vida. Y el sacudimiento aument\u00f3 al ver su segundo mensaje, en el que pide ayuda, pero no gratuita sino a cambio de sus servicios para poder seguir siendo periodista inc\u00f3modo.<\/p>\n\n\n\n<p class=\"wp-block-paragraph\">En febrero de 2022 supe de esos alcances profesionales de Alberto en una reuni\u00f3n virtual entre las nueve personas que participar\u00edamos como instructores en la Especialidad de Periodismo de la Universidad Aut\u00f3noma de Coahuila. Curso de posgrado en donde se transfieren conocimientos de periodistas veteranos y conocedores de la \u00e9tica, de la fotograf\u00eda, lo pol\u00edtico, lo cultural, deportivo, financiero, cient\u00edfico, de las aplicaciones digitales y del Blogging period\u00edstico,<\/p>\n\n\n\n<p class=\"wp-block-paragraph\">La periodista y escritora, coordinadora de la especialidad, Dalia Reyes, nos present\u00f3 a todos como <em>\u201cexpertos en sus materias, quienes han sido galardonados con m\u00faltiples premios a nivel nacional<\/em>\u201d: Eddie Mac\u00edas, Patricia Vega, Mar\u00eda Eugenia Arriaga, Gerardo Albarr\u00e1n, Rogelio Hern\u00e1ndez, Roberto Pi\u00f1\u00f3n, Miguel S\u00e1nchez Maldonado y Alberto Escorcia, quien ser\u00eda titular de la materia Periodismo 3.0, lo m\u00e1s actual de las v\u00edas y modalidades de la difusi\u00f3n de informaci\u00f3n.<\/p>\n\n\n\n<p class=\"wp-block-paragraph\"><strong>Alerta<\/strong><\/p>\n\n\n\n<p class=\"wp-block-paragraph\">Hasta once meses despu\u00e9s, el 11 de enero de 2023, todas y todos los periodistas capacitadores de ese curso acad\u00e9mico fuimos enterados que Alberto Escorcia hab\u00eda enviado un mensaje breve, m\u00e1s bien una alerta desde Suecia, en la que solicita nuestra ayuda. Luego, algunos\/as pudimos ver una explicaci\u00f3n de su autoexilio que el redact\u00f3 para el portal internacional underground periodismo internacional.<\/p>\n\n\n\n<p class=\"wp-block-paragraph\">La lectura de ese texto tambi\u00e9n tendr\u00eda que zarandear a quienes ignoran mucho de quienes son periodistas profesionales, pero que las amenazas han convertido en desplazados\/as, en exiliados\/as de su vida, sobre todo las y los que m\u00e1s incomodan, como Alberto.<\/p>\n\n\n\n<p class=\"wp-block-paragraph\">En ese texto Alberto Escorcia narra la \u00faltima amenaza grave, que resinti\u00f3 en mayo de 2022, por unos extra\u00f1os clientes. Despu\u00e9s, relata los amagos anteriores:<\/p>\n\n\n\n<p class=\"wp-block-paragraph\"><em>\u201cESTOCOLMO, Suecia.- (\u2026) Desde 2012 he recibido amenazas y agresiones por realizar mi trabajo como blogger, principalmente por documentar el uso de bots y trolls y sacar a la luz p\u00fablica operaciones de desinformaci\u00f3n y manipulaci\u00f3n digital en M\u00e9xico. Mi vida corre peligro, he estado exiliado en Espa\u00f1a en dos ocasiones y en Costa Rica tres.<\/em><\/p>\n\n\n\n<p class=\"wp-block-paragraph\"><em>Cito uno de esos episodios, ocurrido en 2015, cuando a\u00fan usaba un seud\u00f3nimo que era \u201cLoQueSigue\u201d. Resulta que decid\u00ed dar mi nombre en una entrevista a la revista Wired en la que hablaba sobre el descubrimiento de los \u201cpe\u00f1abots\u201d -un ej\u00e9rcito de cuentas de bots en Twitter al servicio del entonces presidente Enrique Pe\u00f1a Nieto- y c\u00f3mo estos eran usados para reducir el impacto de las protestas en las calles a trav\u00e9s de Twitter, una de las redes sociales con mayor fuerza en la opini\u00f3n p\u00fablica de M\u00e9xico.<\/em><\/p>\n\n\n\n<p class=\"wp-block-paragraph\"><em>Tras la publicaci\u00f3n de la entrevista -y darse a conocer mi nombre- recib\u00ed amenazas de muerte masivas; cientos de ellas en pocos d\u00edas, lo que result\u00f3 en mi incorporaci\u00f3n al Mecanismo de Protecci\u00f3n a Periodistas.<\/em><\/p>\n\n\n\n<p class=\"wp-block-paragraph\"><em>Otro ejemplo. En 2017 descubr\u00ed que los saqueos que parec\u00edan espont\u00e1neos durante las protestas contra el llamado \u201cgasolinazo\u201d fueron instigados y organizados a trav\u00e9s de bots en las redes sociales, principalmente Twitter y Facebook. Despu\u00e9s de publicarlo en mi blog, el an\u00e1lisis fue retomado por muchos medios, incluyendo a la televisi\u00f3n.<\/em><\/p>\n\n\n\n<p class=\"wp-block-paragraph\"><em>En ese contexto, el departamento de mi vecina fue destrozado. Personas hab\u00edan ido al edificio a preguntar por m\u00ed, pero ten\u00edan mal la informaci\u00f3n y entraron al departamento de arriba y no al m\u00edo. Tuve que huir a San Jos\u00e9 de Costa Rica.<\/em><\/p>\n\n\n\n<p class=\"wp-block-paragraph\"><em>No era la primera incursi\u00f3n en mi domicilio. Cuatro a\u00f1os antes, personas desconocidas entraron a mi casa para robar un par de discos duros donde guardaba las pruebas de c\u00f3mo la polic\u00eda de la Ciudad de M\u00e9xico organizaba muchos de los destrozos ocurridos durante las marchas en contra del jefe de gobierno local Miguel \u00c1ngel Mancera y el presidente Pe\u00f1a Nieto.<\/em><\/p>\n\n\n\n<p class=\"wp-block-paragraph\"><em>Se trataba de videos donde se mostraba c\u00f3mo el grupo Drag\u00f3n de la polic\u00eda de la Ciudad de M\u00e9xico organizaba a individuos encapuchados, hecho que confirm\u00f3 el periodista Paris Mart\u00ednez cuando posteriormente grab\u00f3 a uno de estos elementos rompiendo los cristales de una parada en avenida Reforma durante las protestas por los estudiantes desaparecidos de Ayotzinapa.<\/em><\/p>\n\n\n\n<p class=\"wp-block-paragraph\"><em>Mi vida en esos tiempos era un infierno. Estaba inscrito en los dos Mecanismos de Protecci\u00f3n a Periodistas, el Federal y el de la Ciudad de M\u00e9xico, los cuales te imponen medidas m\u00e1s de corte militar que humanitarias y te impiden ejercer tu trabajo: te ponen a una patrulla para que acuda a tu auxilio y van casi todos los d\u00edas polic\u00edas para que firmes una prueba de que est\u00e1s vivo. Te ponen una reja de hierro en la puerta y un timbre con video. Con el tiempo, lo \u00fanico que logran es aislarte.<\/em><\/p>\n\n\n\n<p class=\"wp-block-paragraph\"><em>Las amenazas no solo te afectan a ti, a tu salud; afectan a tu c\u00edrculo cercano y cada vez te vas quedando solo. No consigues trabajo. Y no soy al que le ha ido peor: hay quienes despu\u00e9s de las amenazas dejan la profesi\u00f3n, que me imagino es el prop\u00f3sito de ellos: matarte en vida. Muchos de mis colegas sufren graves trastornos de salud mental como depresi\u00f3n y paranoia, provocando que su gente cercana los evite.<\/em><\/p>\n\n\n\n<p class=\"wp-block-paragraph\"><em>En diciembre de 2018 cambi\u00f3 el gobierno en M\u00e9xico. Sin embargo, a diferencia de los pe\u00f1abots que formaban un \u201cej\u00e9rcito tercerizado\u201d (un servicio subcontratado), apareci\u00f3 en nuestro pa\u00eds el grupo llamado Red AMLO, una red de trolls fan\u00e1ticos del nuevo gobierno que toman su defensa si, por ejemplo, alg\u00fan periodista le realiza un cuestionamiento dif\u00edcil al presidente. En ese caso, este grupo se encarga de acosar en l\u00ednea (doxing), atacar y amenazar a quienes lo hayan hecho.<\/em><\/p>\n\n\n<div class=\"wp-block-image\">\n<figure class=\"alignleft size-full is-resized\"><a href=\"https:\/\/redsemlac.com\/semmexico\/wp-content\/uploads\/2023\/01\/Imagen2.png\"><img loading=\"lazy\" decoding=\"async\" src=\"https:\/\/redsemlac.com\/semmexico\/wp-content\/uploads\/2023\/01\/Imagen2.png\" alt=\"\" class=\"wp-image-61780\" width=\"349\" height=\"217\"\/><\/a><\/figure>\n<\/div>\n\n\n<p class=\"wp-block-paragraph\"><em>En 2019 publiqu\u00e9 un reporte de c\u00f3mo funcionaba esta red, por lo que volv\u00ed a recibir amenazas. En esa ocasi\u00f3n decid\u00ed no salir del pa\u00eds. Mi reporte fue retomado por medios nacionales e internacionales y luego de ser entrevistado en uno de los noticieros de mayor audiencia en M\u00e9xico, el del periodista Carlos Loret de Mola, comenz\u00f3 un hostigamiento constante de esta red. Fue insoportable: no pod\u00eda tener actividades p\u00fablicas, ten\u00eda limitada mi vida social, y todo el estr\u00e9s se vio reflejado en mi salud.<\/em><\/p>\n\n\n\n<p class=\"wp-block-paragraph\"><em>Ya son seis veces las que me han amenazado de muerte. Una de ellas ya me forz\u00f3 a huir a toda prisa del pa\u00eds. Por la suma de todas esas amenazas y por la \u201cmuerte social\u201d que he sufrido, a mediados de junio pasado solicit\u00e9 el asilo pol\u00edtico en Suecia, donde mis habilidades ser\u00e1n m\u00e1s \u00fatiles.<\/em><\/p>\n\n\n\n<p class=\"wp-block-paragraph\"><em>Con todo el dolor de mi coraz\u00f3n vend\u00ed todas mis cosas en M\u00e9xico, me desped\u00ed de mi familia y, cuid\u00e1ndome la espalda, fue que llegu\u00e9 hace un mes (en junio de 2022) a esta naci\u00f3n escandinava. Esta vez he decidido salir de forma permanente y es la raz\u00f3n por la cual estoy contando esta historia; para que todo tenga sentido y que mi lucha haya valido de algo.<\/em><\/p>\n\n\n\n<p class=\"wp-block-paragraph\">Relato en <a href=\"https:\/\/undergroundperiodismo.com\/el-periodista-mexicano-que-huyo-a-suecia\/#:~:text=Tras%20una%20d%C3%A9cada%20de%20continuas,el%2016%20de%20junio%20pasado\">https:\/\/undergroundperiodismo.com\/el-periodista-mexicano-que-huyo-a-suecia\/#:~:text=Tras%20una%20d%C3%A9cada%20de%20continuas,el%2016%20de%20junio%20pasado<\/a><\/p>\n\n\n\n<h2 class=\"wp-block-heading\">Ay\u00fadanos a continuar nuestro trabajo en el exilio<\/h2>\n\n\n\n<p class=\"wp-block-paragraph\">El mensaje personalizado que recibimos hace d\u00edas sus colegas periodistas y capacitadores\/as universitarios tambi\u00e9n agita, porque aflora su naturaleza de periodista que quiere seguir haciendo lo mismo desde Suecia, a pesar de los riesgos y adem\u00e1s pide ayuda para eso:<\/p>\n\n\n\n<p class=\"wp-block-paragraph\"><em>Me encuentro en Suecia solicitando asilo\u2026acudimos a su ayuda para continuar con nuestro trabajo<\/em><\/p>\n\n\n\n<p class=\"wp-block-paragraph\"><em>La forma en que puedes ayudarnos son las siguientes:<\/em><\/p>\n\n\n\n<p class=\"wp-block-paragraph\"><em>Difundiendo o inscribi\u00e9ndote a los cursos emergentes que hemos lanzado justo para recaudar fondos para compartir nuestra metodolog\u00eda y conocimientos en estos a\u00f1os: Curso de detecci\u00f3n de Fake News y Curso de Periodismo Digital.<\/em><\/p>\n\n\n\n<p class=\"wp-block-paragraph\"><em>Tambi\u00e9n contrat\u00e1ndonos para analizar tus temas de inter\u00e9s en redes sociales, hacemos un listening muy detallado y detectamos si se usa manipulaci\u00f3n en tu contra. Tambi\u00e9n te podemos ayudar a mejorar el desempe\u00f1o de tu medio para alcanzar m\u00e1s visitas.<\/em><\/p>\n\n\n\n<p class=\"wp-block-paragraph\"><em>Donando en nuestra colecta en GoFundMe, si cada uno de ustedes nos ayudara con 5 d\u00f3lares podr\u00edamos salir al paso de esta situaci\u00f3n temporal<\/em><\/p>\n\n\n\n<p class=\"wp-block-paragraph\"><em>O bien, donando directamente v\u00eda Paypal o en transferencia en nuestra cuenta CLABE: 646180 120 628960100 Banco Rappi STP a nombre de Jos\u00e9 Alberto Escorcia Gordiano.<\/em><\/p>\n\n\n\n<p class=\"wp-block-paragraph\"><em>\u00a1Gracias por la solidaridad! Alberto (<\/em><a href=\"https:\/\/muckrack.com\/alberto-escorcia\"><em>https:\/\/muckrack.com\/alberto-escorcia<\/em><\/a><em> &nbsp;\/ @LoQueSigue_ en Twitter)<\/em><\/p>\n\n\n\n<p class=\"wp-block-paragraph\">\u00bfAlguien sabe de m\u00e1s casos de periodistas mexicanos exiliados\/as para evitar ser asesinados\/as? Podr\u00edan ser decenas. La ayuda que podamos otorgarles ser\u00e1 alivi\u00f3 temporal. La impunidad estimula m\u00e1s violencia. Las soluciones deben provenir de pol\u00edticas de Estado. Mirada de reportero<\/p>\n\n\n\n<p class=\"wp-block-paragraph\"><a href=\"mailto:rogeliohl111@gmail.com\">rogeliohl111@gmail.com<\/a><\/p>\n","protected":false},"excerpt":{"rendered":"<p>Fue estremecedor saber que, por miedo extremo, se hab\u00eda exiliado por sexta vez Alberto Escorcia, ese reportero mexicano que transit\u00f3 acelerada y extraordinariamente al manejo digital de la informaci\u00f3n hasta convertirse, probablemente en el primero de su tipo. <\/p>\n","protected":false},"author":3,"featured_media":38348,"comment_status":"open","ping_status":"open","sticky":false,"template":"","format":"standard","meta":{"_monsterinsights_skip_tracking":false,"footnotes":""},"categories":[106,35,85],"tags":[],"class_list":["post-61779","post","type-post","status-publish","format-standard","has-post-thumbnail","category-mirada-de-reportero","category-opinion","category-rogelio-hernandez-lopez"],"_links":{"self":[{"href":"https:\/\/redsemlac.com\/semmexico\/wp-json\/wp\/v2\/posts\/61779","targetHints":{"allow":["GET"]}}],"collection":[{"href":"https:\/\/redsemlac.com\/semmexico\/wp-json\/wp\/v2\/posts"}],"about":[{"href":"https:\/\/redsemlac.com\/semmexico\/wp-json\/wp\/v2\/types\/post"}],"author":[{"embeddable":true,"href":"https:\/\/redsemlac.com\/semmexico\/wp-json\/wp\/v2\/users\/3"}],"replies":[{"embeddable":true,"href":"https:\/\/redsemlac.com\/semmexico\/wp-json\/wp\/v2\/comments?post=61779"}],"version-history":[{"count":0,"href":"https:\/\/redsemlac.com\/semmexico\/wp-json\/wp\/v2\/posts\/61779\/revisions"}],"wp:featuredmedia":[{"embeddable":true,"href":"https:\/\/redsemlac.com\/semmexico\/wp-json\/wp\/v2\/media\/38348"}],"wp:attachment":[{"href":"https:\/\/redsemlac.com\/semmexico\/wp-json\/wp\/v2\/media?parent=61779"}],"wp:term":[{"taxonomy":"category","embeddable":true,"href":"https:\/\/redsemlac.com\/semmexico\/wp-json\/wp\/v2\/categories?post=61779"},{"taxonomy":"post_tag","embeddable":true,"href":"https:\/\/redsemlac.com\/semmexico\/wp-json\/wp\/v2\/tags?post=61779"}],"curies":[{"name":"wp","href":"https:\/\/api.w.org\/{rel}","templated":true}]}}