{"id":6159,"date":"2019-04-30T20:39:59","date_gmt":"2019-04-30T20:39:59","guid":{"rendered":"https:\/\/redsemlac.com\/semmexico\/?p=6159"},"modified":"2023-07-21T14:48:40","modified_gmt":"2023-07-21T19:48:40","slug":"palabra-de-mujer","status":"publish","type":"post","link":"https:\/\/redsemlac.com\/semmexico\/palabra-de-mujer\/","title":{"rendered":"Palabra de Mujer"},"content":{"rendered":"\n<p class=\"wp-block-paragraph\">Infancia fantasma<\/p>\n\n\n\n<h5 class=\"wp-block-heading\"> La violencia les alcanza<\/h5>\n\n\n\n<p class=\"wp-block-paragraph\"><a href=\"https:\/\/semmexico.com\/gallery-post.php?id=8018#\">Billy Parker<\/a><\/p>\n\n\n\n<p class=\"wp-block-paragraph\">SermM\u00e9xico, 30 abril 2019.- Devastadora imagen la de abril en M\u00e9xico. Dos peque\u00f1os sobrevivientes de un ataque armado quedan hu\u00e9rfanos, heridos, desamparados. El demoledor cuadro en Tabasco punz\u00f3 a los pocos que todav\u00eda poseen capacidad de asombro en las redes. Dos ni\u00f1os desvalidos exhiben la realidad que vive la infancia mexicana.<\/p>\n\n\n\n<p class=\"wp-block-paragraph\">La imagen es m\u00e1s que demostrativa. El de 8 a\u00f1os, sentado en la banqueta, herido en la pierna por una de las balas que mat\u00f3 a su madre y su hermana de 15 a\u00f1os; las mira, inertes, sin vida, sin nadie que le explique, lo abrace y lo acompa\u00f1e en ese tr\u00e1gico momento. Sobre el asfalto su hermanito, un beb\u00e9 de 10 meses, yace solo llorando, con una herida en la cabeza. La gente con morbo toma el video, lo sube a redes, necesitan likes, lo viralizan, quebrantan la ley.<\/p>\n\n\n\n<p class=\"wp-block-paragraph\">Nadie los protege, no hay protocolo para rescatar del trauma que viven los ni\u00f1os sobrevivientes. El mayor est\u00e1 en shock, ve la muerte sin llorar, petrificado, quebrado de miedo, en total soledad pese a los curiosos. El beb\u00e9 ensangrentado grita m\u00e1s fuerte en la brutal escena. En sus o\u00eddos resuena el artero ataque armado de unos cobardes que les arrebataron la vida a quienes los proteg\u00edan. Ni una trabajadora social, ni un param\u00e9dico que auxilie, para que ese momento no se haga eterno.<\/p>\n\n\n\n<p class=\"wp-block-paragraph\">Los morbosos cuchichean: \u00b4Tuvieron \u201cla suerte\u201d de no quedar como Santiaguito de un a\u00f1o\u00b4, doblemente ejecutado una semana antes por criminales en Minatitl\u00e1n. No saben que una semana despu\u00e9s otro peque\u00f1o de tres a\u00f1os en Acayucan, -tambi\u00e9n en Veracruz-, ser\u00eda alcanzado por las balas que arrasan a la indefensa poblaci\u00f3n civil, pese a la activaci\u00f3n de la Guardia Nacional u operativos que parecen no existir. Que los agilizan como escenograf\u00eda presidencial pero una vez que se va el jefe, se esfuman.<\/p>\n\n\n\n<p class=\"wp-block-paragraph\">A los muertos, a las ni\u00f1as y ni\u00f1os, los pone el pueblo bueno. REDIM detalla que desde la \u00abguerra\u00bb contra el crimen organizado (2006 a 2019) fueron asesinados cerca de 17 mil ni\u00f1as, ni\u00f1os y adolescentes a nivel nacional. Diariamente tres infantes perdieron la vida en los \u00faltimos tres meses, siendo Guanajuato la entidad m\u00e1s violenta, en donde nueve de cada 10 asesinatos afectaron a menores de 15 a\u00f1os.<\/p>\n\n\n\n<p class=\"wp-block-paragraph\">Entre 2015 y 2019, 284 de las v\u00edctimas eran ni\u00f1os y ni\u00f1as y en t\u00e9rmino de desaparici\u00f3n de personas, hasta abril 2018, de los 37 mil 487 desaparecidos, 6 mil 614 eran menores de edad, de los cuales ocho de cada 10 ten\u00edan entre 13 y 17 a\u00f1os. Se trata del 4 % del total de homicidios cometidos en el pa\u00eds, cifra que report\u00f3 un aumento del 42 %, sostiene la Red por la infancia. Pero el presidente L\u00f3pez Obrador niega esos datos. Amarillismo, dice.<\/p>\n\n\n\n<p class=\"wp-block-paragraph\">A ellos y ellas, los m\u00e1s indefensos, nadie los protege, salva o resguarda de los delitos que los hace mercanc\u00eda: trata, venta de \u00f3rganos o explotaci\u00f3n sexual, leva de carteles y asesinatos. Y los ni\u00f1os lo saben, marc\u00e1ndoles de por vida. No hay protocolos para rescatarlos del infierno en que, esas balas o comercios il\u00edcitos, los dejan. Ni en el momento, ni despu\u00e9s. En M\u00e9xico, se estima que el 62 % de ni\u00f1as, ni\u00f1os y adolescentes ha sufrido maltratos f\u00edsicos, emocionales o sexuales en alg\u00fan momento de sus vidas lo que afecta su desarrollo f\u00edsico y mental, dejando marcas de por vida (ONU).<\/p>\n\n\n\n<p class=\"wp-block-paragraph\">Expertos revelan que dichas cifras pueden identificar a una \u201csociedad sanguinaria\u201d incapaz de proteger la vida de los ni\u00f1os y ni\u00f1as que habitan en el pa\u00eds. No hay Estado para ellos porque no tienen voz y con ellos los condenan, sin darse cuenta o -con total consciencia- al olvido y abandono, y que al final del camino los lleva a empu\u00f1ar un arma.&nbsp;<\/p>\n\n\n\n<p class=\"wp-block-paragraph\">Cuando la gente se pregunta sobre la escalada en la sa\u00f1a de los criminales es porque ha invisibilizado a estos ni\u00f1os y ni\u00f1as del pa\u00eds. Infancia fantasma que se alimentan en el estr\u00e9s t\u00f3xico y que reaparecen en el escenario para incrementar la sa\u00f1a en la violencia de la terrible guerra contra y del narcotr\u00e1fico, que inici\u00f3 en el 2006, porque a ellos as\u00ed los trataron, sostienen especialistas.<\/p>\n\n\n\n<p class=\"wp-block-paragraph\">En casi dos d\u00e9cadas las v\u00edctimas infantiles del crimen organizado y una sociedad que los relega aumentan, pero no contabilizan a los hu\u00e9rfanos, a quienes reviven el momento que vivieron todos los d\u00edas de su vida, sin que nadie les eche una mano para reingresarlos socialmente a un escenario de leyes, porque para ellos no las hay. En la mayor\u00eda de los casos los cr\u00edmenes de sus familiares quedan impunes o ello\/as son mercanc\u00eda del crimen.<\/p>\n\n\n\n<p class=\"wp-block-paragraph\">Para los agresores no hay sanci\u00f3n, la ley general de derechos de ni\u00f1os y ni\u00f1as y adolescentes no es aplicada. El sistema nacional de protecci\u00f3n integral a la infancia es letra muerta y este gobierno los hace fantasmas para erradicar programar que velan por sus derechos, para negar la realidad o para lo que se necesite.<\/p>\n\n\n\n<p class=\"wp-block-paragraph\">V\u00edctimas colaterales les llaman para justificar su inacci\u00f3n, sus omisiones, su deshumanizaci\u00f3n, pero, sobre todo, la poca inteligencia de ver el futuro de esos ni\u00f1os afectados por una sociedad que los borra. Las secuelas de quienes pasan por la experiencia de una ejecuci\u00f3n, sobrevivir y ver a su familia muerta. Efectos que casi son los mismos en los ni\u00f1os y ni\u00f1as que los ven en las pantallas de sus dispositivos m\u00f3viles o en los noticiarios. La Infancia mexicana vive hechos que los contaminan, agreden, insensibilizan.<\/p>\n\n\n\n<p class=\"wp-block-paragraph\">Aprenden que la vida no vale. As\u00ed funciona el poder y la autoridad dec\u00eda el periodista Javier Vald\u00e9s, ultimado por el Crimen organizado. \u201cLa sensaci\u00f3n de impotencia y la certeza de que contra la mafia no se puede hacer nada\u201d. La actitud de la autoridad siempre es la misma; se les deja solos olvidados, carcomi\u00e9ndose con un sentimiento de odio que tarde o temprano sacar\u00e1n. Porque enfrentan la sensaci\u00f3n de que nunca estar\u00e1s a salvo porque los dejaron solos, solas. Los agredidos ser\u00e1n agresores con el tiempo.<\/p>\n\n\n\n<p class=\"wp-block-paragraph\">\u00bfQu\u00e9 tipo de sociedad mata a sus ni\u00f1os f\u00edsica o moralmente? Raz\u00f3nelo cuando vea como desde la aplanadora de un partido en legislativo pasa por encima de los ni\u00f1os y ni\u00f1as enfermas de c\u00e1ncer para evitar que sus padres tengan la oportunidad de cuidarlos, de mantener su mano mientras se les extingue la vida, o \u00bfser\u00e1 para que no se den cuenta que no les proporcionan los medicamentos?<\/p>\n\n\n\n<p class=\"wp-block-paragraph\">Y lo vemos en el caso de las estancias infantiles, al negarles comer con la cancelaci\u00f3n de comedores comunitarios, o su derecho a la educaci\u00f3n b\u00e1sica porque simplemente no es redituable la inversi\u00f3n rumbo a las urnas. La no b\u00fasqueda de los ni\u00f1os desaparecidos; las ni\u00f1as y ni\u00f1os migrantes explotados, v\u00edctimas de la trata y la misma polic\u00eda. Encerrados, invisibilizados, utilizados sin esc\u00e1ndalo. Son la infancia fantasma que usted no ve.<\/p>\n\n\n\n<p class=\"wp-block-paragraph\">Dir. BillieParkerNoticias.com<\/p>\n","protected":false},"excerpt":{"rendered":"<p>Infancia fantasma La violencia les alcanza Billy Parker SermM\u00e9xico, 30 abril 2019.- Devastadora imagen la de abril en M\u00e9xico. Dos peque\u00f1os sobrevivientes de un ataque armado quedan hu\u00e9rfanos, heridos, desamparados. El demoledor cuadro en Tabasco punz\u00f3 a los pocos que todav\u00eda poseen capacidad de asombro en las redes. Dos ni\u00f1os desvalidos exhiben la realidad que [&hellip;]<\/p>\n","protected":false},"author":3,"featured_media":6161,"comment_status":"open","ping_status":"open","sticky":false,"template":"","format":"standard","meta":{"_monsterinsights_skip_tracking":false,"footnotes":""},"categories":[690,81,35,108,1],"tags":[],"class_list":["post-6159","post","type-post","status-publish","format-standard","has-post-thumbnail","category-690","category-billy-parker","category-opinion","category-palabra-de-mujer","category-uncategorized"],"_links":{"self":[{"href":"https:\/\/redsemlac.com\/semmexico\/wp-json\/wp\/v2\/posts\/6159","targetHints":{"allow":["GET"]}}],"collection":[{"href":"https:\/\/redsemlac.com\/semmexico\/wp-json\/wp\/v2\/posts"}],"about":[{"href":"https:\/\/redsemlac.com\/semmexico\/wp-json\/wp\/v2\/types\/post"}],"author":[{"embeddable":true,"href":"https:\/\/redsemlac.com\/semmexico\/wp-json\/wp\/v2\/users\/3"}],"replies":[{"embeddable":true,"href":"https:\/\/redsemlac.com\/semmexico\/wp-json\/wp\/v2\/comments?post=6159"}],"version-history":[{"count":0,"href":"https:\/\/redsemlac.com\/semmexico\/wp-json\/wp\/v2\/posts\/6159\/revisions"}],"wp:featuredmedia":[{"embeddable":true,"href":"https:\/\/redsemlac.com\/semmexico\/wp-json\/wp\/v2\/media\/6161"}],"wp:attachment":[{"href":"https:\/\/redsemlac.com\/semmexico\/wp-json\/wp\/v2\/media?parent=6159"}],"wp:term":[{"taxonomy":"category","embeddable":true,"href":"https:\/\/redsemlac.com\/semmexico\/wp-json\/wp\/v2\/categories?post=6159"},{"taxonomy":"post_tag","embeddable":true,"href":"https:\/\/redsemlac.com\/semmexico\/wp-json\/wp\/v2\/tags?post=6159"}],"curies":[{"name":"wp","href":"https:\/\/api.w.org\/{rel}","templated":true}]}}