{"id":6156,"date":"2016-07-11T20:37:06","date_gmt":"2016-07-11T20:37:06","guid":{"rendered":"https:\/\/redsemlac.com\/semmexico\/?p=6156"},"modified":"2023-07-21T14:23:46","modified_gmt":"2023-07-21T19:23:46","slug":"30-anos-y-seguir-luchando-de-la-misma-forma-nos-dara-resultado-diferente","status":"publish","type":"post","link":"https:\/\/redsemlac.com\/semmexico\/30-anos-y-seguir-luchando-de-la-misma-forma-nos-dara-resultado-diferente\/","title":{"rendered":"\u00bf30 a\u00f1os y seguir luchando de la misma forma nos dar\u00e1 resultado diferente?"},"content":{"rendered":"\n<p class=\"wp-block-paragraph\">\u00bf30 a\u00f1os y seguir luchando de la misma forma nos dar\u00e1 resultado diferente?<\/p>\n\n\n\n<h5 class=\"wp-block-heading\"> \u00bf30 a\u00f1os y seguir luchando de la misma forma nos dar\u00e1 resultado diferente?<\/h5>\n\n\n\n<p class=\"wp-block-paragraph\"><a href=\"https:\/\/semmexico.com\/gallery-post.php?id=247#\">Martha Barrag\u00e1n<\/a><\/p>\n\n\n\n<p class=\"wp-block-paragraph\">Martha Barrag\u00e1n<br><br>SemM\u00e9xico. 11 julio 2016.- Aunque no estoy de acuerdo con la \u201cReforma Educativa\u201d; que no es educativa y no estoy de acuerdo con la situaci\u00f3n de la educaci\u00f3n b\u00e1sica en M\u00e9xico, ni la media ni la profesional, aunque no estoy de acuerdo con las condiciones de las escuelas en M\u00e9xico, el nivel educativo de los y las mexicanas, el nivel de analfabetismo, la falta de oportunidades de un derecho b\u00e1sico como lo es la educaci\u00f3n.<br><br>Y aunque no est\u00e9 de acuerdo con todas esta situaci\u00f3n, tampoco estoy de acuerdo con La forma en que los maestros pretenden enfrentar este conflicto que ya tiene 30 a\u00f1os y cerca de cada elecci\u00f3n presidencial se vuelven un atractivo capital pol\u00edtico que m\u00e1s que buscar un significativo cambio educativo buscan favorecer a alg\u00fan grupo pol\u00edtico o alg\u00fan pol\u00edtico en espec\u00edfico. Y si con todo este \u201csospechosismo\u201d; me equivocara y no fuera as\u00ed y que las demandas son genuinas, que cada vez que salen a marchar tienen en mente defender la educaci\u00f3n para tener estudiantes con pensamiento cr\u00edtico, con preparaci\u00f3n suficiente para contrarrestar a la corrupci\u00f3n, la incapacidad de algunos gobernantes y autoridades educativas\u2026<br><br>\u00bfC\u00f3mo es que una marcha contribuye a lograr eso? \u00bfPor qu\u00e9 en 30 a\u00f1os no se han dise\u00f1ado otras estrategias de lucha que no pongan en peligro a las personas? \u00bfPor qu\u00e9 no se dise\u00f1a otra estrategia para lograr RESULTADOS sin da\u00f1ar a la econom\u00eda local? \u00bfPor qu\u00e9 no clarifica el mensaje de la lucha y se busca empat\u00eda con el pueblo?<br><br>\u00bfPor qu\u00e9 no logran que M\u00e9xico despierte?, yo creo que no queremos despertar y encontrarnos con una guerra, creo que podemos ser muy creativos y desde la responsabilidad social, laboral y personal gestionar los cambio que requiere nuestro pa\u00eds.<br><br>Volvernos cr\u00edticos, productivos, demandantes, agentes de cambio, ser el cambio.<br><br>Necesitamos innovaci\u00f3n para avanzar m\u00e1s, para abatir la desigualdad social y hacerlo en un clima de paz.<br><br>Solo digo, esta es mi reflexi\u00f3n\u2026 \u00bfT\u00fa que piensas? o \u00bfQu\u00e9 M\u00e9xico quieres?<br><br>Con reflexi\u00f3n\u2026 Mar<br><\/p>\n","protected":false},"excerpt":{"rendered":"<p>\u00bf30 a\u00f1os y seguir luchando de la misma forma nos dar\u00e1 resultado diferente? \u00bf30 a\u00f1os y seguir luchando de la misma forma nos dar\u00e1 resultado diferente? Martha Barrag\u00e1n Martha Barrag\u00e1n SemM\u00e9xico. 11 julio 2016.- Aunque no estoy de acuerdo con la \u201cReforma Educativa\u201d; que no es educativa y no estoy de acuerdo con la situaci\u00f3n [&hellip;]<\/p>\n","protected":false},"author":3,"featured_media":5942,"comment_status":"open","ping_status":"open","sticky":false,"template":"","format":"standard","meta":{"_monsterinsights_skip_tracking":false,"footnotes":""},"categories":[688,80,1],"tags":[],"class_list":["post-6156","post","type-post","status-publish","format-standard","has-post-thumbnail","category-688","category-martha-barragan","category-uncategorized"],"_links":{"self":[{"href":"https:\/\/redsemlac.com\/semmexico\/wp-json\/wp\/v2\/posts\/6156","targetHints":{"allow":["GET"]}}],"collection":[{"href":"https:\/\/redsemlac.com\/semmexico\/wp-json\/wp\/v2\/posts"}],"about":[{"href":"https:\/\/redsemlac.com\/semmexico\/wp-json\/wp\/v2\/types\/post"}],"author":[{"embeddable":true,"href":"https:\/\/redsemlac.com\/semmexico\/wp-json\/wp\/v2\/users\/3"}],"replies":[{"embeddable":true,"href":"https:\/\/redsemlac.com\/semmexico\/wp-json\/wp\/v2\/comments?post=6156"}],"version-history":[{"count":0,"href":"https:\/\/redsemlac.com\/semmexico\/wp-json\/wp\/v2\/posts\/6156\/revisions"}],"wp:featuredmedia":[{"embeddable":true,"href":"https:\/\/redsemlac.com\/semmexico\/wp-json\/wp\/v2\/media\/5942"}],"wp:attachment":[{"href":"https:\/\/redsemlac.com\/semmexico\/wp-json\/wp\/v2\/media?parent=6156"}],"wp:term":[{"taxonomy":"category","embeddable":true,"href":"https:\/\/redsemlac.com\/semmexico\/wp-json\/wp\/v2\/categories?post=6156"},{"taxonomy":"post_tag","embeddable":true,"href":"https:\/\/redsemlac.com\/semmexico\/wp-json\/wp\/v2\/tags?post=6156"}],"curies":[{"name":"wp","href":"https:\/\/api.w.org\/{rel}","templated":true}]}}