{"id":61522,"date":"2023-01-16T18:33:12","date_gmt":"2023-01-17T00:33:12","guid":{"rendered":"https:\/\/redsemlac.com\/semmexico\/?p=61522"},"modified":"2023-01-16T18:33:14","modified_gmt":"2023-01-17T00:33:14","slug":"denuncia-maria-elena-rios-que-su-agresor-podria-llevar-el-proceso-en-libertad","status":"publish","type":"post","link":"https:\/\/redsemlac.com\/semmexico\/denuncia-maria-elena-rios-que-su-agresor-podria-llevar-el-proceso-en-libertad\/","title":{"rendered":"Denuncia Mar\u00eda Elena R\u00edos que su agresor podr\u00eda llevar el proceso en libertad"},"content":{"rendered":"\n<ul class=\"wp-block-list\">\n<li><strong>Afirma que autoridades de la Secretar\u00eda de Seguridad Publica pretend\u00edan liberar a Juan Antonio V.<\/strong><\/li>\n<\/ul>\n\n\n\n<ul class=\"wp-block-list\">\n<li><strong>El juez Te\u00f3dulo Pacheco permiti\u00f3 que se contin\u00fae en audiencia a pesar de violar el debido proceso<\/strong><\/li>\n<\/ul>\n\n\n\n<p class=\"wp-block-paragraph\"><strong>Patricia Brise\u00f1o<\/strong><\/p>\n\n\n\n<p class=\"wp-block-paragraph\">SemM\u00e9xico, Oaxaca, 16 de enero, 2023.- Mar\u00eda Elena R\u00edos Ortiz, v\u00edctima de intento de feminicidio denunci\u00f3 que autoridades de la Secretar\u00eda de Seguridad P\u00fablica del Estado, responsable del penal varonil de San Francisco Tanivet, Oaxaca, pretend\u00edan liberar a Juan Antonio V., quien intent\u00f3 privarla de la vida.<\/p>\n\n\n\n<p class=\"wp-block-paragraph\">A trav\u00e9s de su cuenta en la red social twitter, la saxofonista pidi\u00f3 a sus seguidores compartir esta inquietud; \u201clucho por no ser el 95 por ciento de impunidad en este pa\u00eds\u201d, asent\u00f3.<\/p>\n\n\n\n<p class=\"wp-block-paragraph\">Tambi\u00e9n lanz\u00f3 la pregunta al Tribunal Superior de Justicia del Estado (TSJE), encabezado, por Eduardo Pinacho, en el sentido de que si permitir\u00eda tal situaci\u00f3n.<\/p>\n\n\n\n<p class=\"wp-block-paragraph\">Antes, la tambi\u00e9n activista inform\u00f3 en una carta que este 16 de enero se celebrar\u00eda una audiencia alrededor de las 15:00 horas, a petici\u00f3n del autor intelectual del ataque, quien apel\u00f3 al beneficio de la prisi\u00f3n preventiva, al buscar su liberaci\u00f3n.<\/p>\n\n\n\n<p class=\"wp-block-paragraph\">\u201cSe le solicit\u00f3 a la defensa del imputado, el descubrimiento probatorio desde hace dos meses y no lo hizo hasta el d\u00eda de hoy a las 11 de la ma\u00f1ana\u201d, expuso.<\/p>\n\n\n\n<p class=\"wp-block-paragraph\">\u201cEn violaci\u00f3n al debido proceso y a mi derecho a la igualdad, el juez Te\u00f3dulo Pacheco Pacheco, permiti\u00f3 que se contin\u00fae en audiencia para liberar a quien me agredi\u00f3 (con \u00e1cido) sin aportar en igualdad, para poder refutar con mis peritos\u201d.<\/p>\n\n\n\n<p class=\"wp-block-paragraph\">De acuerdo R\u00edos Ortiz, \u201cel juzgador est\u00e1 actuando de manera totalmente parcial con mi agresor. El actuar de este juez da la sensaci\u00f3n a lo que m\u00e1s tem\u00eda, que por el poder econ\u00f3mico y pol\u00edtico que posee, ya se haya llegado a un acuerdo y quede mi proceso en total impunidad\u201d.<\/p>\n\n\n\n<p class=\"wp-block-paragraph\">De ah\u00ed que, R\u00edos Ortiz solicit\u00f3 difundir esta informaci\u00f3n, pues, \u201ctengo miedo que hoy liberen a mi agresor\u201d, dijo.<\/p>\n\n\n\n<p class=\"wp-block-paragraph\">Se espera que en las pr\u00f3ximas horas concluya la audiencia y se conocer\u00e1 si el juez Pacheco Pacheco accede a la petici\u00f3n del inculpado de seguir en libertad el proceso judicial en su contra por intento de feminicidio en contra de Mar\u00eda Elena R\u00edos, en septiembre de 2019.<\/p>\n\n\n\n<p class=\"wp-block-paragraph\">SEM\/pb\/sj<\/p>\n","protected":false},"excerpt":{"rendered":"<p>El juez Te\u00f3dulo Pacheco permiti\u00f3 que se contin\u00fae en audiencia a pesar de violar el debido proceso<\/p>\n","protected":false},"author":3,"featured_media":61523,"comment_status":"open","ping_status":"open","sticky":false,"template":"","format":"standard","meta":{"_monsterinsights_skip_tracking":false,"footnotes":""},"categories":[47,48],"tags":[],"class_list":["post-61522","post","type-post","status-publish","format-standard","has-post-thumbnail","category-no-mas-impunidad","category-no-mas-impunidad-no-mas-impunidad"],"_links":{"self":[{"href":"https:\/\/redsemlac.com\/semmexico\/wp-json\/wp\/v2\/posts\/61522","targetHints":{"allow":["GET"]}}],"collection":[{"href":"https:\/\/redsemlac.com\/semmexico\/wp-json\/wp\/v2\/posts"}],"about":[{"href":"https:\/\/redsemlac.com\/semmexico\/wp-json\/wp\/v2\/types\/post"}],"author":[{"embeddable":true,"href":"https:\/\/redsemlac.com\/semmexico\/wp-json\/wp\/v2\/users\/3"}],"replies":[{"embeddable":true,"href":"https:\/\/redsemlac.com\/semmexico\/wp-json\/wp\/v2\/comments?post=61522"}],"version-history":[{"count":0,"href":"https:\/\/redsemlac.com\/semmexico\/wp-json\/wp\/v2\/posts\/61522\/revisions"}],"wp:featuredmedia":[{"embeddable":true,"href":"https:\/\/redsemlac.com\/semmexico\/wp-json\/wp\/v2\/media\/61523"}],"wp:attachment":[{"href":"https:\/\/redsemlac.com\/semmexico\/wp-json\/wp\/v2\/media?parent=61522"}],"wp:term":[{"taxonomy":"category","embeddable":true,"href":"https:\/\/redsemlac.com\/semmexico\/wp-json\/wp\/v2\/categories?post=61522"},{"taxonomy":"post_tag","embeddable":true,"href":"https:\/\/redsemlac.com\/semmexico\/wp-json\/wp\/v2\/tags?post=61522"}],"curies":[{"name":"wp","href":"https:\/\/api.w.org\/{rel}","templated":true}]}}