{"id":61516,"date":"2023-01-16T18:26:54","date_gmt":"2023-01-17T00:26:54","guid":{"rendered":"https:\/\/redsemlac.com\/semmexico\/?p=61516"},"modified":"2023-01-16T18:26:56","modified_gmt":"2023-01-17T00:26:56","slug":"es-la-era-de-las-mujeres-beatriz-paredes-rangel","status":"publish","type":"post","link":"https:\/\/redsemlac.com\/semmexico\/es-la-era-de-las-mujeres-beatriz-paredes-rangel\/","title":{"rendered":"Es la era de las mujeres: Beatriz Paredes Rangel"},"content":{"rendered":"\n<ul class=\"wp-block-list\">\n<li><strong>Los grandes problemas nacionales les son ajenos al di\u00e1logo entre pol\u00edticos y pol\u00edticas.<\/strong><\/li>\n<\/ul>\n\n\n\n<ul class=\"wp-block-list\">\n<li><strong>Reitera que buscar\u00e1 la candidatura a la presidencia en 2024 mediante una gran alianza nacional.<\/strong><\/li>\n<\/ul>\n\n\n\n<p class=\"wp-block-paragraph\"><strong>Sara Lovera<\/strong><\/p>\n\n\n\n<p class=\"wp-block-paragraph\">SemM\u00e9xico, Ciudad de M\u00e9xico, 16 de enero del 2023.- Esta es la era de las mujeres, de la sociedad civil, del di\u00e1logo, de la revoluci\u00f3n cient\u00edfica y tecnol\u00f3gica, del medio ambiente y la ecolog\u00eda, todos temas sustantivos que est\u00e1n ajenos a la reflexi\u00f3n colectiva y al di\u00e1logo entre las y los pol\u00edticos, dijo hoy la senadora pri\u00edsta Beatriz Paredes Rangel, al reiterar su aspiraci\u00f3n a ser candidata presidencial en 2024.<\/p>\n\n\n\n<p class=\"wp-block-paragraph\">En conferencia de prensa a la que ella cit\u00f3, ah\u00ed en el Senado de la Rep\u00fablica, asegur\u00f3 que no es una mujer de cargos, sino de causas, luego de haber escalado desde una diputaci\u00f3n local hasta la dirigencia de su partido, tres veces subsecretaria de Gobernaci\u00f3n, embajadora y la segunda mujer elegida como gobernadora en nuestra historia, en Tlaxcala, en 1987.<\/p>\n\n\n\n<p class=\"wp-block-paragraph\">En un breve mensaje, para referirse a los retos de las elecciones en el Estado de M\u00e9xico y Coahuila, cuyos procesos acaban de arrancar, advirti\u00f3 que en 2024 la competencia ser\u00e1 feroz, cuando es indispensable recuperar la paz interior y la tranquilidad en la convivencia, tiempos dif\u00edciles que obliga a intentar nuevas formas de hacer pol\u00edtica.<\/p>\n\n\n\n<p class=\"wp-block-paragraph\">Critic\u00f3 que los grandes temas nacionales y de fondo, sean ajenos a la reflexi\u00f3n colectiva y al di\u00e1logo entre las y los pol\u00edticos, por lo que, propuso que es esencial renovar los cauces de participaci\u00f3n de la sociedad civil y sacudir las estructuras partidarias.<\/p>\n\n\n\n<figure class=\"wp-block-image size-large\"><a href=\"https:\/\/redsemlac.com\/semmexico\/wp-content\/uploads\/2023\/01\/WhatsApp-Image-2023-01-16-at-5.36.19-PM-1.jpeg\"><img decoding=\"async\" src=\"https:\/\/redsemlac.com\/semmexico\/wp-content\/uploads\/2023\/01\/WhatsApp-Image-2023-01-16-at-5.36.19-PM-1-1024x576.jpeg\" alt=\"\" class=\"wp-image-61519\"\/><\/a><\/figure>\n\n\n\n<p class=\"wp-block-paragraph\">Beatriz Elena, con casi 50 a\u00f1os de actividad pol\u00edtica, inform\u00f3 que tiene una responsabilidad partidaria en el Estado de M\u00e9xico donde se renovar\u00e1 el puesto de gobernador -donde habr\u00e1 en junio una nueva gobernadora-, la entidad m\u00e1s poblada del pa\u00eds y la que tiene el mayor n\u00famero de electores y electoras: 12.6 millones de personas est\u00e1n inscritas en el padr\u00f3n electoral.<\/p>\n\n\n\n<p class=\"wp-block-paragraph\">Derivada la conferencia a temas de coyuntura por las y los reporteros, advirti\u00f3 que \u201clas corcholatas\u201d tienen que demostrar que no hay uso de recursos p\u00fablicos, que deb\u00edan renunciar a sus cargos del funcionariado oficial, que el nuevo partido de Estado, critic\u00f3 antes que el gobierno metiera las manos en los procesos electorales, ahora, resulta que est\u00e1n metidos, con todo, y se trata de uno de los retrocesos democr\u00e1ticos que la sociedad mexicana no tiene por qu\u00e9 admitir y agreg\u00f3 \u201cme parece, porque adem\u00e1s si andan recorriendo el pa\u00eds, en momentos donde las responsabilidades p\u00fablicas requieren toda su atenci\u00f3n pues de repente pasan cosas, y eso no es bueno para nadie\u201d, en clara alusi\u00f3n a la jefa de gobierno Claudia Sheinbaum Pardo, quien andaba promovi\u00e9ndose en Michoac\u00e1n el 7 de enero, donde un choque de trenes dej\u00f3 m\u00e1s de 100 personas heridas -mayor\u00eda mujeres- y una joven de 18 a\u00f1os muerta y no lleg\u00f3 al lugar de los hechos hasta 3 horas despu\u00e9s.<\/p>\n\n\n\n<p class=\"wp-block-paragraph\">Para 2024 consider\u00f3 esencial renovar los cauces de participaci\u00f3n de la sociedad civil, sacudir las estructuras partidarias y encontrar nuevos y m\u00e1s amplios caminos para merecer la confianza ciudadana y de las nuevas generaciones.<\/p>\n\n\n\n<p class=\"wp-block-paragraph\">Y explic\u00f3 que esos problemas del pa\u00eds, y la nueva era, la de las mujeres, la motiv\u00f3 a buscar la candidatura de una gran Alianza, sobre todo de la sociedad civil reiter\u00f3, y de diversas fuerzas pol\u00edticas, \u201cconvencida de que el momento que transitamos requiere intentar nuevas formas de hacer pol\u00edtica para enfrentar lo que ser\u00e1n las condiciones de una competencia feroz\u201d, por ello \u201ccreo que el momento de la vida del pa\u00eds requiere una apertura, sobre todo a la sociedad civil, esa -que no lo dijo ayer- proscribi\u00f3 la actual administraci\u00f3n gubernamental\u201d.<\/p>\n\n\n\n<p class=\"wp-block-paragraph\">De su mensaje, de pocos minutos, donde puntualiz\u00f3 la importancia de la alianza Va por M\u00e9xico y se pronunci\u00f3 porque en los pr\u00f3ximos tiempos se instale un gobierno de coalici\u00f3n, cierta de que dirigentes y militantes de las organizaciones pol\u00edticas de esa alianza \u201centienden la complejidad de la situaci\u00f3n y la dificultad de la competencia, de ah\u00ed la necesidad de establecer el m\u00e9todo m\u00e1s incluyente posible y el m\u00e1s atractivo para fomentar la participaci\u00f3n ciudadana, el que permita presentar una candidatura ganadora en la elecci\u00f3n presidencial\u201d.<\/p>\n\n\n\n<p class=\"wp-block-paragraph\">SemM\u00e9xico destaca aqu\u00ed algunos p\u00e1rrafos sustantivos de una conferencia de prensa \u201cinusual\u201d, en la que Paredes Rangel, multientrevistada y de claros y hasta literarios mensajes en el Senado de la Rep\u00fablica, hizo esta ma\u00f1ana, como para pintar un panorama de c\u00f3mo ve este momento electoral de M\u00e9xico.<\/p>\n\n\n\n<p class=\"wp-block-paragraph\">Textual:&nbsp;<\/p>\n\n\n\n<p class=\"wp-block-paragraph\">Durante varios a\u00f1os en mi vida pol\u00edtica he participado en tareas relevantes y en diversos momentos se me pregunt\u00f3 si ten\u00eda intenciones de aspirar a la candidatura a la presidencia de la Rep\u00fablica.<\/p>\n\n\n\n<p class=\"wp-block-paragraph\">Siempre contest\u00e9 que no, que mi involucramiento en las actividades pol\u00edticas no estaba motivado por la b\u00fasqueda de posiciones, sino m\u00e1s por un compromiso con la transformaci\u00f3n del pa\u00eds y el desarrollo nacional. No soy una mujer de cargos, sino de causas.<\/p>\n\n\n\n<p class=\"wp-block-paragraph\">Plantear mi aspiraci\u00f3n para obtener la candidatura presidencial, est\u00e1 motivada por mi comprensi\u00f3n de que estamos atravesando un momento crucial en la historia de M\u00e9xico, y tal vez un momento definitorio del destino nacional.<\/p>\n\n\n\n<figure class=\"wp-block-image size-large\"><a href=\"https:\/\/redsemlac.com\/semmexico\/wp-content\/uploads\/2023\/01\/WhatsApp-Image-2023-01-16-at-5.36.18-PM.jpeg\"><img decoding=\"async\" src=\"https:\/\/redsemlac.com\/semmexico\/wp-content\/uploads\/2023\/01\/WhatsApp-Image-2023-01-16-at-5.36.18-PM-1024x576.jpeg\" alt=\"\" class=\"wp-image-61518\"\/><\/a><\/figure>\n\n\n\n<p class=\"wp-block-paragraph\">Desde mi perspectiva, la elecci\u00f3n de 2024 marcar\u00e1 no solo el futuro inmediato de nuestra patria, sino tendr\u00e1 repercusiones sobre el mediano y largo plazo, sobre las futuras d\u00e9cadas del horizonte nacional.<\/p>\n\n\n\n<p class=\"wp-block-paragraph\">En este contexto recib\u00ed con entusiasmo un anuncio alentador, el que tres partidos que se encuentran en oposici\u00f3n al actual gobierno, el Partido Revolucionario Institucional, el Partido Acci\u00f3n Nacional y el Partido de la Revoluci\u00f3n Democr\u00e1tica, hab\u00edan tomado la decisi\u00f3n de concretar la Alianza en el Estado de M\u00e9xico y en Coahuila, lo que permitir\u00e1 la realizaci\u00f3n de elecciones con una competencia mucho m\u00e1s equilibrada, que redundar\u00e1 sin duda en el fortalecimiento de la vida democr\u00e1tica en ambas entidades federativas, lo que siempre es \u00fatil para la ciudadan\u00eda.<\/p>\n\n\n\n<p class=\"wp-block-paragraph\">Me parece que el desarrollo pol\u00edtico mexicano abre la puerta con las coaliciones de gobierno a nuevas opciones para que la sociedad contemple dentro de sus expectativas, una mayor participaci\u00f3n en la toma de decisiones y gobiernos plurales, lo que puede redundar en mejor y mayor gobernanza.<\/p>\n\n\n\n<p class=\"wp-block-paragraph\">Desde mi punto de vista el momento que vive M\u00e9xico, requiere de una nueva definici\u00f3n mucho m\u00e1s participativa en el quehacer pol\u00edtico nacional.<\/p>\n\n\n\n<p class=\"wp-block-paragraph\">Considero esencial renovar los cauces de participaci\u00f3n de la sociedad civil, sacudir las estructuras partidarias y encontrar nuevos y m\u00e1s amplios caminos para merecer la confianza ciudadana y de las nuevas generaciones.<\/p>\n\n\n\n<p class=\"wp-block-paragraph\">Estamos ante el enorme desaf\u00edo de encontrar el m\u00e9todo que motive un deseo de participaci\u00f3n amplio, muy amplio, que redunde en una movilizaci\u00f3n mayoritaria en el proceso electoral, que derrote a la abstenci\u00f3n y al hacerlo, sea el mejor apoyo para triunfar sobre el oficialismo que est\u00e1 dispuesto a realizar una elecci\u00f3n de Estado con tal de retener el poder.<\/p>\n\n\n\n<p class=\"wp-block-paragraph\">El gran reto de integrar la plataforma que resuma las propuestas que requiere nuestro pa\u00eds para el reencuentro de la gran familia mexicana, para que, sin desconocer diferencias ni contradicciones, seamos capaces de impulsar lo que tenemos en com\u00fan para promover mayor desarrollo y el crecimiento econ\u00f3mico con justicia redistributiva. Se trata de reencontrarnos y no de polarizarnos.<\/p>\n\n\n\n<p class=\"wp-block-paragraph\">Estamos en la era de las mujeres, de la revoluci\u00f3n cient\u00edfica y tecnol\u00f3gica, de la preservaci\u00f3n y recuperaci\u00f3n de un medio ambiente sano y un entorno ecol\u00f3gico que le d\u00e9 viabilidad a la sociedad humana y al territorio planetario en el largo plazo.<\/p>\n\n\n\n<p class=\"wp-block-paragraph\">Etapa en donde es indispensable recuperar la paz interior y la tranquilidad en la convivencia, -pero- parecer\u00eda que los grandes temas son ajenos a la reflexi\u00f3n colectiva y al di\u00e1logo entre las y los pol\u00edticos.<\/p>\n\n\n\n<p class=\"wp-block-paragraph\">Tengo confianza de que una vez superado el cronograma electoral de 2023 en el que participaremos en la Alianza en el Estado de M\u00e9xico y Coahuila, con reales posibilidades de victoria para Va por M\u00e9xico, profundizaremos el di\u00e1logo entre las fuerzas pol\u00edticas participantes.<\/p>\n\n\n\n<p class=\"wp-block-paragraph\">Estoy cierta de que dirigentes y militantes de estas organizaciones pol\u00edticas entienden la complejidad de la situaci\u00f3n y la dificultad de la competencia, de ah\u00ed la necesidad de establecer el m\u00e9todo m\u00e1s incluyente posible y el m\u00e1s atractivo para fomentar la participaci\u00f3n ciudadana, el que permita presentar una candidatura ganadora en la elecci\u00f3n presidencial.<\/p>\n\n\n\n<p class=\"wp-block-paragraph\">Seguir\u00e9 recorriendo el pa\u00eds, convocando a simpatizantes de todas las fuerzas pol\u00edticas y de la sociedad en general, y, sobre todo, escuchando sus propuestas para integrar una plataforma de gobierno que no admita ning\u00fan retroceso en esta evoluci\u00f3n democr\u00e1tica que tan dif\u00edcil ha sido alcanzar a las mexicanas y mexicanos, que robustezca el federalismo y que precise las respuestas para encontrar y aplicar las soluciones que M\u00e9xico requiere.<\/p>\n\n\n\n<h2 class=\"wp-block-heading\"><strong>Dichos destacados en la sesi\u00f3n de preguntas y respuestas<\/strong><\/h2>\n\n\n\n<p class=\"wp-block-paragraph\">Es muy importante el avance en que haya Alianza en el Estado de M\u00e9xico y en Coahuila. El respaldo con todo y estar\u00e9 trabajando, sobre todo en el Estado de M\u00e9xico\u2026 donde me concentrar\u00e9\u2026 donde adem\u00e1s tengo una tarea encargada por el Comit\u00e9 Ejecutivo Nacional del Partido Revolucionario Institucional.<\/p>\n\n\n\n<p class=\"wp-block-paragraph\">Es fundamental el que, el proceso para la candidatura presidencial sea el proceso m\u00e1s abierto posible, no solo en el perfil de las y los candidatos, sino, sobre todo, en el perfil de quienes puedan participar en las decisiones de qui\u00e9nes deben ser las y los candidatos.<\/p>\n\n\n\n<p class=\"wp-block-paragraph\">No creo que el perfil de las y los candidatos deba ser solo de militantes de partido, si hay personalidades de la sociedad civil que quieran participar qu\u00e9 bueno.<\/p>\n\n\n\n<p class=\"wp-block-paragraph\"><em>\u00bfSer\u00eda un m\u00e9todo, digamos, de elecci\u00f3n abierta\u2026?, le preguntan: <\/em>&nbsp;Desde mi punto de vista, el m\u00e1s participativo posible.<\/p>\n\n\n\n<p class=\"wp-block-paragraph\"><em>\u00bfO sea, una primaria podr\u00eda ser?&nbsp; E<\/em>so ser\u00eda lo m\u00e1s saludable, pero ah\u00ed tendr\u00e1n que opinar todos los partidos que participen y desde luego las organizaciones civiles.<\/p>\n\n\n\n<p class=\"wp-block-paragraph\">Creo que el momento de la vida del pa\u00eds requiere una apertura, sobre todo a la sociedad civil.<\/p>\n\n\n\n<p class=\"wp-block-paragraph\"><em>Sobre los recorridos de \u201clas corcholatas\u201d, E<\/em>stoy convencida de que es fundamental recorrer el pa\u00eds, cuidando lo que se\u00f1ala la legislaci\u00f3n electoral, desde luego no utilizando en ning\u00fan momento recursos p\u00fablicos.<\/p>\n\n\n\n<figure class=\"wp-block-image size-large\"><a href=\"https:\/\/redsemlac.com\/semmexico\/wp-content\/uploads\/2023\/01\/WhatsApp-Image-2023-01-16-at-5.36.18-PM-1.jpeg\"><img decoding=\"async\" src=\"https:\/\/redsemlac.com\/semmexico\/wp-content\/uploads\/2023\/01\/WhatsApp-Image-2023-01-16-at-5.36.18-PM-1-1024x576.jpeg\" alt=\"\" class=\"wp-image-61517\"\/><\/a><\/figure>\n\n\n\n<p class=\"wp-block-paragraph\">Creo que para la sociedad es conveniente que haya ya posibilidades de di\u00e1logo constante.<\/p>\n\n\n\n<p class=\"wp-block-paragraph\">A m\u00ed lo que me importa es que podamos integrar una muy buena propuesta de gobierno. En mis di\u00e1logos con las personas de todas las regiones, por eso tengo una propuesta federalista, porque creo que todas y todos los mexicanos tienen algo que aportar, creo que quienes viven los problemas en los estados de la Rep\u00fablica, en los municipios, en las distintas zonas de nuestro pa\u00eds tienen muy claro cu\u00e1les son sus soluciones y es muy importante incorporar los puntos de vista de las regiones de nuestro pa\u00eds en las soluciones que se requieren.<\/p>\n\n\n\n<p class=\"wp-block-paragraph\">Sobre c\u00f3mo y qu\u00e9 pasa la promoci\u00f3n del presidente de Morena, Mario Delgado a las corcholatas: Me parece que la vocaci\u00f3n de difusor de las refresquer\u00edas divulgando corcholatas me sorprende, creo que no es funci\u00f3n propiamente del presidente de un partido, es m\u00e1s bien una vocaci\u00f3n de un refresquero que quiere que se den a conocer las caracter\u00edsticas del sistema de corcholatas. Estoy sorprendida, creo que la decisi\u00f3n estrat\u00e9gica que se tiene que tomar en MORENA es si sus precandidatos deben seguir siendo funcionarios p\u00fablicos o no.<\/p>\n\n\n\n<p class=\"wp-block-paragraph\">Es sorprendente, hay una confusi\u00f3n entre el rol de partido y el rol de gobierno, es dram\u00e1tico que quienes antes exig\u00edan que el gobierno sacara las manos de los procesos electorales, ahora solamente sepan comportarse como partido de Estado, es muy grave. Es uno de los retrocesos democr\u00e1ticos que la sociedad mexicana no tiene por qu\u00e9 admitir.<\/p>\n\n\n\n<p class=\"wp-block-paragraph\">Creo que el presidente adelant\u00f3 los tiempos y los adelant\u00f3 para distraer a la opini\u00f3n p\u00fablica en los procesos electorales.<\/p>\n\n\n\n<p class=\"wp-block-paragraph\">Creo que la opini\u00f3n p\u00fablica deber\u00eda estar ocupada en los temas nacionales m\u00e1s serios, m\u00e1s severos, los que aquejan a la vida nacional.<\/p>\n\n\n\n<p class=\"wp-block-paragraph\">Creo que la decisi\u00f3n de que sea la Guardia Nacional quien se pretenda resuelva el problema del Metro, cuando es un tema de car\u00e1cter t\u00e9cnico y de inversi\u00f3n, es el verdadero tema.<\/p>\n\n\n\n<p class=\"wp-block-paragraph\">Estamos planteando la necesidad de convocar a la ciudadan\u00eda, la necesidad de que no se cierren los espacios democr\u00e1ticos; si estamos planteando de que es fundamental, de que no haya retrocesos democr\u00e1ticos, pues el juez por su casa empieza, nos parece, a m\u00ed en lo personal muy importante, de que sea un m\u00e9todo equilibrado entre las fuerzas pol\u00edticas que participen y abierto a la participaci\u00f3n de la sociedad civil.<\/p>\n","protected":false},"excerpt":{"rendered":"<p>Los grandes problemas nacionales les son ajenos al di\u00e1logo entre pol\u00edticos y pol\u00edticas.<\/p>\n","protected":false},"author":3,"featured_media":61520,"comment_status":"open","ping_status":"open","sticky":false,"template":"","format":"standard","meta":{"_monsterinsights_skip_tracking":false,"footnotes":""},"categories":[50],"tags":[],"class_list":["post-61516","post","type-post","status-publish","format-standard","has-post-thumbnail","category-congreso"],"_links":{"self":[{"href":"https:\/\/redsemlac.com\/semmexico\/wp-json\/wp\/v2\/posts\/61516","targetHints":{"allow":["GET"]}}],"collection":[{"href":"https:\/\/redsemlac.com\/semmexico\/wp-json\/wp\/v2\/posts"}],"about":[{"href":"https:\/\/redsemlac.com\/semmexico\/wp-json\/wp\/v2\/types\/post"}],"author":[{"embeddable":true,"href":"https:\/\/redsemlac.com\/semmexico\/wp-json\/wp\/v2\/users\/3"}],"replies":[{"embeddable":true,"href":"https:\/\/redsemlac.com\/semmexico\/wp-json\/wp\/v2\/comments?post=61516"}],"version-history":[{"count":0,"href":"https:\/\/redsemlac.com\/semmexico\/wp-json\/wp\/v2\/posts\/61516\/revisions"}],"wp:featuredmedia":[{"embeddable":true,"href":"https:\/\/redsemlac.com\/semmexico\/wp-json\/wp\/v2\/media\/61520"}],"wp:attachment":[{"href":"https:\/\/redsemlac.com\/semmexico\/wp-json\/wp\/v2\/media?parent=61516"}],"wp:term":[{"taxonomy":"category","embeddable":true,"href":"https:\/\/redsemlac.com\/semmexico\/wp-json\/wp\/v2\/categories?post=61516"},{"taxonomy":"post_tag","embeddable":true,"href":"https:\/\/redsemlac.com\/semmexico\/wp-json\/wp\/v2\/tags?post=61516"}],"curies":[{"name":"wp","href":"https:\/\/api.w.org\/{rel}","templated":true}]}}