{"id":61514,"date":"2023-01-16T18:06:28","date_gmt":"2023-01-17T00:06:28","guid":{"rendered":"https:\/\/redsemlac.com\/semmexico\/?p=61514"},"modified":"2023-01-16T18:06:29","modified_gmt":"2023-01-17T00:06:29","slug":"palabra-de-antigona-por-favor","status":"publish","type":"post","link":"https:\/\/redsemlac.com\/semmexico\/palabra-de-antigona-por-favor\/","title":{"rendered":"Palabra de Ant\u00edgona| \u00a1Por favor! \u00a0"},"content":{"rendered":"\n<p class=\"wp-block-paragraph\"><strong>Sara Lovera*<\/strong><\/p>\n\n\n\n<p class=\"wp-block-paragraph\">SemM\u00e9xico, Ciudad de M\u00e9xico, 16 de enero del 2023.- La periodista catalana Alicia Oliver le hizo una larga entrevista a Lucha Castro, una abogada y activista de Chihuahua quien durante casi tres d\u00e9cadas ha luchado contra el feminicidio. Quien vivi\u00f3 c\u00f3mo fue que surgi\u00f3 la palabra feminicidio en M\u00e9xico, o el asesinato de una mujer s\u00f3lo por ser mujer. Ella sabe cu\u00e1ntas cosas ha realizado la sociedad civil, el movimiento feminista y las legisladoras para que este crimen insultante est\u00e9 en el pensamiento y la memoria en millones de personas.<\/p>\n\n\n\n<p class=\"wp-block-paragraph\">Cuando le\u00ed la entrevista me di cuenta cu\u00e1nta falta de conocimiento, compromiso y emoci\u00f3n hay en la clase pol\u00edtica, que act\u00faa y se conduce sin inter\u00e9s sobre un fen\u00f3meno que tiene como fondo sustantivo la discriminaci\u00f3n de la mitad del mundo que somos las mujeres. De qu\u00e9 tama\u00f1o es su impericia, vaya, ni siquiera recuerdan que las mujeres de Ciudad Ju\u00e1rez, nos alertaron hace 30 a\u00f1os sobre lo que significa y lastima el feminicidio a la democracia.<\/p>\n\n\n\n<p class=\"wp-block-paragraph\">Vi que reina la banalidad, tanto en \u00e1reas de \u201cinvestigaci\u00f3n\u201d, como de estad\u00edstica o difusi\u00f3n de cifras inconexas que no explican el fondo de esa violaci\u00f3n a los derechos humanos. Es dolorosa la incomprensi\u00f3n. Ni idea de c\u00f3mo atajarlo o erradicarlo; hoy vemos s\u00f3lo acciones disparatadas desde la oficialidad que muestra escasa sensibilidad e ignorancia sobre el origen de la violencia contra las mujeres. Mientras los gobiernos, buscan ocultar la realidad o la justifican.<\/p>\n\n\n\n<p class=\"wp-block-paragraph\">En los \u00faltimos a\u00f1os en M\u00e9xico no hay escucha para las familias lastimadas, para las madres organizadas, ni para quienes acompa\u00f1an a esas madres o familias. Y algo, m\u00e1s grave, es el desprecio a la denuncia, a la lucha por la justicia, indiferencia al dolor, c\u00f3mo si \u00e9ste no fuera una expresi\u00f3n pol\u00edtica.<\/p>\n\n\n\n<p class=\"wp-block-paragraph\">Carecen de memoria sobre la lucha emprendida por las mujeres para la erradicaci\u00f3n de este crimen, difundiendo qu\u00e9 es lo que produce tantas muertes -cerca de 20 al d\u00eda-, y me ofende la discusi\u00f3n cuando se discute si es o no \u201cun feminicidio\u201d, con argumentos miserables, sostenidos en una ideolog\u00eda patriarcal.<\/p>\n\n\n\n<p class=\"wp-block-paragraph\">La discriminaci\u00f3n y la violencia contra las mujeres no puede banalizarse. Veo al funcionariado p\u00fablico justificando sistem\u00e1ticamente su incapacidad; no encuentro un debate profundo, \u00bfPor qu\u00e9 se violenta a las mujeres, porque se las asesina?, \u00bfqu\u00e9 significa la violencia feminicida contra la mitad de la poblaci\u00f3n? No. M\u00e1s bien los gobiernos desprecian a quienes advierten, todos los d\u00edas, la idea equivocada de la diferencia sexual y c\u00f3mo \u00e9sta entra\u00f1a a la violencia feminicida.<\/p>\n\n\n\n<p class=\"wp-block-paragraph\">La actual administraci\u00f3n derrumb\u00f3 la pol\u00edtica de la capacitaci\u00f3n, la ense\u00f1anza y la atenci\u00f3n para caminar hacia la paz verdadera; no le importa que urge instalar un pensamiento que cambie en millones de cerebros patriarcales, en cuerpos de hombres o mujeres para atajar la afirmaci\u00f3n cotidiana del sistema patriarcal.<\/p>\n\n\n\n<p class=\"wp-block-paragraph\">Banalizan el contenido, el crimen, las conductas militaristas y horrendas. No reconocen que ese es el caldo de cultivo para la violencia y la impunidad.<\/p>\n\n\n\n<p class=\"wp-block-paragraph\">Escucho perpleja, la cantaleta oficial, \u201cse las apoya\u201d y \u201cno hay impunidad\u201d eso y nada es igual. Urge buscar el ant\u00eddoto, es obligaci\u00f3n del Estado y sus gobiernos.<\/p>\n\n\n\n<p class=\"wp-block-paragraph\">Es f\u00fatil el discurso vac\u00edo de la no violencia contra las mujeres, mientras se yergue el autoritarismo, la reyerta y la polarizaci\u00f3n pol\u00edtica. Veo a las mujeres en el poder aplaudiendo las medidas policiacas y militares. \u00bfPor qu\u00e9 les sorprende que las nuevas feministas protesten? \u00bfPor qu\u00e9 las reprimen?, hoy una buena lectura puede ser esta experiencia de Lucha Castro: <a href=\"https:\/\/redsemlac.com\/semmexico\/lucha-castro-colocamos-en-la-agenda-internacional-el-fenomeno-del-feminicidio\/\">https:\/\/redsemlac.com\/semmexico\/lucha-castro-colocamos-en-la-agenda-internacional-el-fenomeno-del-feminicidio\/<\/a> para recuperar la memoria o enterarse, ahora que tantas mujeres gobiernan y otras muchas&nbsp; quieren gobernar. Veremos<\/p>\n\n\n\n<p class=\"wp-block-paragraph\">*Periodista, directora del portal informativo semmexico.mx<\/p>\n","protected":false},"excerpt":{"rendered":"<p>La periodista catalana Alicia Oliver le hizo una larga entrevista a Lucha Castro, una abogada y activista de Chihuahua quien durante casi tres d\u00e9cadas ha luchado contra el feminicidio. <\/p>\n","protected":false},"author":3,"featured_media":39392,"comment_status":"open","ping_status":"open","sticky":false,"template":"","format":"standard","meta":{"_monsterinsights_skip_tracking":false,"footnotes":""},"categories":[35,95,69],"tags":[459],"class_list":["post-61514","post","type-post","status-publish","format-standard","has-post-thumbnail","category-opinion","category-palabra-de-antigona","category-sara-lovera","tag-opinion"],"_links":{"self":[{"href":"https:\/\/redsemlac.com\/semmexico\/wp-json\/wp\/v2\/posts\/61514","targetHints":{"allow":["GET"]}}],"collection":[{"href":"https:\/\/redsemlac.com\/semmexico\/wp-json\/wp\/v2\/posts"}],"about":[{"href":"https:\/\/redsemlac.com\/semmexico\/wp-json\/wp\/v2\/types\/post"}],"author":[{"embeddable":true,"href":"https:\/\/redsemlac.com\/semmexico\/wp-json\/wp\/v2\/users\/3"}],"replies":[{"embeddable":true,"href":"https:\/\/redsemlac.com\/semmexico\/wp-json\/wp\/v2\/comments?post=61514"}],"version-history":[{"count":0,"href":"https:\/\/redsemlac.com\/semmexico\/wp-json\/wp\/v2\/posts\/61514\/revisions"}],"wp:featuredmedia":[{"embeddable":true,"href":"https:\/\/redsemlac.com\/semmexico\/wp-json\/wp\/v2\/media\/39392"}],"wp:attachment":[{"href":"https:\/\/redsemlac.com\/semmexico\/wp-json\/wp\/v2\/media?parent=61514"}],"wp:term":[{"taxonomy":"category","embeddable":true,"href":"https:\/\/redsemlac.com\/semmexico\/wp-json\/wp\/v2\/categories?post=61514"},{"taxonomy":"post_tag","embeddable":true,"href":"https:\/\/redsemlac.com\/semmexico\/wp-json\/wp\/v2\/tags?post=61514"}],"curies":[{"name":"wp","href":"https:\/\/api.w.org\/{rel}","templated":true}]}}