{"id":61511,"date":"2023-01-16T18:01:06","date_gmt":"2023-01-17T00:01:06","guid":{"rendered":"https:\/\/redsemlac.com\/semmexico\/?p=61511"},"modified":"2023-01-16T18:01:08","modified_gmt":"2023-01-17T00:01:08","slug":"mujeres-y-politica-violencia-machista-mata","status":"publish","type":"post","link":"https:\/\/redsemlac.com\/semmexico\/mujeres-y-politica-violencia-machista-mata\/","title":{"rendered":"Mujeres y Pol\u00edtica| Violencia machista mata"},"content":{"rendered":"\n<p class=\"wp-block-paragraph\"><strong>Soledad Jarqu\u00edn Edgar<\/strong><\/p>\n\n\n\n<p class=\"wp-block-paragraph\">SemM\u00e9xico, Oaxaca, 16 de enero del 2023.- La ense\u00f1anza patriarcal mandata que asumirse \u201chombre\u201d implica que los ni\u00f1os aprendan a actuar lejos, pero muy lejos, de los manatos de g\u00e9nero destinados a las mujeres, de lo contrario son objeto de denostaciones sexistas, machistas y mis\u00f3ginas. Para evitar ese \u201criesgo\u201d de parecer femeninos, a los ni\u00f1os se les infunde la fuerza, el riesgo, la intrepidez, la audacia desmedida y, claro, la violencia o saber responder a la violencia, m\u00e1s all\u00e1 de la defensa.<\/p>\n\n\n\n<p class=\"wp-block-paragraph\">La historia ha sido esa y hoy la realidad nos supera. Las pel\u00edculas de hace casi un siglo, los pleitos entre Pedro el Malo y Jorge el Bueno, resultan ser una caricatura de lo que vivimos como resultado de esa educaci\u00f3n. Las estad\u00edsticas lo revelan, el saldo de al menos 21 mil 500 hombres asesinados, principalmente por otros hombres, m\u00e1s otros 151 mil m\u00e1s lesionados con armas de fuego, blancas y otros objetos (como pudieran ser los golpes) y claro los 858 feminicidios que contabiliz\u00f3 el Secretariado Ejecutivo del Sistema Nacional de Seguridad P\u00fablica entre enero y noviembre del 2022, son la evidencia y el pan nuestro de cada d\u00eda, naturalizado entre la mayor\u00eda de la poblaci\u00f3n.<\/p>\n\n\n\n<p class=\"wp-block-paragraph\">S\u00ed, \u201cla violencia machista mata\u201d, como dice el eslogan feminista y eso se aprende desde la infancia, en los primeros a\u00f1os de escuela y se perfecciona, si se puede llamar de esa manera, con el tiempo, m\u00e1s a\u00fan cuando en lugar de indignarnos ante la violencia generalizada, cruel y terrible que todos los d\u00edas reportamos en los medios de comunicaci\u00f3n, hacemos apolog\u00eda de la violencia de muy diversas maneras, como sucedi\u00f3 en las celebraciones de muertos de noviembre del a\u00f1o pasado y era posible adquirir en algunos mercados horrorosas piesas de pl\u00e1stico de seres humanos desmembrados, personas embolsadas.<\/p>\n\n\n\n<figure class=\"wp-block-image size-full\"><a href=\"https:\/\/redsemlac.com\/semmexico\/wp-content\/uploads\/2023\/01\/pedro-el-malo-y-jorge-el-bueno.jpeg\"><img loading=\"lazy\" decoding=\"async\" width=\"800\" height=\"450\" src=\"https:\/\/redsemlac.com\/semmexico\/wp-content\/uploads\/2023\/01\/pedro-el-malo-y-jorge-el-bueno.jpeg\" alt=\"\" class=\"wp-image-61512\"\/><\/a><\/figure>\n\n\n\n<p class=\"wp-block-paragraph\">Tambi\u00e9n tenemos a la vista del p\u00fablico \u201cdisfraces\u201d para fiestas infantiles, como se hizo p\u00fablico el caso de un jugador de futbol. Otro ejemplo de estos juegos sucedido en una escuela p\u00fablica de un municipio de Oaxaca, donde ni\u00f1os y ni\u00f1as de toda la escuela deb\u00edan \u201ctraficar\u201d ladrillos envueltos en papel aluminio entre \u201cbandas\u201d de narco-ni\u00f1os, ganaba quien pod\u00eda transportar la mercanc\u00eda, quien no era eliminado en el peligroso ambiente escolar \u00bfes esto un juego de la infancia? S\u00ed, hoy lo es, nos ha superado la realidad. Es una versi\u00f3n moderna y peligrosa de polic\u00edas y ladrones donde lo que hay que demostrar es \u201cvalent\u00eda\u201d, la falta de miedo a la muerte, total \u201cla vida no vale nada\u201d y un ensayo de ganar dinero a manos llenas. Cuando el profesorado investig\u00f3 a las familias encontr\u00f3 lo que ya suponemos, todo lo vieron en la televisi\u00f3n.<\/p>\n\n\n\n<p class=\"wp-block-paragraph\">En un trabajo de sensibilizaci\u00f3n en escuelas primarias de la ciudad de Oaxaca, preguntaba a los ni\u00f1os de quinto y sexto grado \u00bfqu\u00e9 har\u00edan si otro ni\u00f1o los retaba a golpes? Y hasta se re\u00edan mucho porque les comentaba que en mis tiempos de Secundaria la sentencia era: \u201cnos vemos a la salida\u201d, no hab\u00eda vuelta de hoja, habr\u00eda bronca. Los ni\u00f1os del siglo XX invariablemente respond\u00edan casi a coro \u00a1claro que s\u00ed! Que enfrentar\u00edan a quien les hab\u00eda retado. Fueron contados los casos de ni\u00f1os que respond\u00edan que se negar\u00edan a golpearse con otro.<\/p>\n\n\n\n<p class=\"wp-block-paragraph\">Reitero la realidad nos supera. Les cuento en tres actos:<\/p>\n\n\n\n<p class=\"wp-block-paragraph\">Primer acto: A finales de diciembre en una taquer\u00eda del centro de la ciudad de Oaxaca, un cliente tom\u00f3 una gelatina que estaba sobre el mostrador. El taquero reclam\u00f3 la acci\u00f3n del cliente. Una tercera persona, otro cliente, se meti\u00f3 en la discusi\u00f3n. El cliente rega\u00f1ado por comerse la gelatina se retira a su autom\u00f3vil, regresa, apunta y dispara a ambos, taquero y tercero en discordia, caen muertos.<\/p>\n\n\n\n<p class=\"wp-block-paragraph\">Segundo acto: Un popular restaurante de la ciudad de M\u00e9xico, entre comida y bebida el ambiente se torna r\u00edspido. Al final, vienen los reclamos entre un mesero y el cliente, quien es sacado de la vista de la gente para ser golpeado y luego arrojado como basura a la calle. El cliente, quien aparentemente habr\u00eda reclamado el cobro de la propina, perdi\u00f3 la vida.<\/p>\n\n\n\n<p class=\"wp-block-paragraph\">Tercer acto: \u201cReo golpe\u00f3 a su esposa en visita conyugal porque no le gusto la comida\u201d, dice una nota period\u00edstica de septiembre de 2020, en un reclusorio de la Ciudad de M\u00e9xico. Sin m\u00e1s comentario.<\/p>\n\n\n\n<p class=\"wp-block-paragraph\">La violencia machista mata a los hombres como a las mujeres. Todos los d\u00edas vemos los resultados, exacerbados, ni duda, por la violencia que imponen los grupos delincuenciales y, m\u00e1s que nada, la impunidad, la corrupci\u00f3n y las m\u00faltiples equivocaciones del sistema; situaci\u00f3n que va acompa\u00f1ada de cientos de horas que cada d\u00eda transmiten principalmente las televisoras en toda clase de programaciones, incluyendo las televisoras de paga, donde la apolog\u00eda del delito es com\u00fan en las series o en pel\u00edculas. Y qu\u00e9 decir de esas redes sociales y esos informativos digitales como impresos que transmiten lecciones de violencia machista en su cada d\u00eda. O el sistema educativo que se niega a aceptar la educaci\u00f3n igualitaria, sin sesgos de g\u00e9nero, sin violencia machista.<\/p>\n\n\n\n<h1 class=\"wp-block-heading\">&nbsp;<\/h1>\n\n\n\n<p class=\"wp-block-paragraph\">Todo se engloba: vida cotidiana donde, queda claro no se puede tapar el sol con un dedo, la educaci\u00f3n patriarcal (que es global no solo en casa) permanece casi intocado, apenas lo hemos movido como un soplo de viento a un frondoso \u00e1rbol. Las instituciones de gobierno que no han hecho su tarea de prevenir la violencia, estamos inmersos en el discurso y el verbo pol\u00edtico, un distractor del grave problema social que hoy enfrentamos. Y los medios de comunicaci\u00f3n-redes sociales que act\u00faan bajo un ampl\u00edsimo paraguas reproduciendo lo que somos: una sociedad patriarcal. Ah\u00ed est\u00e1n los resultados, las estad\u00edsticas, rasuradas o manipuladas, de todos modos, muestran lo que vivimos: miles de personas asesinadas por esa sinraz\u00f3n de la violencia machista, mis\u00f3gina o sexista.<\/p>\n","protected":false},"excerpt":{"rendered":"<p>La ense\u00f1anza patriarcal mandata que asumirse \u201chombre\u201d implica que los ni\u00f1os aprendan a actuar lejos, pero muy lejos, de los manatos de g\u00e9nero destinados a las mujeres<\/p>\n","protected":false},"author":3,"featured_media":8460,"comment_status":"open","ping_status":"open","sticky":false,"template":"","format":"standard","meta":{"_monsterinsights_skip_tracking":false,"footnotes":""},"categories":[96,35,75],"tags":[],"class_list":["post-61511","post","type-post","status-publish","format-standard","has-post-thumbnail","category-mujeres-y-politica","category-opinion","category-soledad-jarquin-edgar"],"_links":{"self":[{"href":"https:\/\/redsemlac.com\/semmexico\/wp-json\/wp\/v2\/posts\/61511","targetHints":{"allow":["GET"]}}],"collection":[{"href":"https:\/\/redsemlac.com\/semmexico\/wp-json\/wp\/v2\/posts"}],"about":[{"href":"https:\/\/redsemlac.com\/semmexico\/wp-json\/wp\/v2\/types\/post"}],"author":[{"embeddable":true,"href":"https:\/\/redsemlac.com\/semmexico\/wp-json\/wp\/v2\/users\/3"}],"replies":[{"embeddable":true,"href":"https:\/\/redsemlac.com\/semmexico\/wp-json\/wp\/v2\/comments?post=61511"}],"version-history":[{"count":0,"href":"https:\/\/redsemlac.com\/semmexico\/wp-json\/wp\/v2\/posts\/61511\/revisions"}],"wp:featuredmedia":[{"embeddable":true,"href":"https:\/\/redsemlac.com\/semmexico\/wp-json\/wp\/v2\/media\/8460"}],"wp:attachment":[{"href":"https:\/\/redsemlac.com\/semmexico\/wp-json\/wp\/v2\/media?parent=61511"}],"wp:term":[{"taxonomy":"category","embeddable":true,"href":"https:\/\/redsemlac.com\/semmexico\/wp-json\/wp\/v2\/categories?post=61511"},{"taxonomy":"post_tag","embeddable":true,"href":"https:\/\/redsemlac.com\/semmexico\/wp-json\/wp\/v2\/tags?post=61511"}],"curies":[{"name":"wp","href":"https:\/\/api.w.org\/{rel}","templated":true}]}}