{"id":61508,"date":"2023-01-16T17:56:44","date_gmt":"2023-01-16T23:56:44","guid":{"rendered":"https:\/\/redsemlac.com\/semmexico\/?p=61508"},"modified":"2023-01-16T17:56:46","modified_gmt":"2023-01-16T23:56:46","slug":"colectivas-de-mujeres-firman-convenio-con-la-cadena-waldos-en-cdmx","status":"publish","type":"post","link":"https:\/\/redsemlac.com\/semmexico\/colectivas-de-mujeres-firman-convenio-con-la-cadena-waldos-en-cdmx\/","title":{"rendered":"Colectivas de mujeres firman convenio con la cadena Waldo\u00b4s en CdMx"},"content":{"rendered":"\n<ul class=\"wp-block-list\">\n<li><strong>Con este convenio \u201ctodas las tiendas de la cadena se van a volver un punto seguro para las mujeres\u201d.<\/strong><\/li>\n\n\n\n<li><strong>Waldo\u00b4s capacitar\u00e1 a sus trabajadoras y trabajadores para que sepan c\u00f3mo actuar cuando una mujer, ni\u00f1a o ni\u00f1o en riesgo, se acerque a sus instalaciones para pedir ayuda.<\/strong><\/li>\n<\/ul>\n\n\n\n<p class=\"wp-block-paragraph\"><strong>Mercedes Mart\u00ednez<\/strong><\/p>\n\n\n\n<p class=\"wp-block-paragraph\">SemM\u00e9xico, Ciudad de M\u00e9xico, 16 de enero del 2023.- Este lunes, las fundaciones Cam-Cai y Coraz\u00f3n Naranja firmaron un convenio con la cadena de tiendas de ventas al detalle de Waldo\u00b4s en la Ciudad de M\u00e9xico, con el objetivo de frenar la violencia en contra de las mujeres a nivel nacional.<\/p>\n\n\n\n<p class=\"wp-block-paragraph\">En la firma del documento participaron Mildred S\u00e1enz Torres, fundadora de Cam-Cai, Colectiva de Amorosas Madres Contra la Violencia Vicaria; y Yuliana Ivette Campos L\u00f3pez, directora de Coraz\u00f3n Naranja. Tambi\u00e9n particip\u00f3 personal de la Waldo\u00b4s, y de seguridad y derechos humanos.<\/p>\n\n\n\n<p class=\"wp-block-paragraph\">Con este convenio \u201ctodas las tiendas de la cadena se van a volver un punto seguro para las mujeres\u201d, dijo Mildred S\u00e1enz, frente al monumento de las Glorieta de las mujeres que luchan, sobre la avenida Reforma donde se celebr\u00f3 la firma del documento.<\/p>\n\n\n\n<p class=\"wp-block-paragraph\">S\u00e1enz explic\u00f3 que la cadena Waldo\u00b4s capacitar\u00e1 a sus trabajadoras y trabajadores para que sepan c\u00f3mo actuar cuando una mujer, ni\u00f1a o ni\u00f1o en riesgo, se acerque a sus instalaciones para pedir ayuda, y evitar que la situaci\u00f3n se agrave. Adem\u00e1s, se espera que autoridades capitalinas se sumen a este plan para que permita que los trabajadores\/as cuenten con mecanismos de comunicaci\u00f3n inmediata con el sistema de monitoreo del C5.<\/p>\n\n\n\n<p class=\"wp-block-paragraph\">Como parte del convenio tambi\u00e9n se espera que la empresa ofrezca empleo para mujeres en situaci\u00f3n de violencia.<\/p>\n\n\n\n<p class=\"wp-block-paragraph\">Por su parte, Campos L\u00f3pez, directora de Coraz\u00f3n Naranja, dijo que la iniciativa ya se encuentra en curso en el estado de Baja California. En dicha entidad ya se cuenta con la participaci\u00f3n directa del C4 de la secretar\u00eda de seguridad estatal.<\/p>\n\n\n\n<p class=\"wp-block-paragraph\">Campos comparti\u00f3 que la iniciativa naci\u00f3 a ra\u00edz de un atentado que sufri\u00f3 su familia. \u201cEl a\u00f1o pasado mi hija de entonces 19 a\u00f1os de edad fue v\u00edctima de un atentado en el bar Greenwich de Tijuana\u201d. La abogada relat\u00f3 que la joven fue apu\u00f1alada en el ba\u00f1o del lugar junto a su amiga, luego de que se negar\u00e1n a bailar con un hombre que se encontraba en dicho sitio. \u201cFue apu\u00f1alada junto a su amiga, el personal del lugar en vez de ayudarlas las humillaron&nbsp; y discriminaron\u201d. Ambas estudiantes de la licenciatura de derechos \u201cfueron sacadas del lugar\u201d tras el ataque.<\/p>\n\n\n\n<p class=\"wp-block-paragraph\">Ambas activistas hicieron un llamado a m\u00e1s empresas a unirse y convertirse en espacios seguros con conocimiento y capacitaci\u00f3n para prevenir un acto de violencia. \u201cNosotros capacitamos a todas las empresas dando protocolos de seguridad y trabajando de la mano con la seguridad de cada estado\u201d. Asimismo llamaron al gobierno a cargo de Claudia Sheinbaum y el titular de seguridad capitalina, Omar Garc\u00eda Harfuch para sumarse a la iniciativa.<\/p>\n\n\n\n<p class=\"wp-block-paragraph\">\u201cEn Tijuana hemos canalizado 450 empresas con la secretar\u00eda de seguridad estatal en Baja California\u201d, detall\u00f3 Campos.<\/p>\n\n\n\n<p class=\"wp-block-paragraph\">\u201cSabemos que la lucha de las madres no se tiene que quedar en juzgados y ministerios p\u00fablicos, este convenio es importante porque vamos a tener espacios seguros para las mujeres. Es una forma de empezar a erradicar la violencia contra las mujeres\u201d, agreg\u00f3 S\u00e1enz. \u201cQueremos ser ese hombro y unirnos con las fundaciones a favor de las mujeres en situaci\u00f3n de violencia dom\u00e9stica, patrimonial u obst\u00e9trica\u201d.<\/p>\n\n\n\n<p class=\"wp-block-paragraph\">SEM\/MG<\/p>\n","protected":false},"excerpt":{"rendered":"<p>Con este convenio \u201ctodas las tiendas de la cadena se van a volver un punto seguro para las mujeres\u201d.<\/p>\n","protected":false},"author":3,"featured_media":61509,"comment_status":"open","ping_status":"open","sticky":false,"template":"","format":"standard","meta":{"_monsterinsights_skip_tracking":false,"footnotes":""},"categories":[54],"tags":[],"class_list":["post-61508","post","type-post","status-publish","format-standard","has-post-thumbnail","category-mujeres"],"_links":{"self":[{"href":"https:\/\/redsemlac.com\/semmexico\/wp-json\/wp\/v2\/posts\/61508","targetHints":{"allow":["GET"]}}],"collection":[{"href":"https:\/\/redsemlac.com\/semmexico\/wp-json\/wp\/v2\/posts"}],"about":[{"href":"https:\/\/redsemlac.com\/semmexico\/wp-json\/wp\/v2\/types\/post"}],"author":[{"embeddable":true,"href":"https:\/\/redsemlac.com\/semmexico\/wp-json\/wp\/v2\/users\/3"}],"replies":[{"embeddable":true,"href":"https:\/\/redsemlac.com\/semmexico\/wp-json\/wp\/v2\/comments?post=61508"}],"version-history":[{"count":0,"href":"https:\/\/redsemlac.com\/semmexico\/wp-json\/wp\/v2\/posts\/61508\/revisions"}],"wp:featuredmedia":[{"embeddable":true,"href":"https:\/\/redsemlac.com\/semmexico\/wp-json\/wp\/v2\/media\/61509"}],"wp:attachment":[{"href":"https:\/\/redsemlac.com\/semmexico\/wp-json\/wp\/v2\/media?parent=61508"}],"wp:term":[{"taxonomy":"category","embeddable":true,"href":"https:\/\/redsemlac.com\/semmexico\/wp-json\/wp\/v2\/categories?post=61508"},{"taxonomy":"post_tag","embeddable":true,"href":"https:\/\/redsemlac.com\/semmexico\/wp-json\/wp\/v2\/tags?post=61508"}],"curies":[{"name":"wp","href":"https:\/\/api.w.org\/{rel}","templated":true}]}}