{"id":61505,"date":"2023-01-16T17:53:24","date_gmt":"2023-01-16T23:53:24","guid":{"rendered":"https:\/\/redsemlac.com\/semmexico\/?p=61505"},"modified":"2023-01-16T17:53:26","modified_gmt":"2023-01-16T23:53:26","slug":"riesgos-de-perder-rumbo-por-polarizacion-politica-monreal","status":"publish","type":"post","link":"https:\/\/redsemlac.com\/semmexico\/riesgos-de-perder-rumbo-por-polarizacion-politica-monreal\/","title":{"rendered":"Riesgos de perder rumbo por polarizaci\u00f3n pol\u00edtica: Monreal"},"content":{"rendered":"\n<ul class=\"wp-block-list\">\n<li><strong>En un art\u00edculo, el jefe pol\u00edtico de Morena en el Senado, advierte que las elecciones en el 2024 deber\u00e1n ser constitucionales.<\/strong><\/li>\n\n\n\n<li><strong>Pide \u201capartarnos\u201d de la ilegalidad y de las polarizaciones.<\/strong><\/li>\n<\/ul>\n\n\n\n<p class=\"wp-block-paragraph\"><strong>Redacci\u00f3n<\/strong><\/p>\n\n\n\n<p class=\"wp-block-paragraph\">SemM\u00e9xico, Ciudad de M\u00e9xico, 16 de enero del 2023.- El senador morenista Ricardo Monreal \u00c1vila llam\u00f3 a alejarse de la inconstitucionalidad para el proceso electoral del 2024, porque, advirti\u00f3, estamos ante el peligro de que el rumbo se pierda, debido a la polarizaci\u00f3n que proviene tanto de fuerzas externas como de internas al movimiento que hoy rige en el pa\u00eds.<\/p>\n\n\n\n<p class=\"wp-block-paragraph\">En un art\u00edculo que public\u00f3 en redes sociales subray\u00f3 que la polarizaci\u00f3n puede alejar de sus objetivos a la sociedad y al gobierno, coloc\u00e1ndolos en posiciones sin salida que poco abonan para solucionar los problemas y retos que se enfrentan.<\/p>\n\n\n\n<p class=\"wp-block-paragraph\">El coordinador de las senadoras y senadores de Morena, consider\u00f3 que, por el bien de M\u00e9xico, el proceso electoral del 2024 se tiene que alejar de la ilegalidad y de la polarizaci\u00f3n, y acercarse a la reconciliaci\u00f3n.<\/p>\n\n\n\n<p class=\"wp-block-paragraph\">\u201cDebe permitir a la ilusi\u00f3n imponerse al pesimismo; a la congruencia, frente a la necedad, y a la paz, delante de la violencia. En todas y todos est\u00e1, especialmente en la clase gobernante, dar paso al mejor de los tiempos, a la primavera de la esperanza\u201d, expres\u00f3 el senador.<\/p>\n\n\n\n<p class=\"wp-block-paragraph\">Monreal \u00c1vila expuso que el proceso a\u00fan no inicia y, sin embargo, ya presenta lo que se puede convertir en vicios y faltas a la Constituci\u00f3n.<\/p>\n\n\n\n<p class=\"wp-block-paragraph\">Agreg\u00f3 que la presencia de espectaculares y bardas que promocionan la imagen de aspirantes conforman una campa\u00f1a que, adem\u00e1s de adelantada y riesgosa para el Estado de derecho, representa un riesgo para el proceso de consolidaci\u00f3n democr\u00e1tica que se est\u00e1 llevando a cabo en el pa\u00eds.<\/p>\n\n\n\n<p class=\"wp-block-paragraph\">Consider\u00f3 que para M\u00e9xico este puede ser el mejor de los tiempos, porque finalmente contamos con un Gobierno leg\u00edtimo y democr\u00e1ticamente electo.<\/p>\n\n\n\n<p class=\"wp-block-paragraph\">Sin embargo, agreg\u00f3, tambi\u00e9n estamos ante el peligro de que el rumbo se pierda, debido a la polarizaci\u00f3n que proviene tanto de fuerzas externas como de internas al movimiento que hoy rige en el pa\u00eds; as\u00ed lo muestran los acontecimientos nacionales con que inici\u00f3 el 2023.<\/p>\n\n\n\n<p class=\"wp-block-paragraph\">Monreal \u00c1vila record\u00f3 que hace unos d\u00edas se llev\u00f3 a cabo en M\u00e9xico la X Cumbre de L\u00edderes de Am\u00e9rica del Norte. Los acuerdos alcanzados se enfocan en el fortalecimiento del bloque comercial m\u00e1s grande del mundo, pero el hilo conductor de la reuni\u00f3n fue, sin duda, el control de la migraci\u00f3n irregular y el combate a la violencia generada por el narcotr\u00e1fico.<\/p>\n\n\n\n<p class=\"wp-block-paragraph\">\u201cEstamos en un buen momento de entendimiento entre los tres pa\u00edses de la regi\u00f3n, pero tambi\u00e9n existe el riesgo de apartarnos y polarizarnos: las elecciones presidenciales que tendr\u00e1n lugar en M\u00e9xico y Estados Unidos en 2024, junto con las pol\u00edticas antimigratorias que el Congreso estadounidense aprob\u00f3, vaticinan que los acuerdos presentes pueden ser el combustible pol\u00edtico que se convierta en la bandera electoral de quienes busquen alcanzar la presidencia\u201d, puntualiz\u00f3.<\/p>\n\n\n\n<h2 class=\"wp-block-heading\"><strong>Texto \u00edntegro:&nbsp; Tiempos complejos<\/strong><\/h2>\n\n\n\n<p class=\"wp-block-paragraph\">\u201cEra el mejor de los tiempos y era el peor de los tiempos; la edad de la sabidur\u00eda y tambi\u00e9n de la locura; la \u00e9poca de las creencias y de la incredulidad; la era de la luz y de las tinieblas; la primavera de la esperanza y el invierno de la desesperaci\u00f3n\u201d.<\/p>\n\n\n\n<p class=\"wp-block-paragraph\">Con esta frase, Charles Dickens inici\u00f3 su novela Historia de dos ciudades. Ambientado en los inicios de la Revoluci\u00f3n francesa, la trama se desarrolla en dos urbes: Londres y Par\u00eds. La primera representaba el orden, la paz y la calma; la segunda, el caos, la ebullici\u00f3n propia de los conflictos sociales, la violencia y la desesperanza. Se trata de una dicotom\u00eda que actualmente puede ser observada en todos los niveles de la vida p\u00fablica:<\/p>\n\n\n\n<p class=\"wp-block-paragraph\">Regionalmente: hace unos d\u00edas se llev\u00f3 a cabo en M\u00e9xico la X Cumbre de L\u00edderes de Am\u00e9rica del Norte. Los acuerdos alcanzados se enfocan en el fortalecimiento del bloque comercial m\u00e1s grande del mundo, pero el hilo conductor de la reuni\u00f3n fue, sin duda, el control de la migraci\u00f3n irregular y el combate a la violencia generada por el narcotr\u00e1fico.<\/p>\n\n\n\n<p class=\"wp-block-paragraph\">Estamos en un buen momento de entendimiento entre los tres pa\u00edses de la regi\u00f3n, pero tambi\u00e9n existe el riesgo de apartarnos y polarizarnos: las elecciones presidenciales que tendr\u00e1n lugar en M\u00e9xico y Estados Unidos en 2024, junto con las pol\u00edticas antimigratorias que el Congreso estadounidense aprob\u00f3, vaticinan que los acuerdos presentes pueden ser el combustible pol\u00edtico que se convierta en la bandera electoral de quienes busquen alcanzar la presidencia en el pa\u00eds vecino.<\/p>\n\n\n\n<p class=\"wp-block-paragraph\">Nacionalmente: Antonio Gramsci escribi\u00f3 que \u201clas crisis consisten precisamente en el hecho de que lo viejo muere y lo nuevo no puede nacer.\u201d En esa etapa, conocida como interregno, nuestro pa\u00eds se sit\u00faa en la actualidad.<\/p>\n\n\n\n<p class=\"wp-block-paragraph\">Para M\u00e9xico este puede ser el mejor de los tiempos, porque finalmente contamos con un Gobierno leg\u00edtimo y democr\u00e1ticamente electo. Sin embargo, tambi\u00e9n estamos ante el peligro de que el rumbo se pierda, debido a la polarizaci\u00f3n que proviene tanto de fuerzas externas como de internas al movimiento que hoy rige en el pa\u00eds; as\u00ed lo muestran los acontecimientos nacionales con que inici\u00f3 el 2023.<\/p>\n\n\n\n<p class=\"wp-block-paragraph\">Ejemplo de c\u00f3mo la polarizaci\u00f3n puede desviarnos del rumbo deseado fue lo ocurrido despu\u00e9s de la reciente detenci\u00f3n de Ovidio Guzm\u00e1n. Se trat\u00f3 de un golpe significativo a la delincuencia organizada transnacional; sin embargo, la importancia del hecho fue minimizada y prevaleci\u00f3 la discusi\u00f3n violenta sobre la legitimidad de la acci\u00f3n, su origen y sus consecuencias.<\/p>\n\n\n\n<p class=\"wp-block-paragraph\">Lo mismo sucedi\u00f3 en el proceso de sucesi\u00f3n de la presidencia de la Suprema Corte de Justicia de la Naci\u00f3n, con la llegada de la primera mujer al cargo, Norma Pi\u00f1a, hecho que, al igual que la importancia de continuar con el proceso de reforma al interior del Poder Judicial, fue eclipsado por la guerra fratricida.<\/p>\n\n\n\n<p class=\"wp-block-paragraph\">Ambos episodios, distintos en su naturaleza, muestran que la polarizaci\u00f3n puede alejar de sus objetivos a la sociedad y al Gobierno, coloc\u00e1ndolos en posiciones sin salida que poco abonan para solucionar los problemas y retos que se enfrentan.<\/p>\n\n\n\n<p class=\"wp-block-paragraph\">Localmente: este a\u00f1o, elegir\u00e1n a sus gobernantes el Estado de M\u00e9xico -considerado el laboratorio electoral nacional- y Coahuila. Actualmente, MORENA y aliados gobiernan 22 entidades federativas, y el proceso comicial de 2023 podr\u00eda aumentar la cifra a 24, es decir, el 75 por ciento de los estados del pa\u00eds.<\/p>\n\n\n\n<p class=\"wp-block-paragraph\">Se trata de un momento sin precedente para la izquierda mexicana, que contrasta con las dificultades y complejidades que los ejecutivos locales enfrentan para poder gobernar en momentos de dificultades econ\u00f3micas, sociales y pol\u00edticas. Como ejemplo, est\u00e1n los accidentes ocurridos en el metro de la Ciudad de M\u00e9xico, las consecuencias del combate a la violencia y delincuencia que diversas administraciones estatales enfrentan y la aplicaci\u00f3n de presupuestos que resultan escasos para solventar las problem\u00e1ticas de las entidades federativas.<\/p>\n\n\n\n<p class=\"wp-block-paragraph\">Todo esto sucede en el contexto pol\u00edtico propio de 2023. En diciembre, los partidos y las coaliciones que se formen eligir\u00e1n a sus respectivos candidatos o candidatas a la Presidencia de la Rep\u00fablica. El proceso a\u00fan no inicia y, sin embargo, ya presenta lo que se puede convertir en vicios y faltas a la Constituci\u00f3n: la presencia de espectaculares y bardas que promocionan la imagen de aspirantes conforman una campa\u00f1a que, adem\u00e1s de adelantada y riesgosa para el Estado de derecho, representa un riesgo para el proceso de consolidaci\u00f3n democr\u00e1tica que se est\u00e1 llevando a cabo en el pa\u00eds.<\/p>\n\n\n\n<p class=\"wp-block-paragraph\">Por el bien de M\u00e9xico, este proceso se tiene que alejar de la ilegalidad y de la polarizaci\u00f3n, y acercarse a la reconciliaci\u00f3n. Debe permitir a la ilusi\u00f3n imponerse al pesimismo; a la congruencia, frente a la necedad, y a la paz, delante de la violencia. En todas y todos est\u00e1, especialmente en la clase gobernante, dar paso al mejor de los tiempos, a la primavera de la esperanza.<\/p>\n\n\n\n<p class=\"wp-block-paragraph\"><a href=\"mailto:ricardomonreala@yahoo.com.mx\">ricardomonreala@yahoo.com.mx<\/a> Twitter y Facebook: @RicardoMonrealA<\/p>\n","protected":false},"excerpt":{"rendered":"<p>En un art\u00edculo, el jefe pol\u00edtico de Morena en el Senado, advierte que las elecciones en el 2024 deber\u00e1n ser constitucionales.<\/p>\n","protected":false},"author":3,"featured_media":61506,"comment_status":"open","ping_status":"open","sticky":false,"template":"","format":"standard","meta":{"_monsterinsights_skip_tracking":false,"footnotes":""},"categories":[50],"tags":[],"class_list":["post-61505","post","type-post","status-publish","format-standard","has-post-thumbnail","category-congreso"],"_links":{"self":[{"href":"https:\/\/redsemlac.com\/semmexico\/wp-json\/wp\/v2\/posts\/61505","targetHints":{"allow":["GET"]}}],"collection":[{"href":"https:\/\/redsemlac.com\/semmexico\/wp-json\/wp\/v2\/posts"}],"about":[{"href":"https:\/\/redsemlac.com\/semmexico\/wp-json\/wp\/v2\/types\/post"}],"author":[{"embeddable":true,"href":"https:\/\/redsemlac.com\/semmexico\/wp-json\/wp\/v2\/users\/3"}],"replies":[{"embeddable":true,"href":"https:\/\/redsemlac.com\/semmexico\/wp-json\/wp\/v2\/comments?post=61505"}],"version-history":[{"count":0,"href":"https:\/\/redsemlac.com\/semmexico\/wp-json\/wp\/v2\/posts\/61505\/revisions"}],"wp:featuredmedia":[{"embeddable":true,"href":"https:\/\/redsemlac.com\/semmexico\/wp-json\/wp\/v2\/media\/61506"}],"wp:attachment":[{"href":"https:\/\/redsemlac.com\/semmexico\/wp-json\/wp\/v2\/media?parent=61505"}],"wp:term":[{"taxonomy":"category","embeddable":true,"href":"https:\/\/redsemlac.com\/semmexico\/wp-json\/wp\/v2\/categories?post=61505"},{"taxonomy":"post_tag","embeddable":true,"href":"https:\/\/redsemlac.com\/semmexico\/wp-json\/wp\/v2\/tags?post=61505"}],"curies":[{"name":"wp","href":"https:\/\/api.w.org\/{rel}","templated":true}]}}