{"id":61502,"date":"2023-01-16T16:25:24","date_gmt":"2023-01-16T22:25:24","guid":{"rendered":"https:\/\/redsemlac.com\/semmexico\/?p=61502"},"modified":"2023-01-16T16:25:27","modified_gmt":"2023-01-16T22:25:27","slug":"las-mujeres-sin-apoyo-del-gobierno-en-cuidado-de-menores-de-0-a-5-anos-de-edad","status":"publish","type":"post","link":"https:\/\/redsemlac.com\/semmexico\/las-mujeres-sin-apoyo-del-gobierno-en-cuidado-de-menores-de-0-a-5-anos-de-edad\/","title":{"rendered":"Las mujeres sin apoyo del gobierno en cuidado de menores de 0 a 5 a\u00f1os de edad"},"content":{"rendered":"\n<ul class=\"wp-block-list\">\n<li><strong>El Sistema Nacional de Cuidados estancado en el Senado.<\/strong><\/li>\n<\/ul>\n\n\n\n<p class=\"wp-block-paragraph\"><strong>Elda Montiel<\/strong><\/p>\n\n\n\n<p class=\"wp-block-paragraph\">SemM\u00e9xico, Ciudad de M\u00e9xico, 16 de enero del 2023.- Las guarder\u00edas p\u00fablicas apenas atienden al 3 por ciento de las y los menores de 0 a 6 a\u00f1os,lo que refleja que millones de ni\u00f1as y ni\u00f1os son cuidados por sus abuelas, mam\u00e1s (sin importar si trabajan fuera de casa o no ) o alg\u00fan familiar que generalmente es una mujer, de acuerdo a cifras del \u201cDiagn\u00f3stico y mapeo de evidencia sobre cuidado infantil en M\u00e9xico en colaboraci\u00f3n con del Fondo de las Naciones Unidas para la Infancia (UNICEF), y \u201cPobreza y cuidado infantil: un estudio cualitativo en hogares en M\u00e9xico\u201d del Consejo Nacional de Evaluaci\u00f3n de la Pol\u00edtica de Desarrollo Social (CONEVAL).<\/p>\n\n\n\n<p class=\"wp-block-paragraph\">De un universo de 14 millones de menores en el pa\u00eds, entre 0 y 6 a\u00f1os, se destaca el hecho de que apenas 486 mil 32 asistieron a los Centros de Atenci\u00f3n Infantil (CAI) profesionales, repartidos entre guarder\u00edas del IMSS, SEP, PEMEX, del ISSSTE o unidades del Sistema Nacional para el Desarrollo Integral de la Infancia (DIF) o centros privados. Esto refleja que 9 de cada 10 ni\u00f1os o ni\u00f1as est\u00e1n al cuidado de las madres, (trabajen o no) abuelas o hermanas mayores o t\u00edas sin conocimientos en pedagog\u00eda y en tensiones familiares.<\/p>\n\n\n\n<p class=\"wp-block-paragraph\">De acuerdo al CONEVAL son importantes los primeros a\u00f1os de vida en el desarrollo de ni\u00f1as y ni\u00f1os, porque representa una etapa en donde existen oportunidades de desarrollo, por lo que es importante detectar las vulnerabilidades como pobreza, dificultad para recibir una nutrici\u00f3n adecuada y oportunidades tempranas para aprender, por lo que es relevante contar con pol\u00edticas p\u00fablicas en un sistema integral de cuidados.<\/p>\n\n\n\n<p class=\"wp-block-paragraph\">En M\u00e9xico ya existe una iniciativa de Ley del Sistema Nacional de Cuidados, aprobada por la C\u00e1mara de Diputados en noviembre del 2020, sin embargo, esta atorada en la C\u00e1mara de Senadores a pesar de la integraci\u00f3n paritaria de la LXV Legislatura que parece atender&nbsp; otras prioridades de un gobierno que dice estar de acuerdo en reconocer el derecho al cuidado, pero no lo tiene en la agenda.<\/p>\n\n\n\n<p class=\"wp-block-paragraph\">La reforma aprobada al art\u00edculo 4 de la Constituci\u00f3n reconoce el derecho al cuidado, e indica que este ser\u00e1 garantizado por el Estado y establece la corresponsabilidad de los hombres, las familias, la comunidad, el mercado y el propio Estado, no solo de las mujeres. Y en el art\u00edculo 73 se ordena al Congreso expedir la Ley General del Sistema Nacional de Cuidados.&nbsp;&nbsp;<\/p>\n\n\n\n<p class=\"wp-block-paragraph\">El documento del CONEVAL se\u00f1ala que uno de los beneficios del cuidado infantil de calidad y los entornos de aprendizaje temprano es el relacionado con una mejor preparaci\u00f3n escolar, una reducci\u00f3n de las tasas de repetici\u00f3n y deserci\u00f3n escolar, y un mayor rendimiento en la escuela.<\/p>\n\n\n\n<p class=\"wp-block-paragraph\">Un segundo gran beneficio de invertir en cuidado infantil es la mayor participaci\u00f3n de las mujeres en el mercado laboral. La falta de cuidado infantil de calidad es una de las principales barreras de las mujeres al trabajo remunerado, lo que limita el tipo y la calidad de los empleos a los que tienen acceso. Muchas mujeres se ven obligadas a trabajar en empleos precarios, con bajos salarios y en la informalidad, a cambio de flexibilidad para cuidar a sus hijos\/hijas mientras trabajan, como lo ha documentado ONU Mujeres.<\/p>\n\n\n\n<p class=\"wp-block-paragraph\">De acuerdo al Censo de Poblaci\u00f3n y Vivienda 2020, en M\u00e9xico hay 12, 226,266 ni\u00f1as y ni\u00f1os entre cero a cinco a\u00f1os, de los cuales 50.6 % (6, 183,843) son hombres y 49.4 % (6, 042,423) mujeres. Esto representa a 9.7 % de la poblaci\u00f3n total mexicana. Chiapas es el estado con mayor proporci\u00f3n de ni\u00f1as y ni\u00f1os (m\u00e1s del 12.6 % de su poblaci\u00f3n es menor de cinco a\u00f1os), mientras que Ciudad de M\u00e9xico es la entidad con menor poblaci\u00f3n en esta edad con 6.4 %.<\/p>\n\n\n\n<p class=\"wp-block-paragraph\">El documento del CONEVAL se\u00f1ala que existen brechas importantes en el acceso a los cuidados dependiendo de la entidad. El n\u00famero de unidades total de cuidados profesional para las y los bebes y ni\u00f1os\/as peque\u00f1os es ya peque\u00f1o por s\u00ed mismo, considerando la poblaci\u00f3n objetivo 11,543 unidades registradas hasta diciembre del 2021.<\/p>\n\n\n\n<p class=\"wp-block-paragraph\">El problema se profundiza cuando se observa que solo el 13 por ciento de estas estancias infantiles o guarder\u00edas est\u00e1n localizadas en el Estado de M\u00e9xico<\/p>\n\n\n\n<p class=\"wp-block-paragraph\">Otra manera de verlo, es la tasa de centros de cuidado infantil&nbsp; respecto de la proporci\u00f3n de ni\u00f1as\/ni\u00f1os menores en entidades: En Morelos hay tres unidades por cada 1000 ni\u00f1os\/as de entre 0 y tres a\u00f1os, mientras que en Chiapas hay 0.6 unidades por cada 1000 ni\u00f1os\/as.&nbsp;<\/p>\n\n\n\n<h2 class=\"wp-block-heading\"><strong>El costo de los cuidados<\/strong><\/h2>\n\n\n\n<p class=\"wp-block-paragraph\">Se se\u00f1ala que el costo de los cuidados de acuerdo al Censo del 2020 en centros de atenci\u00f3n infantil ascendi\u00f3 a un promedio de 1,500 mensuales, mientras que en cuidados particulares fue casi de 2 mil pesos. Mientras que en los hogares este costo representa casi 2 mil pesos de acuerdo a la Encuesta Nacional de Uso del Tiempo (ENUT) 2019.<\/p>\n\n\n\n<p class=\"wp-block-paragraph\">Si se tiene en cuenta que el ingreso medio de las familias m\u00e1s pobres es de tres mil 313 pesos mensuales, no tienen posibilidad de pagar por cuidados. Los hogares m\u00e1s ricos tienen un ingreso de 54,427 pesos al mes, el gasto en guarder\u00edas o cuidados representar\u00eda un 5 por ciento de su ingreso.<\/p>\n\n\n\n<h2 class=\"wp-block-heading\"><strong>Precariedad de salarios de cuidados<\/strong><\/h2>\n\n\n\n<p class=\"wp-block-paragraph\">Al corte del 2020 hab\u00eda 317 mil 173 personas ocupadas en actividades de cuidados. Solo 24.5 % de estas cuidadoras\/es lo hacen en establecimientos infantiles, guarder\u00edas o escuelas preescolares; el 75 por ciento restante lo hace de manera particular en domicilios y de manera informal.<\/p>\n\n\n\n<p class=\"wp-block-paragraph\">Los ingresos laborales de las y los cuidadores asciende como m\u00e1ximo a dos salarios m\u00ednimos mensuales, de hecho, la mitad de quienes trabajan en hogares particulares cuidando menores de edad apenas llega a un salario m\u00ednimo.<\/p>\n\n\n\n<p class=\"wp-block-paragraph\">El cuidado remunerado de cuidados en hogares particulares es una forma m\u00e1s de esclavitud moderna, la mayor\u00eda de las trabajadoras son mujeres de las cuales 2 de cada 10 tienen jornadas laborales que exceden lo establecido por la ley, y adem\u00e1s son v\u00edctimas de violaciones a sus derechos humanos a trav\u00e9s de violencia f\u00edsica, emocional o sexual en sus lugares de trabajo contra su voluntad.<\/p>\n\n\n\n<h2 class=\"wp-block-heading\"><strong>Reducci\u00f3n de programas sociales para la primera infancia<\/strong><\/h2>\n\n\n\n<p class=\"wp-block-paragraph\">De acuerdo a datos del CONEVAL los Programas y Acciones de Desarrollo Social, entre 2010 y 2015, cuando exist\u00edan 10 programas en el \u00e1mbito federal, destinados al apoyo en la primera infancia tuvieron un presupuesto de 23,831 a 31,523 millones de pesos (un aumento de alrededor del 32.3 %).&nbsp;<\/p>\n\n\n\n<p class=\"wp-block-paragraph\">Sin embargo, a partir del 2015 no solo se experiment\u00f3 un descenso en el presupuesto, sino tambi\u00e9n se recortaron algunos programas, donde la ca\u00edda de inversi\u00f3n m\u00e1s significativa ocurri\u00f3 de 2018 a 2020, ya que disminuy\u00f3 cerca de 5,000 millones de pesos, aproximadamente, es decir, una reducci\u00f3n del 13 por ciento. Se pas\u00f3 de diez a siete programas entre 2015 y 2021; lo que tambi\u00e9n ocurre en el contexto de la pandemia por la COVID-19 y las afectaciones que esta represent\u00f3 para el presupuesto de los programas del gobierno.<\/p>\n\n\n\n<p class=\"wp-block-paragraph\">SEM\/MG<\/p>\n","protected":false},"excerpt":{"rendered":"<p>El Sistema Nacional de Cuidados estancado en el Senado.<\/p>\n","protected":false},"author":3,"featured_media":61503,"comment_status":"open","ping_status":"open","sticky":false,"template":"","format":"standard","meta":{"_monsterinsights_skip_tracking":false,"footnotes":""},"categories":[51],"tags":[],"class_list":["post-61502","post","type-post","status-publish","format-standard","has-post-thumbnail","category-ejecutivo"],"_links":{"self":[{"href":"https:\/\/redsemlac.com\/semmexico\/wp-json\/wp\/v2\/posts\/61502","targetHints":{"allow":["GET"]}}],"collection":[{"href":"https:\/\/redsemlac.com\/semmexico\/wp-json\/wp\/v2\/posts"}],"about":[{"href":"https:\/\/redsemlac.com\/semmexico\/wp-json\/wp\/v2\/types\/post"}],"author":[{"embeddable":true,"href":"https:\/\/redsemlac.com\/semmexico\/wp-json\/wp\/v2\/users\/3"}],"replies":[{"embeddable":true,"href":"https:\/\/redsemlac.com\/semmexico\/wp-json\/wp\/v2\/comments?post=61502"}],"version-history":[{"count":0,"href":"https:\/\/redsemlac.com\/semmexico\/wp-json\/wp\/v2\/posts\/61502\/revisions"}],"wp:featuredmedia":[{"embeddable":true,"href":"https:\/\/redsemlac.com\/semmexico\/wp-json\/wp\/v2\/media\/61503"}],"wp:attachment":[{"href":"https:\/\/redsemlac.com\/semmexico\/wp-json\/wp\/v2\/media?parent=61502"}],"wp:term":[{"taxonomy":"category","embeddable":true,"href":"https:\/\/redsemlac.com\/semmexico\/wp-json\/wp\/v2\/categories?post=61502"},{"taxonomy":"post_tag","embeddable":true,"href":"https:\/\/redsemlac.com\/semmexico\/wp-json\/wp\/v2\/tags?post=61502"}],"curies":[{"name":"wp","href":"https:\/\/api.w.org\/{rel}","templated":true}]}}