{"id":61496,"date":"2023-01-16T11:58:23","date_gmt":"2023-01-16T17:58:23","guid":{"rendered":"https:\/\/redsemlac.com\/semmexico\/?p=61496"},"modified":"2023-01-16T11:58:25","modified_gmt":"2023-01-16T17:58:25","slug":"opinion-la-ley-contra-desaparicion-forzada-cumple-5-anos","status":"publish","type":"post","link":"https:\/\/redsemlac.com\/semmexico\/opinion-la-ley-contra-desaparicion-forzada-cumple-5-anos\/","title":{"rendered":"Opini\u00f3n| La Ley contra desaparici\u00f3n forzada cumple 5 a\u00f1os"},"content":{"rendered":"\n<p class=\"wp-block-paragraph\"><strong>Ang\u00e9lica de la Pe\u00f1a*<\/strong><\/p>\n\n\n\n<p class=\"wp-block-paragraph\">SemM\u00e9xico\/ElSoldeM\u00e9xico, Ciudad de M\u00e9xico, 16 de enero del 2023.- La Ley General en Materia de Desaparici\u00f3n Forzada de Personas, Desaparici\u00f3n Cometida por Particulares y del Sistema Nacional de B\u00fasqueda de Personas se public\u00f3 hace 5 a\u00f1os, el 17 de noviembre de 2017. Con esta Ley se inici\u00f3 una nueva etapa de lucha de las familias que ten\u00edan, muchas de ellas, a\u00f1os buscando a sus seres queridos: una nueva esperanza iluminaba el terrible camino hacia encontrarles, saber la verdad sobre su paradero, o su suerte; castigar a los culpables. Recordemos 2010 y 2011 fueron a\u00f1os de terror para miles de familias, porque en ese lapso la desaparici\u00f3n de hombres y mujeres fue tan alta, que oblig\u00f3 a Calder\u00f3n reconocer como \u201cda\u00f1os colaterales\u201d los estragos de la guerra contra las drogas que emprendi\u00f3 usando al ej\u00e9rcito.<\/p>\n\n\n\n<p class=\"wp-block-paragraph\">La desaparici\u00f3n de personas se origin\u00f3 por la impunidad de los c\u00e1rteles, contra civiles que nada ten\u00edan que ver, por la consecuencia de delitos como la trata de personas, la tortura y de las ejecuciones extrajudiciales; por la corrupci\u00f3n y la impunidad en las corporaciones policiacas en los tres \u00f3rdenes de gobierno y de procuraci\u00f3n de justicia; se agrav\u00f3 por la presencia del ej\u00e9rcito y la marina en las calles, a quienes se les encomend\u00f3 funciones de seguridad p\u00fablica para las que no est\u00e1n capacitados\/as. Todo esto fue una tormenta perfecta que dio como consecuencia que much\u00edsimas personas de todas las clases sociales desaparezcan, y M\u00e9xico viviera, y siga viviendo, el terror.<\/p>\n\n\n\n<p class=\"wp-block-paragraph\">A Pe\u00f1a se le exigi\u00f3 una legislaci\u00f3n para reparar los da\u00f1os a las v\u00edctimas de violaciones a los derechos humanos y a v\u00edctimas de delitos. Tambi\u00e9n se exigi\u00f3 la revisi\u00f3n desde un enfoque jurisdiccional y de derechos humanos del delito de desaparici\u00f3n forzada, atendiendo la recomendaci\u00f3n de organismos internacionales de derechos humanos. Surge la necesidad de la creaci\u00f3n de un sistema nacional de b\u00fasqueda como responsabilidad del Estado que buscase con vida a quienes desaparecen, y que ordenara gen\u00e9ticamente el desastre de los restos humanos de miles de fosas clandestinas que se fueron encontrando por todo el pa\u00eds. Detener y castigar este grave delito como una responsabilidad de Estado.<\/p>\n\n\n\n<p class=\"wp-block-paragraph\">A\u00f1os de discusi\u00f3n con las familias de personas desaparecidas para lograr la Ley en esta materia, para dar esperanzas a decenas de miles de madres buscadoras. Sin embargo la desaparici\u00f3n de mujeres y hombres, incluso menores de edad, no se ha detenido.<\/p>\n\n\n\n<p class=\"wp-block-paragraph\">A 5 a\u00f1os de vigencia de la ley, el 2022 cerr\u00f3 con m\u00e1s de 109,000 personas desaparecidas seg\u00fan cifras oficiales. Este es el marco de Conmemoraci\u00f3n de la entrada en vigor de la Ley General convocado por la Oficina en M\u00e9xico del Alto Comisionado de las Naciones Unidas para los Derechos Humanos y por el Museo de Memoria y Tolerancia que se realizar\u00e1 hoy lunes 16 de enero. En este acto espero el subsecretario de SEGOB Alejandro Encinas explique porqu\u00e9 cada d\u00eda desaparecen m\u00e1s de 15 personas y marcadamente crecen las cifras de mujeres y ni\u00f1as y ni\u00f1os. Debe responder al Movimiento Nacional por Nuestros Desaparecidos y esperamos no le eche la culpa a una herencia pasada cuando tienen en funciones m\u00e1s de 4 a\u00f1os y tienen un marco jur\u00eddico para la investigaci\u00f3n, sanci\u00f3n, b\u00fasqueda y prevenci\u00f3n de este delito.<\/p>\n\n\n\n<p class=\"wp-block-paragraph\">El mensaje del Comit\u00e9 contra Desaparici\u00f3n Forzada de ONU seguro ser\u00e1 contundente: el Estado incumple la Convenci\u00f3n. \u00bfLa Ley? ah\u00ed la tienen, guardadita en la repisa de curiosidades.<\/p>\n\n\n\n<p class=\"wp-block-paragraph\">*Mujer pol\u00edtica de izquierda. Por convicci\u00f3n, defensora de los derechos humanos, especialmente de ni\u00f1as, adolescentes y mujeres. Actualmente presidenta de la Comisi\u00f3n de Derechos Humanos en la C\u00e1mara de Senadores.<\/p>\n","protected":false},"excerpt":{"rendered":"<p>La Ley General en Materia de Desaparici\u00f3n Forzada de Personas, Desaparici\u00f3n Cometida por Particulares y del Sistema Nacional de B\u00fasqueda de Personas se public\u00f3 hace 5 a\u00f1os<\/p>\n","protected":false},"author":3,"featured_media":61497,"comment_status":"open","ping_status":"open","sticky":false,"template":"","format":"standard","meta":{"_monsterinsights_skip_tracking":false,"footnotes":""},"categories":[82,110],"tags":[],"class_list":["post-61496","post","type-post","status-publish","format-standard","has-post-thumbnail","category-la-opinion","category-la-opinion-columnas"],"_links":{"self":[{"href":"https:\/\/redsemlac.com\/semmexico\/wp-json\/wp\/v2\/posts\/61496","targetHints":{"allow":["GET"]}}],"collection":[{"href":"https:\/\/redsemlac.com\/semmexico\/wp-json\/wp\/v2\/posts"}],"about":[{"href":"https:\/\/redsemlac.com\/semmexico\/wp-json\/wp\/v2\/types\/post"}],"author":[{"embeddable":true,"href":"https:\/\/redsemlac.com\/semmexico\/wp-json\/wp\/v2\/users\/3"}],"replies":[{"embeddable":true,"href":"https:\/\/redsemlac.com\/semmexico\/wp-json\/wp\/v2\/comments?post=61496"}],"version-history":[{"count":0,"href":"https:\/\/redsemlac.com\/semmexico\/wp-json\/wp\/v2\/posts\/61496\/revisions"}],"wp:featuredmedia":[{"embeddable":true,"href":"https:\/\/redsemlac.com\/semmexico\/wp-json\/wp\/v2\/media\/61497"}],"wp:attachment":[{"href":"https:\/\/redsemlac.com\/semmexico\/wp-json\/wp\/v2\/media?parent=61496"}],"wp:term":[{"taxonomy":"category","embeddable":true,"href":"https:\/\/redsemlac.com\/semmexico\/wp-json\/wp\/v2\/categories?post=61496"},{"taxonomy":"post_tag","embeddable":true,"href":"https:\/\/redsemlac.com\/semmexico\/wp-json\/wp\/v2\/tags?post=61496"}],"curies":[{"name":"wp","href":"https:\/\/api.w.org\/{rel}","templated":true}]}}