{"id":61488,"date":"2023-01-16T11:28:21","date_gmt":"2023-01-16T17:28:21","guid":{"rendered":"https:\/\/redsemlac.com\/semmexico\/?p=61488"},"modified":"2023-01-16T11:30:06","modified_gmt":"2023-01-16T17:30:06","slug":"porque-asi-lo-pienso-el-regalo-a-las-mujeres-en-castilla-y-leon","status":"publish","type":"post","link":"https:\/\/redsemlac.com\/semmexico\/porque-asi-lo-pienso-el-regalo-a-las-mujeres-en-castilla-y-leon\/","title":{"rendered":"Porque as\u00ed lo pienso!| El \u201cregalo\u201d a las mujeres en Castilla y Le\u00f3n"},"content":{"rendered":"\n<p class=\"wp-block-paragraph\"><strong>Teresa Moll\u00e1 Castells<\/strong><\/p>\n\n\n\n<p class=\"wp-block-paragraph\">SemM\u00e9xico, Espa\u00f1a, 16 de enero del 2023.- Despu\u00e9s del par\u00f3n por las fiestas navide\u00f1as nos encontramos con el regalito envenenado que el vicepresidente del gobierno de Castilla y Le\u00f3n ha propuesto hacer a las mujeres embarazadas de su comunidad: poner m\u00e1s trabas a su decisi\u00f3n libre de interrumpir su embarazo.<\/p>\n\n\n\n<p class=\"wp-block-paragraph\">Y es que la derecha, cuando se trata de la libertad sexual y reproductiva de las mujeres, de inmediato se pone de los nervios y a intentar por todos los medios anteponer la moral impuesta por sus creencias religiosas, a la plena libertad de las mujeres sobre sus cuerpos, su placer y su deseo o no de ser madres.<\/p>\n\n\n\n<p class=\"wp-block-paragraph\">Sin embargo, dentro de esa misma moral no entran restricciones a la libertad sexual y reproductiva de los hombres ya que en ning\u00fan momento se condenan sus \u201cvisitas\u201d a violar mujeres prostituidas, por ejemplo. O mantienen un silencio c\u00f3mplice con cada asesinato de mujeres a manos de sus parejas o exparejas. Muy \u201ccoherente\u201d todo con los hombres.<\/p>\n\n\n\n<p class=\"wp-block-paragraph\">Pero con las mujeres la cosa cambia. Y ocurre esto y as\u00ed, porque en el fondo, la derecha y la ultraderecha, a las mujeres nos consideran a las mujeres seres al servicio exclusivo de los deseos de los hombres y sin capacidad para decidir sobre nuestras propias vidas, sobre nuestros propios cuerpos y, por extensi\u00f3n, sobre nuestro placer propio.<\/p>\n\n\n\n<p class=\"wp-block-paragraph\">Si a esta concepci\u00f3n patrimonial de la posesi\u00f3n de las mujeres, le a\u00f1adimos la necesidad perentoria de control de su descendencia a trav\u00e9s de las gestaciones que ellos siguen sin poder realizar, nos encontraremos con situaciones muy \u201cdelicadas\u201d para sus intereses.<\/p>\n\n\n\n<p class=\"wp-block-paragraph\">Y situaciones \u201cdelicadas\u201d como consecuencia de la imposibilidad de gestar de los hombres pueden ser, como ya se hace, la compraventa de criaturas por vientres de alquiler de mujeres vulnerables econ\u00f3micamente, y ante lo cual, tambi\u00e9n existe un silencio c\u00f3mplice por parte de las instituciones religiosas. Curioso.<\/p>\n\n\n\n<p class=\"wp-block-paragraph\">O quiz\u00e1s no tan curioso, si tenemos en cuenta c\u00f3mo algunas congregaciones religiosas que dirig\u00edan algunos hospitales robaron criaturas, durante d\u00e9cadas de mujeres tanto solas, como con familias para entregarlas a gentes de posiciones elevadas a cambio de dinero. O, dicho de otro modo, ya ejercieron esta compraventa de criaturas hasta no hace demasiados a\u00f1os con la complicidad de estas instituciones religiosas que se espantan ante la posibilidad de una interrupci\u00f3n voluntaria del embarazo, pero que no tienen escr\u00fapulos a la hora de comerciar con criaturas arrancada de sus madres para ser vendidas.<\/p>\n\n\n\n<p class=\"wp-block-paragraph\">Y claro, el vicepresidente del gobierno de Castilla y Le\u00f3n, al parecer es creyente y, tambi\u00e9n al parecer, cree que su poder le debe de haber venido dado por la divinidad en la que cree. Se olvida que estamos en pleno siglo XXI y que, dejando aparte el hecho de que las mujeres tambi\u00e9n votamos, tenemos capacidad plena de decisi\u00f3n sobre nuestros cuerpos y no necesitamos pedir permiso ni para ser madres, ni para dejar de serlo si es lo que deseamos.<\/p>\n\n\n\n<p class=\"wp-block-paragraph\">Si lo que necesitaba era hacerse visible, aparte de por su poca o nula actividad, se ha sacado de la manga una machirulada y se ha quedado m\u00e1s ancho que largo. Porque esa es su esencia, la del \u201cporque yo lo ordeno\u201d. Se ha olvidado del poder del feminismo.<\/p>\n\n\n\n<p class=\"wp-block-paragraph\">Desde aqu\u00ed me voy a permitir recordarle lo que le ocurri\u00f3 a un ministro del PP que intent\u00f3 recortar este derecho de las mujeres: que el feminismo mont\u00f3 una de las mayores movilizaciones de la historia reciente, llamada \u201cEl tren de la libertad\u201d y qued\u00f3 obligado a dimitir. Y su reforma qued\u00f3 en el caj\u00f3n del olvido. Porque las mujeres salimos a la calle, para recodarle que nuestros derechos no se tocan. Se lo recuerdo, porque como es joven y excesivamente altivo, igual no se acuerda.<\/p>\n\n\n\n<p class=\"wp-block-paragraph\">Las feministas radicales no vamos a permitir que, en aras a su credo o su doctrina o, lo que es peor, en aras a \u201cpol\u00edticas de fomento de la natalidad\u201d como justific\u00f3 esta presunta medida el presidente de esa Comunidad Aut\u00f3noma, los derechos de las mujeres y sus libertades sean, de nuevo, pisoteados.<\/p>\n\n\n\n<p class=\"wp-block-paragraph\">Sus pol\u00edticas para fomentar la natalidad deber\u00edan pasar por fomentar servicios p\u00fablicos de calidad para ayudar a las madres, sobre todo a las monoparentales, pero en general a todas las familias a poder conciliar sus vidas laborales, familiares y personales. Insisto: fomentar servicios p\u00fablicos y de calidad y no desmantelarlos que es lo que mejor sabe hacer la derecha y la ultraderecha. Eso s\u00ed, a cambio de la dedicaci\u00f3n y el esfuerzo de las mujeres de las familias.<\/p>\n\n\n\n<p class=\"wp-block-paragraph\">Ahora han sido las mujeres de Castilla y Le\u00f3n, pero en feminismo tenemos una consigna y es que, si nos tocan a una, nos tocan a todas. As\u00ed que se\u00f1or Garc\u00eda-Gallardo, lleve cuidado, si no quiere acabar como el se\u00f1or Ru\u00edz Gallard\u00f3n. \u00a1Avisado queda!<\/p>\n\n\n\n<p class=\"wp-block-paragraph\"><a href=\"mailto:tmolla@telefonica.net\">tmolla@telefonica.net<\/a><\/p>\n","protected":false},"excerpt":{"rendered":"<p> Despu\u00e9s del par\u00f3n por las fiestas navide\u00f1as nos encontramos con el regalito envenenado que el vicepresidente del gobierno de Castilla y Le\u00f3n ha propuesto hacer a las mujeres embarazadas de su comunidad: poner m\u00e1s trabas a su decisi\u00f3n libre de interrumpir su embarazo.<\/p>\n","protected":false},"author":3,"featured_media":60189,"comment_status":"open","ping_status":"open","sticky":false,"template":"","format":"standard","meta":{"_monsterinsights_skip_tracking":false,"footnotes":""},"categories":[35,672,673],"tags":[459],"class_list":["post-61488","post","type-post","status-publish","format-standard","has-post-thumbnail","category-opinion","category-por-que-asi-lo-pienso","category-teresa-molla","tag-opinion"],"_links":{"self":[{"href":"https:\/\/redsemlac.com\/semmexico\/wp-json\/wp\/v2\/posts\/61488","targetHints":{"allow":["GET"]}}],"collection":[{"href":"https:\/\/redsemlac.com\/semmexico\/wp-json\/wp\/v2\/posts"}],"about":[{"href":"https:\/\/redsemlac.com\/semmexico\/wp-json\/wp\/v2\/types\/post"}],"author":[{"embeddable":true,"href":"https:\/\/redsemlac.com\/semmexico\/wp-json\/wp\/v2\/users\/3"}],"replies":[{"embeddable":true,"href":"https:\/\/redsemlac.com\/semmexico\/wp-json\/wp\/v2\/comments?post=61488"}],"version-history":[{"count":0,"href":"https:\/\/redsemlac.com\/semmexico\/wp-json\/wp\/v2\/posts\/61488\/revisions"}],"wp:featuredmedia":[{"embeddable":true,"href":"https:\/\/redsemlac.com\/semmexico\/wp-json\/wp\/v2\/media\/60189"}],"wp:attachment":[{"href":"https:\/\/redsemlac.com\/semmexico\/wp-json\/wp\/v2\/media?parent=61488"}],"wp:term":[{"taxonomy":"category","embeddable":true,"href":"https:\/\/redsemlac.com\/semmexico\/wp-json\/wp\/v2\/categories?post=61488"},{"taxonomy":"post_tag","embeddable":true,"href":"https:\/\/redsemlac.com\/semmexico\/wp-json\/wp\/v2\/tags?post=61488"}],"curies":[{"name":"wp","href":"https:\/\/api.w.org\/{rel}","templated":true}]}}