{"id":6144,"date":"2016-08-11T20:28:53","date_gmt":"2016-08-11T20:28:53","guid":{"rendered":"https:\/\/redsemlac.com\/semmexico\/?p=6144"},"modified":"2023-07-21T14:23:46","modified_gmt":"2023-07-21T19:23:46","slug":"violencia-contra-mujeres-vs-auto-valoracion-femenina","status":"publish","type":"post","link":"https:\/\/redsemlac.com\/semmexico\/violencia-contra-mujeres-vs-auto-valoracion-femenina\/","title":{"rendered":"Violencia contra mujeres vs auto valoraci\u00f3n femenina"},"content":{"rendered":"\n<p class=\"wp-block-paragraph\">Violencia contra mujeres vs auto valoraci\u00f3n femenina<\/p>\n\n\n\n<h5 class=\"wp-block-heading\"> Violencia contra mujeres vs auto valoraci\u00f3n femenina<\/h5>\n\n\n\n<p class=\"wp-block-paragraph\"><a href=\"https:\/\/semmexico.com\/gallery-post.php?id=251#\">Martha Barrag\u00e1n<\/a><\/p>\n\n\n\n<p class=\"wp-block-paragraph\">Martha Barrag\u00e1n<br><br>SemM\u00e9xico, 11 agosto 2016.- Me llam\u00f3 fuertemente la atenci\u00f3n que las mujeres asesinadas en Puebla estaban embarazadas y en algunos casos de hombre casados o con hombres que ten\u00edan otras parejas.&nbsp;<br>Lo primero que debo decir es que nada justifica la violencia hacia las mujeres ni en contra de ninguna persona.<br>Tambi\u00e9n me llam\u00f3 la atenci\u00f3n que en algunos casos, las parejas o esposas ayudaron a los agresores a cometer los homicidios contra esas mujeres embarazadas.&nbsp;<br>Esta situaci\u00f3n me lleva a invitarlos e invitarlas a reflexionar:<br>\u2013 \u00bfQu\u00e9 suceder\u00eda si las mujeres nos valor\u00e1ramos apropiadamente?<br>\u2013 \u00bfPensar\u00edamos que un hombre es un premio por el cual hay que pelear entre nosotras?<br>\u2013 \u00bfUna mujer que se valora le dar\u00eda una oportunidad de relacionarse con ella a un hombre comprometido con otra pareja?<br>\u2013 \u00bfSe debe tener una familia a cualquier precio?<br>\u2013 \u00bfLos modelos de familia son sanos para nuestra sociedad?<br>\u2013 \u00bfQui\u00e9n gana con el asesinato de una mujer embarazada?<br>\u2013 \u00bfSer\u00e1 que se est\u00e1 asesinando, la irresponsabilidad o la inseguridad masculina?<br>-\u00bfPor qu\u00e9 hay m\u00e1s \u00e1nimo de lastimar a la mujer infiel que al hombre infiel?<br>Estas preguntas tienen la intenci\u00f3n de que reflexionemos lo que est\u00e1 en nuestras manos y que podamos manejar, como es nuestra auto valoraci\u00f3n, nuestro autorespeto, nuestra autoaceptaci\u00f3n, autoaprecio y autoestima.&nbsp;<br>No podemos controlar a los hombres violentos que acechan all\u00e1 afuera pero si podemos estar tan empoderadas que nos podemos alejar de ellos. Y no ser tan vulnerables en lo interno que por carencias afectivas consideremos dar oportunidad a esos hombres, entrar en relaciones peligrosas y en los casos m\u00e1s terribles perder la vida.<br><br>\u00bfQu\u00e9 le dir\u00eda una mujer con estos valores en su m\u00e1s alto nivel a un hombre que es casado o con otra pareja?, me parece que no tendr\u00eda oportunidad de una segunda cita y mucho menos pasar\u00eda por su mente tratar de \u201catraparlo\u201d con un embarazo.&nbsp;<br>Aclaro que con estas reflexiones de ninguna manera argumentar\u00e9 que es \u201cculpa\u201d de ellas haber sido violentadas, lo \u00fanico que busco es reflexionar si poner alertas en todos los estados de nuestro pa\u00eds ser\u00e1 la \u00fanica soluci\u00f3n.&nbsp;<br>\u2013 \u00bfQu\u00e9 hay del trabajo preventivo?<br>\u2013 \u00bfQu\u00e9 tal si se destinan recursos a educar emocionalmente a hombres y mujeres?<br>\u2013 \u00bfQu\u00e9 tal que se capaciten a los mexicanos y mexicanas para relacionarnos sanamente?<br>\u2013 \u00bfQu\u00e9 tal que se trabaje en cambios culturales para que las ni\u00f1as y mujeres se reconozcan valiosas en la familia y en todos los \u00e1mbitos sociales?<br>\u2013 \u00bfQu\u00e9 tal que se eduque a los hombres hacia un nuevo modelo de ser var\u00f3n?<br>\u2013 \u00bfQu\u00e9 tal trabajar en la importancia de los valores en cualquier organizaci\u00f3n, empezando por la familia?<br>\u00bfQu\u00e9 suceder\u00eda si de una vez por todas se entendiera que el amor es un valor fundamental para detener nuestra autodestrucci\u00f3n?<br><br>\u00bfQu\u00e9 pasar\u00eda, t\u00fa qu\u00e9 crees que suceder\u00eda si vivieras en un mundo m\u00e1s amoroso?<br>Con amor y con muy poco humor\u2026 Mar<br><\/p>\n","protected":false},"excerpt":{"rendered":"<p>Violencia contra mujeres vs auto valoraci\u00f3n femenina Violencia contra mujeres vs auto valoraci\u00f3n femenina Martha Barrag\u00e1n Martha Barrag\u00e1n SemM\u00e9xico, 11 agosto 2016.- Me llam\u00f3 fuertemente la atenci\u00f3n que las mujeres asesinadas en Puebla estaban embarazadas y en algunos casos de hombre casados o con hombres que ten\u00edan otras parejas.&nbsp;Lo primero que debo decir es que [&hellip;]<\/p>\n","protected":false},"author":3,"featured_media":6145,"comment_status":"open","ping_status":"open","sticky":false,"template":"","format":"standard","meta":{"_monsterinsights_skip_tracking":false,"footnotes":""},"categories":[688,80,1],"tags":[],"class_list":["post-6144","post","type-post","status-publish","format-standard","has-post-thumbnail","category-688","category-martha-barragan","category-uncategorized"],"_links":{"self":[{"href":"https:\/\/redsemlac.com\/semmexico\/wp-json\/wp\/v2\/posts\/6144","targetHints":{"allow":["GET"]}}],"collection":[{"href":"https:\/\/redsemlac.com\/semmexico\/wp-json\/wp\/v2\/posts"}],"about":[{"href":"https:\/\/redsemlac.com\/semmexico\/wp-json\/wp\/v2\/types\/post"}],"author":[{"embeddable":true,"href":"https:\/\/redsemlac.com\/semmexico\/wp-json\/wp\/v2\/users\/3"}],"replies":[{"embeddable":true,"href":"https:\/\/redsemlac.com\/semmexico\/wp-json\/wp\/v2\/comments?post=6144"}],"version-history":[{"count":0,"href":"https:\/\/redsemlac.com\/semmexico\/wp-json\/wp\/v2\/posts\/6144\/revisions"}],"wp:featuredmedia":[{"embeddable":true,"href":"https:\/\/redsemlac.com\/semmexico\/wp-json\/wp\/v2\/media\/6145"}],"wp:attachment":[{"href":"https:\/\/redsemlac.com\/semmexico\/wp-json\/wp\/v2\/media?parent=6144"}],"wp:term":[{"taxonomy":"category","embeddable":true,"href":"https:\/\/redsemlac.com\/semmexico\/wp-json\/wp\/v2\/categories?post=6144"},{"taxonomy":"post_tag","embeddable":true,"href":"https:\/\/redsemlac.com\/semmexico\/wp-json\/wp\/v2\/tags?post=6144"}],"curies":[{"name":"wp","href":"https:\/\/api.w.org\/{rel}","templated":true}]}}